{"id":1220886,"date":"2026-08-07T03:45:16","date_gmt":"2026-08-07T03:45:16","guid":{"rendered":"https:\/\/www.europesays.com\/de\/1220886\/"},"modified":"2026-08-07T03:45:16","modified_gmt":"2026-08-07T03:45:16","slug":"theaterprojekt-berliner-volksbuehne-startet-in-schwimmsaison-2","status":"publish","type":"post","link":"https:\/\/www.europesays.com\/de\/1220886\/","title":{"rendered":"Theaterprojekt: Berliner Volksb\u00fchne startet in Schwimmsaison"},"content":{"rendered":"<p>Quelle: dpa Berlin\/Brandenburg<br \/>\n        7. August 2026, 3:30 Uhr\n    <\/p>\n<p>        Sie k\u00f6nnen sich Artikel der ZEIT in der Google-Suche nun bevorzugt anzeigen lassen.<\/p>\n<p>        <a class=\"zps-widget__icon\" href=\"https:\/\/www.google.com\/preferences\/source?q=zeit.de\" data-ct-label=\"Google Preferred Source Onboarding Widget Icon\" id=\"zps-link-icon-activate\" aria-label=\"ZEIT als bevorzugte Quelle bei Google aktivieren\" target=\"_blank\" rel=\"nofollow noopener\"><\/p>\n<p>        <\/a><\/p>\n<p>        Hinweis<\/p>\n<p class=\"article-notice__text\">DIE ZEIT hat diese Meldung redaktionell nicht bearbeitet. Sie wurde automatisch von der Deutschen Presse-Agentur (dpa) \u00fcbernommen.<\/p>\n<p>            <img decoding=\"async\" class=\"article__media-item\" src=\"https:\/\/www.europesays.com\/de\/wp-content\/uploads\/2026\/08\/1786074316_424_wide__660x371.jpeg\" alt=\"Theaterprojekt: Mitten in Berlin gibt es nun acht Wochen lang ein besonderes Schwimmbad. (Archivbild)\"\/><\/p>\n<p>                    Mitten in Berlin gibt es nun acht Wochen lang ein besonderes Schwimmbad. (Archivbild)<br \/>\n            \u00a9\u00a0Sebastian Christoph Gollnow\/\u200bdpa<\/p>\n<p class=\"paragraph article__item\">Vor der Berliner Volksb\u00fchne in Berlin-Mitte kann man in den kommenden acht Wochen schwimmen. Der neue Intendant Matthias Lilienthal will heute (12.30 Uhr) ein tempor\u00e4res Schwimmbecken er\u00f6ffnen. Es gibt kostenlose Zeitfenstertickets. Sie sind online buchbar.\n<\/p>\n<p>Aktuelles<\/p>\n<p>                <a href=\"https:\/\/www.zeit.de\/arbeit\/2026\/gehalt-lilienthal-vergleich-deutschland\" data-ct-label=\"Gehalt: So viel verdient man in Lilienthal\" data-uuid=\"f80a207d-9999-59e2-e1ec-9b541abb58ab\" rel=\"nofollow noopener\" target=\"_blank\"><\/p>\n<p>        Z+ (abopflichtiger Inhalt);<\/p>\n<p>    Gehalt:<br \/>\n                        So viel verdient man in Lilienthal<\/p>\n<p>                <\/a><\/p>\n<p>                <a href=\"https:\/\/www.zeit.de\/zeit-magazin\/2026\/31\/monja-gentschow-kuenstlerin-berlin-malerei-cover\" data-ct-label=\"Monja Gentschow: Sommer-Cover-Serie 2\/4\" data-uuid=\"d23ef82a-fe3c-41c6-8cfd-06ee0b9262e0\" rel=\"nofollow noopener\" target=\"_blank\"><\/p>\n<p>        Z+ (abopflichtiger Inhalt);<\/p>\n<p>    Monja Gentschow:<br \/>\n                        Sommer-Cover-Serie 2\/4<\/p>\n<p>                <\/a><\/p>\n<p>                <a href=\"https:\/\/www.zeit.de\/gesellschaft\/zeitgeschehen\/2026-07\/reflecting-pool-lincoln-memorial-renovierung-donald-trump\" data-ct-label=\"Reflecting Pool am Lincoln Memorial: Wasserbecken am Lincoln Memorial wird ausgepumpt\" data-uuid=\"5da93ece-f26f-4ed3-b093-913c0bfd1fec\" rel=\"nofollow noopener\" target=\"_blank\"><\/p>\n<p>                        Reflecting Pool am Lincoln Memorial:<br \/>\n                        Wasserbecken am Lincoln Memorial wird ausgepumpt<\/p>\n<p>                <\/a><\/p>\n<p class=\"paragraph article__item\">Mit dem Projekt \u00abVolksbad\u00bb beginnt Lilienthal seine Intendanz am Rosa-Luxemburg-Platz. W\u00e4hrend im Theater selbst noch die Obermaschinerie saniert wird, wurde f\u00fcr die n\u00e4chsten Wochen der tempor\u00e4re Pool aufgebaut.\u00a0\n<\/p>\n<p class=\"paragraph article__item\">Die Freibadaktion ist f\u00fcr Lilienthal auch ein Protest gegen den Verfall der Infrastruktur in der Stadt. Zum Programm geh\u00f6ren etwa auch ein Kraulkurs oder eine Einf\u00fchrung ins Synchronschwimmen. Die Spielzeit im Theater startet am 1. Oktober &#8211; bis dahin ist der Pool in Betrieb.\n<\/p>\n<p class=\"paragraph article__item\">\u00a9 dpa-infocom, dpa:260807-930-495306\/1<\/p>\n","protected":false},"excerpt":{"rendered":"Quelle: dpa Berlin\/Brandenburg 7. August 2026, 3:30 Uhr Sie k\u00f6nnen sich Artikel der ZEIT in der Google-Suche nun&hellip;\n","protected":false},"author":2,"featured_media":1220887,"comment_status":"","ping_status":"","sticky":false,"template":"","format":"standard","meta":{"footnotes":"","_share_on_mastodon":"0"},"categories":[1825],"tags":[20373,1941,1939,296,2572,1937,29,30,132898,1940,15,1938,112900,25978,49317,253839],"class_list":["post-1220886","post","type-post","status-publish","format-standard","has-post-thumbnail","category-berlin","tag-schwimmen","tag-aktuelle-nachrichten-aus-berlin","tag-aktuelle-news-aus-berlin","tag-berlin","tag-berlin-mitte","tag-berlin-news","tag-deutschland","tag-germany","tag-matthias-lilienthal","tag-nachrichten-aus-berlin","tag-news","tag-news-aus-berlin","tag-schwimmsaison","tag-theaterprojekt","tag-volksbuehne-berlin","tag-zeitfensterticket"],"share_on_mastodon":{"url":"https:\/\/pubeurope.com\/@de\/117052173933968053","error":""},"_links":{"self":[{"href":"https:\/\/www.europesays.com\/de\/wp-json\/wp\/v2\/posts\/1220886","targetHints":{"allow":["GET"]}}],"collection":[{"href":"https:\/\/www.europesays.com\/de\/wp-json\/wp\/v2\/posts"}],"about":[{"href":"https:\/\/www.europesays.com\/de\/wp-json\/wp\/v2\/types\/post"}],"author":[{"embeddable":true,"href":"https:\/\/www.europesays.com\/de\/wp-json\/wp\/v2\/users\/2"}],"replies":[{"embeddable":true,"href":"https:\/\/www.europesays.com\/de\/wp-json\/wp\/v2\/comments?post=1220886"}],"version-history":[{"count":0,"href":"https:\/\/www.europesays.com\/de\/wp-json\/wp\/v2\/posts\/1220886\/revisions"}],"wp:featuredmedia":[{"embeddable":true,"href":"https:\/\/www.europesays.com\/de\/wp-json\/wp\/v2\/media\/1220887"}],"wp:attachment":[{"href":"https:\/\/www.europesays.com\/de\/wp-json\/wp\/v2\/media?parent=1220886"}],"wp:term":[{"taxonomy":"category","embeddable":true,"href":"https:\/\/www.europesays.com\/de\/wp-json\/wp\/v2\/categories?post=1220886"},{"taxonomy":"post_tag","embeddable":true,"href":"https:\/\/www.europesays.com\/de\/wp-json\/wp\/v2\/tags?post=1220886"}],"curies":[{"name":"wp","href":"https:\/\/api.w.org\/{rel}","templated":true}]}}