{"id":1220919,"date":"2026-08-07T04:05:26","date_gmt":"2026-08-07T04:05:26","guid":{"rendered":"https:\/\/www.europesays.com\/de\/1220919\/"},"modified":"2026-08-07T04:05:26","modified_gmt":"2026-08-07T04:05:26","slug":"flughafen-leipzig-halle-von-profis-gebaut-im-handel-nicht-erhaeltlich","status":"publish","type":"post","link":"https:\/\/www.europesays.com\/de\/1220919\/","title":{"rendered":"Flughafen Leipzig\/Halle: Von Profis gebaut, im Handel nicht erh\u00e4ltlich"},"content":{"rendered":"<p>\n                        Was sind das f\u00fcr Drohnen, die regelm\u00e4\u00dfig \u00fcber Deutschland kreisen? Bislang hatten Ermittler keine Antwort. Nach dem Leipziger Vorfall k\u00f6nnten sie bald schlauer sein.\n                    <\/p>\n<p>        6. August 2026, 19:59 Uhr\n    <\/p>\n<p>                7 Min.<\/p>\n<p>        <a class=\"z-text-button\" href=\"#comments\" title=\"Kommentare anzeigen\" data-ct-row=\"comments\" data-ct-column=\"false\"><\/p>\n<p>            107 Kommentare<br \/>\n        <\/a><\/p>\n<p>Zusammenfassen<\/p>\n<p>                Schlie\u00dfen<br \/>\n                Artikelzusammenfassung<\/p>\n<p>Eine Sprengstoffdrohne am Leipziger Flughafen hat die deutsche Sicherheitspolitik aus der Sommerpause gerissen. Nachdem das professionell gebaute, per LTE gesteuerte Ger\u00e4t in der Nacht zuf\u00e4llig entdeckt und wohl erst durch den beherzten Kick eines Busfahrers unsch\u00e4dlich gemacht wurde, begann ein Ermittlungs-Krimi zwischen Antonov-Frachtern, Semtex-Spuren und der bangen Frage, warum es nicht zur Explosion kam. Im politischen Backend kursieren seither mehrere Szenarien \u2013 von russischer Sabotage im Modus hybrider Kriegsf\u00fchrung bis zur deutlich d\u00fcnneren False-Flag-Theorie mit ukrainischen Urhebern \u2013, wobei Sicherheitskreise Moskau f\u00fcr den plausibleren Player halten, auch wenn die ber\u00fchmte Smoking Gun wie so oft fehlt. Der Fall f\u00fcgt sich in ein gr\u00f6\u00dferes Lagebild aus ausgesp\u00e4hten Kraftwerken, umkreisten LNG-Terminals und attackierter Logistik ein und wirkt damit wie ein d\u00fcsterer Trailer f\u00fcr die Frage, ob hier nicht nur Schaden angerichtet, sondern auch Deutschlands Reaktionsf\u00e4higkeit getestet werden sollte. Zugleich legt der Vorfall schonungslos offen, dass die Drohnenabwehr hierzulande trotz Beh\u00f6rdenjargon, Zust\u00e4ndigkeits-Pingpong und neuem Abwehrzentrum eher St\u00fcckwerk als Schutzschild ist \u2013 ein Sicherheitssetup, das gegen Hightech aus dem Schattenreich bislang erschreckend alt aussieht.<\/p>\n<p>                Diese Zusammenfassung wurde mithilfe von K\u00fcnstlicher Intelligenz erstellt. Vereinzelt kann es dabei zu Fehlern kommen.<\/p>\n<p class=\"summy__feedback-paragraph\">Fanden Sie die Zusammenfassung hilfreich? <\/p>\n<p>                        Gef\u00e4llt mir<\/p>\n<p>                        Gef\u00e4llt mir<\/p>\n<p>                        Gef\u00e4llt mir nicht<\/p>\n<p>                        Gef\u00e4llt mir nicht<\/p>\n<p>                        Send<\/p>\n<p>            <img decoding=\"async\" class=\"article__media-item\" src=\"https:\/\/www.europesays.com\/de\/wp-content\/uploads\/2026\/08\/1786075526_468_wide__1000x562.jpeg\" alt=\"Flughafen Leipzig\/Halle: Spezialisten der Bundespolizei auf dem Rollfeld des Flughafens Leipzig\/Halle\"\/><\/p>\n<p>                    Spezialisten der Bundespolizei auf dem Rollfeld des Flughafens Leipzig\/Halle<br \/>\n            \u00a9\u00a0EHL Media\/\u200bimago images<\/p>\n<p class=\"paragraph\">Wenn sich deutsche Innenpolitiker in die Sommerpause<br \/>\nverabschieden, dann geben sie sich manchmal einen guten Wunsch mit: \u00bbHoffentlich<br \/>\npassiert nichts!\u00ab Was sie meinen: hoffentlich kein Anschlag, keine nationale Notlage. Denn das<br \/>\nw\u00e4re erstens, logisch, eine schlechte Nachricht f\u00fcr das ganze Land. Und<br \/>\nzweitens w\u00e4re der Urlaub eines Innenpolitikers dann kein Urlaub mehr.\n<\/p>\n<p class=\"paragraph\">In diesem Sommer hat sich jedenfalls der gute Wunsch nicht<br \/>\nerf\u00fcllt. Seit in der Nacht auf Donnerstag am Leipziger Flughafen eine mit<br \/>\nSprengstoff beladene Drohne zuf\u00e4llig entdeckt wurde, ist das Land in Aufregung.<br \/>\nInnenminister Alexander Dobrindt (CSU) unterbrach seinen Urlaub, um nach<br \/>\n<a class=\"rtr-entity\" href=\"https:\/\/www.zeit.de\/thema\/leipzig\" rel=\"nofollow noopener\" target=\"_blank\">Leipzig<\/a> zu reisen. Und die Innen- und Verteidigungspolitiker des Bundestags<br \/>\nwurden am Donnerstag von einer Reihe Staatssekret\u00e4ren \u00fcber die Vorf\u00e4lle<br \/>\ninformiert.<\/p>\n","protected":false},"excerpt":{"rendered":"Was sind das f\u00fcr Drohnen, die regelm\u00e4\u00dfig \u00fcber Deutschland kreisen? Bislang hatten Ermittler keine Antwort. Nach dem Leipziger&hellip;\n","protected":false},"author":2,"featured_media":1220920,"comment_status":"","ping_status":"","sticky":false,"template":"","format":"standard","meta":{"footnotes":"","_share_on_mastodon":"0"},"categories":[1860],"tags":[20,1180,774,3364,29,10076,2386,548,663,3934,7563,30,4062,17332,13,7539,71,14,15,16,307,17331,860,12,2021],"class_list":["post-1220919","post","type-post","status-publish","format-standard","has-post-thumbnail","category-halle-saale","tag-alexander-dobrindt","tag-bundestag","tag-csu","tag-de","tag-deutschland","tag-dhl","tag-dresden","tag-eu","tag-europa","tag-europe","tag-flughafen-leipzig-halle","tag-germany","tag-halle","tag-halle-saale","tag-headlines","tag-innenministerium","tag-leipzig","tag-nachrichten","tag-news","tag-politik","tag-russland","tag-saale","tag-sachsen-anhalt","tag-schlagzeilen","tag-zeit"],"share_on_mastodon":{"url":"https:\/\/pubeurope.com\/@de\/117052252439201029","error":""},"_links":{"self":[{"href":"https:\/\/www.europesays.com\/de\/wp-json\/wp\/v2\/posts\/1220919","targetHints":{"allow":["GET"]}}],"collection":[{"href":"https:\/\/www.europesays.com\/de\/wp-json\/wp\/v2\/posts"}],"about":[{"href":"https:\/\/www.europesays.com\/de\/wp-json\/wp\/v2\/types\/post"}],"author":[{"embeddable":true,"href":"https:\/\/www.europesays.com\/de\/wp-json\/wp\/v2\/users\/2"}],"replies":[{"embeddable":true,"href":"https:\/\/www.europesays.com\/de\/wp-json\/wp\/v2\/comments?post=1220919"}],"version-history":[{"count":0,"href":"https:\/\/www.europesays.com\/de\/wp-json\/wp\/v2\/posts\/1220919\/revisions"}],"wp:featuredmedia":[{"embeddable":true,"href":"https:\/\/www.europesays.com\/de\/wp-json\/wp\/v2\/media\/1220920"}],"wp:attachment":[{"href":"https:\/\/www.europesays.com\/de\/wp-json\/wp\/v2\/media?parent=1220919"}],"wp:term":[{"taxonomy":"category","embeddable":true,"href":"https:\/\/www.europesays.com\/de\/wp-json\/wp\/v2\/categories?post=1220919"},{"taxonomy":"post_tag","embeddable":true,"href":"https:\/\/www.europesays.com\/de\/wp-json\/wp\/v2\/tags?post=1220919"}],"curies":[{"name":"wp","href":"https:\/\/api.w.org\/{rel}","templated":true}]}}