{"id":1221246,"date":"2026-08-07T07:34:15","date_gmt":"2026-08-07T07:34:15","guid":{"rendered":"https:\/\/www.europesays.com\/de\/1221246\/"},"modified":"2026-08-07T07:34:15","modified_gmt":"2026-08-07T07:34:15","slug":"so-sehen-sie-bochum-hertha-bsc-live-im-free-tv-eroeffnungsspiel-der-2-liga-fussball","status":"publish","type":"post","link":"https:\/\/www.europesays.com\/de\/1221246\/","title":{"rendered":"So sehen Sie Bochum \u2013 Hertha BSC live im Free-TV! Er\u00f6ffnungsspiel der 2. Liga | Fu\u00dfball"},"content":{"rendered":"<p><b>Die <\/b><a href=\"https:\/\/sportbild.bild.de\/fussball\/2-liga\/2-bundesliga\/home-33205782.sport.html\" class=\"text-link\" rel=\"nofollow noopener\" target=\"_blank\"><b>2. Bundesliga<\/b><\/a><b> ist zur\u00fcck und startet direkt mit einem Traditionsduell. Zum Auftakt der neuen Saison empf\u00e4ngt der VfL Bochum am Freitagabend <\/b><a href=\"https:\/\/sportbild.bild.de\/bundesliga\/vereine\/hertha-bsc\/home-33283810.sport.html\" class=\"text-link\" rel=\"nofollow noopener\" target=\"_blank\"><b>Hertha BSC<\/b><\/a><b>. SPORT BILD hat alle Infos zum Spiel f\u00fcr Sie.<\/b><\/p>\n<p>Nach dem Bundesliga-Abstieg in der Saison 2024\/25 wollen die <a href=\"https:\/\/sportbild.bild.de\/bundesliga\/vereine\/vfl-bochum\/home-76590662.sport.html\" class=\"text-link\" rel=\"nofollow noopener\" target=\"_blank\">Bochumer<\/a> den Wiederaufstieg ins Visier nehmen. Die Hertha geht dagegen bereits in ihre vierte Zweitliga-Saison und steht nach dem Abgang zahlreicher Leistungstr\u00e4ger vor einem gro\u00dfen Umbruch. Trotz der vielen Ver\u00e4nderungen blickt Mittelfeldspieler Paul Seguin (31) optimistisch auf die neue Spielzeit.<\/p>\n<p>\u201eIch will wieder Bundesliga spielen. Wenn ich sagen w\u00fcrde, ich will nicht mit Hertha in die Bundesliga, w\u00fcrde ich l\u00fcgen. Trotzdem m\u00fcssen alle im Verein und in Berlin akzeptieren: Hertha geht in sein viertes Zweitliga-Jahr. Hertha ist ein Zweitligist und muss so denken und handeln wie einer\u201c, so der Mittelfeldmann im \u201ekicker\u201c.<\/p>\n<p>Mehr zum ThemaWird Bochum \u2013 Hertha live im Free-TV \u00fcbertragen?<\/p>\n<p>Das Er\u00f6ffnungsspiel der 2. Bundesliga zwischen dem VfL Bochum und Hertha BSC wird am Freitag live im Free-TV bei Sat.1 gezeigt. Die \u00dcbertragung startet um 19.50 Uhr, ehe um 20.30 Uhr der Anpfiff ert\u00f6nt. Au\u00dferdem \u00fcbertragen sowohl Sky Sport Bundesliga als auch der <a href=\"https:\/\/ib.adnxs-simple.com\/clktrb?id=826948&amp;gdpr=1&amp;gdpr_consent=0&amp;cachebuster=$%7BCACHEBUSTER%7D&amp;t=2\" target=\"_blank\" rel=\"nofollow noopener\" class=\"text-link\">kostenpflichtige Streamingdienst WOW (Anzeige)<\/a> die Partie.<\/p>\n<p><a href=\"https:\/\/sportdaten.sportbild.bild.de\/fussball\/2-bundesliga\/ma12193594\/vfl-bochum_hertha-bsc\/liveticker\/\" target=\"_blank\" rel=\"nofollow noopener\" class=\"text-link\">Alternativ k\u00f6nnen Sie das Duell hier im Live-Ticker bei SPORTBILD.de verfolgen.<\/a><\/p>\n<p>Hertha startet mit neuem Gesicht<\/p>\n<p>Die Berliner haben im Sommer unter anderem Fabian Reese, Micha\u00ebl Cuisance, Tjark Ernst und Michael Karbownik verloren. Bislang kam mit Oluwaseun Adewumi lediglich ein Neuzugang auf Leih-Basis. Gesch\u00e4ftsf\u00fchrer Peter G\u00f6rlich formulierte deshalb ein zur\u00fcckhaltendes Saisonziel und sprach gegen\u00fcber dem \u201erbb\u201c von einem \u201eeinstelligen Tabellenplatz mit einer maximalen Ambition nach vorne\u201c.<\/p>\n<p>Seguin glaubt dennoch an die Qualit\u00e4t der Mannschaft: \u201eWir haben immer noch eine gute Qualit\u00e4t, aber sind in der Breite nicht mehr so stark wie letzte Saison. Das kann aber auch ein Vorteil sein. Dadurch kann sich innerhalb einer Gruppe eine neue Dynamik entwickeln.\u201c <\/p>\n","protected":false},"excerpt":{"rendered":"Die 2. Bundesliga ist zur\u00fcck und startet direkt mit einem Traditionsduell. Zum Auftakt der neuen Saison empf\u00e4ngt der&hellip;\n","protected":false},"author":2,"featured_media":1221247,"comment_status":"","ping_status":"","sticky":false,"template":"","format":"standard","meta":{"footnotes":"","_share_on_mastodon":"0"},"categories":[1839],"tags":[7507,3364,29,347,30,1088,5426,1209,640,13002,97423,4222,253903,1927,8173,784],"class_list":["post-1221246","post","type-post","status-publish","format-standard","has-post-thumbnail","category-bochum","tag-bochum","tag-de","tag-deutschland","tag-fussball","tag-germany","tag-hertha-bsc","tag-live-ticker","tag-nordrhein-westfalen","tag-rtl","tag-sat-1","tag-seguin-paul","tag-sky","tag-sky-sport-news","tag-sport-standard","tag-vfl-bochum","tag-zweite-bundesliga"],"share_on_mastodon":{"url":"https:\/\/pubeurope.com\/@de\/117053073789360638","error":""},"_links":{"self":[{"href":"https:\/\/www.europesays.com\/de\/wp-json\/wp\/v2\/posts\/1221246","targetHints":{"allow":["GET"]}}],"collection":[{"href":"https:\/\/www.europesays.com\/de\/wp-json\/wp\/v2\/posts"}],"about":[{"href":"https:\/\/www.europesays.com\/de\/wp-json\/wp\/v2\/types\/post"}],"author":[{"embeddable":true,"href":"https:\/\/www.europesays.com\/de\/wp-json\/wp\/v2\/users\/2"}],"replies":[{"embeddable":true,"href":"https:\/\/www.europesays.com\/de\/wp-json\/wp\/v2\/comments?post=1221246"}],"version-history":[{"count":0,"href":"https:\/\/www.europesays.com\/de\/wp-json\/wp\/v2\/posts\/1221246\/revisions"}],"wp:featuredmedia":[{"embeddable":true,"href":"https:\/\/www.europesays.com\/de\/wp-json\/wp\/v2\/media\/1221247"}],"wp:attachment":[{"href":"https:\/\/www.europesays.com\/de\/wp-json\/wp\/v2\/media?parent=1221246"}],"wp:term":[{"taxonomy":"category","embeddable":true,"href":"https:\/\/www.europesays.com\/de\/wp-json\/wp\/v2\/categories?post=1221246"},{"taxonomy":"post_tag","embeddable":true,"href":"https:\/\/www.europesays.com\/de\/wp-json\/wp\/v2\/tags?post=1221246"}],"curies":[{"name":"wp","href":"https:\/\/api.w.org\/{rel}","templated":true}]}}