{"id":1221255,"date":"2026-08-07T07:42:31","date_gmt":"2026-08-07T07:42:31","guid":{"rendered":"https:\/\/www.europesays.com\/de\/1221255\/"},"modified":"2026-08-07T07:42:31","modified_gmt":"2026-08-07T07:42:31","slug":"gt-world-challenge-europe-endurance-cup-gastiert-ende-august-wieder-auf-dem-nuerburgring-2","status":"publish","type":"post","link":"https:\/\/www.europesays.com\/de\/1221255\/","title":{"rendered":"GT World Challenge Europe Endurance Cup gastiert Ende August wieder auf dem N\u00fcrburgring"},"content":{"rendered":"<p>Wenn vom 28. bis 30. August die GT World Challenge Europe powered by AWS wieder auf dem N\u00fcrburgring Station macht, erwartet die Motorsportfans in der Eifel erneut Spitzensport auf internationalem Niveau. Alle Infos und die Chance auf 3 x 2 Weekend-Tickets jetzt im <a href=\"https:\/\/magazin.blick-aktuell.de\/magazin-2026-08-07.htm#cover-6\" rel=\"noopener noreferrer nofollow\" target=\"_blank\" title=\"\">RegioMAGAZIN<\/a>. <\/p>\n<p>&#13;<br \/>\n            <b>RegioMagazin \u2013 was ist das?<\/b> <\/p>\n<p>&#13;<br \/>\n            <b>Was ist das RegioMagazin<\/b> <\/p>\n<p>Das RegioMagazin ist ein reines Online-Premium-Produkt der Marke Blick aktuell. Hier findest Du Premium Artikel, Bildergalerien, Verlosungen und unser E-Paper. Und das alles in einem werbefreien Umfeld mit t\u00e4glich neuen Inhalten. Der Fokus liegt auf Themen der Region Rhein-Ahr-Eifel. <\/p>\n<p>&#13;<br \/>\n            <b>Wieso muss ich mich daf\u00fcr gesondert anmelden?<\/b> <\/p>\n<p>Da es sich bei dem RegioMagazin um ein Premium-Produkt handelt, stellen wir dieses nur registrierten Nutzerinnen und Nutzern zur Verf\u00fcgung. Damit du aber nicht die Katze im Sack kaufst, kannst du es 30 Tage kostenlos testen. <\/p>\n<p>&#13;<br \/>\n            <b>Was passiert nach den 30 Tagen?<\/b> <\/p>\n<p>Wenn dir unser RegioMagazin gef\u00e4llt und du dich nach Ablauf der 30 Tage erneut anmeldest, wirst du aufgefordert ein Abo abzuschlie\u00dfen. Dieses kostet 5 \u20ac\/ Monat, wenn du es auf Monatsebene abschlie\u00dft oder 3 \u20ac\/Monat, wenn du das Jahresabo w\u00e4hlst. Hierf\u00fcr greifen wir auf Steady als Partner zur\u00fcck. <\/p>\n<p>&#13;<br \/>\n            <b>Entstehen mir Kosten, wenn ich mich registriere?<\/b> <\/p>\n<p>Nein, du erh\u00e4ltst erst einmal eine 30-t\u00e4gige Probemitgliedschaft. Nach Ablauf der 30 Tage wirst du beim erneuten Anmelden aufgefordert, ein bezahltes Abo abzuschlie\u00dfen, wenn du das RegioMagazin weiter nutzen m\u00f6chtest. Schlie\u00dft du dieses Abo dann nicht ab, entstehen dir keine Kosten. <\/p>\n<p>&#13;<br \/>\n            <b>Warum f\u00fchrt BLICK aktuell auf einmal eine Paywall ein?<\/b> <\/p>\n<p>Die Einf\u00fchrung der Paywall betrifft nur einen sehr kleinen Teil unseres gesamten Angebots. Unser umfangreiches Artikelarchiv mit mehr als 650.000 Beitr\u00e4gen bleibt weiterhin kostenlos zug\u00e4nglich \u2013 ebenso wie deutlich \u00fcber 95 Prozent aller neu ver\u00f6ffentlichten Artikel auf <a href=\"https:\/\/blick-aktuell.de\" rel=\"noopener noreferrer nofollow\" target=\"_blank\" title=\"\">blick-aktuell.de<\/a>. <\/p>\n<p>Mit dem RegioMagazin schaffen wir ein zus\u00e4tzliches Angebot f\u00fcr Leserinnen und Leser, die besonderen Wert auf hochwertige Inhalte, exklusive Bilderstrecken, spannende Hintergrundberichte und attraktive Verlosungen legen. Gleichzeitig w\u00fcnschen sich viele Nutzer gerade im Online-Bereich ein Leseerlebnis ohne st\u00f6rende Werbung. Diesem Wunsch m\u00f6chten wir mit dem RegioMagazin nachkommen. <\/p>\n<p>Da durch den Verzicht auf Werbung entsprechende Einnahmen entfallen, wird f\u00fcr das RegioMagazin ein kleiner monatlicher Beitrag erhoben. Mit 3 Euro pro Monat im Jahresabo haben wir den Preis bewusst niedrig angesetzt, um m\u00f6glichst vielen Lesern den Zugang zu diesem zus\u00e4tzlichen Angebot zu erm\u00f6glichen. <\/p>\n<p>                <a href=\"https:\/\/www.blick-aktuell.de\/Berichte\/Uhrmachers-Biergarten-Ein-Lieblingsplatz-zum-Geniessen-und-Verweilen-671180.html?StoryId=671183\" rel=\"nofollow noopener\" target=\"_blank\">&#13;<br \/>\n                  <img decoding=\"async\" class=\"img-responsive WebStoryLink-Image\" src=\"https:\/\/www.europesays.com\/de\/wp-content\/uploads\/2026\/08\/Uhrmachers-Biergarten-Ein-Lieblingsplatz-zum-Geniessen-und-Verweilen-671180t.jpg\" alt=\"Uhrmachers Biergarten: Ein Lieblingsplatz zum Genie\u00dfen und Verweilen\"\/>&#13;<br \/>\n                <\/a><\/p>\n<p>                <a href=\"https:\/\/www.blick-aktuell.de\/Berichte\/Spannendes-Mittelalterfest-auf-der-Reichsburg-Cochem-begeistert-tausende-Besucher-671181.html?StoryId=671183\" rel=\"nofollow noopener\" target=\"_blank\">&#13;<br \/>\n                  <img decoding=\"async\" class=\"img-responsive WebStoryLink-Image\" src=\"https:\/\/www.europesays.com\/de\/wp-content\/uploads\/2026\/08\/Spannendes-Mittelalterfest-auf-der-Reichsburg-Cochem-begeistert-tausende-Besucher-671181t.jpg\" alt=\"Spannendes Mittelalterfest auf der Reichsburg Cochem begeistert tausende Besucher\"\/>&#13;<br \/>\n                <\/a><\/p>\n<p>                <a href=\"https:\/\/www.blick-aktuell.de\/Berichte\/Green-Juice-Festival-Mehr-als-30-Acts-standen-auf-dem-Programm-671086.html?StoryId=671183\" rel=\"nofollow noopener\" target=\"_blank\">&#13;<br \/>\n                  <img decoding=\"async\" class=\"img-responsive WebStoryLink-Image\" src=\"https:\/\/www.europesays.com\/de\/wp-content\/uploads\/2026\/08\/Green-Juice-Festival-Mehr-als-30-Acts-standen-auf-dem-Programm-671086t.jpg\" alt=\"Green Juice Festival - Mehr als 30 Acts standen auf dem Programm\"\/>&#13;<br \/>\n                <\/a><\/p>\n<p>                <a href=\"https:\/\/www.blick-aktuell.de\/Berichte\/Herz-Leidenschaft-und-jede-Menge-Emotionen-671082.html?StoryId=671183\" rel=\"nofollow noopener\" target=\"_blank\">&#13;<br \/>\n                  <img decoding=\"async\" class=\"img-responsive WebStoryLink-Image\" src=\"https:\/\/www.europesays.com\/de\/wp-content\/uploads\/2026\/08\/1786088551_954_Herz-Leidenschaft-und-jede-Menge-Emotionen-671082t.jpg\" alt=\"Herz, Leidenschaft und jede Menge Emotionen\"\/>&#13;<br \/>\n                <\/a><\/p>\n","protected":false},"excerpt":{"rendered":"Wenn vom 28. bis 30. August die GT World Challenge Europe powered by AWS wieder auf dem N\u00fcrburgring&hellip;\n","protected":false},"author":2,"featured_media":1221256,"comment_status":"","ping_status":"","sticky":false,"template":"","format":"standard","meta":{"footnotes":"","_share_on_mastodon":"0"},"categories":[3933],"tags":[331,332,1418,548,663,158,3934,3935,13,253541,14,15,253905,5206,1756,12],"class_list":["post-1221255","post","type-post","status-publish","format-standard","has-post-thumbnail","category-eu","tag-aktuelle-nachrichten","tag-aktuelle-news","tag-eifel","tag-eu","tag-europa","tag-europaeische-union","tag-europe","tag-european-union","tag-headlines","tag-nrburgring","tag-nachrichten","tag-news","tag-regiomagazin","tag-rhein","tag-rheinland-pfalz","tag-schlagzeilen"],"share_on_mastodon":{"url":"https:\/\/pubeurope.com\/@de\/117053108292706523","error":""},"_links":{"self":[{"href":"https:\/\/www.europesays.com\/de\/wp-json\/wp\/v2\/posts\/1221255","targetHints":{"allow":["GET"]}}],"collection":[{"href":"https:\/\/www.europesays.com\/de\/wp-json\/wp\/v2\/posts"}],"about":[{"href":"https:\/\/www.europesays.com\/de\/wp-json\/wp\/v2\/types\/post"}],"author":[{"embeddable":true,"href":"https:\/\/www.europesays.com\/de\/wp-json\/wp\/v2\/users\/2"}],"replies":[{"embeddable":true,"href":"https:\/\/www.europesays.com\/de\/wp-json\/wp\/v2\/comments?post=1221255"}],"version-history":[{"count":0,"href":"https:\/\/www.europesays.com\/de\/wp-json\/wp\/v2\/posts\/1221255\/revisions"}],"wp:featuredmedia":[{"embeddable":true,"href":"https:\/\/www.europesays.com\/de\/wp-json\/wp\/v2\/media\/1221256"}],"wp:attachment":[{"href":"https:\/\/www.europesays.com\/de\/wp-json\/wp\/v2\/media?parent=1221255"}],"wp:term":[{"taxonomy":"category","embeddable":true,"href":"https:\/\/www.europesays.com\/de\/wp-json\/wp\/v2\/categories?post=1221255"},{"taxonomy":"post_tag","embeddable":true,"href":"https:\/\/www.europesays.com\/de\/wp-json\/wp\/v2\/tags?post=1221255"}],"curies":[{"name":"wp","href":"https:\/\/api.w.org\/{rel}","templated":true}]}}