{"id":1221455,"date":"2026-08-07T09:42:18","date_gmt":"2026-08-07T09:42:18","guid":{"rendered":"https:\/\/www.europesays.com\/de\/1221455\/"},"modified":"2026-08-07T09:42:18","modified_gmt":"2026-08-07T09:42:18","slug":"rhythmische-sportgymnastik-keine-flaggen-fuer-russland-und-belarus-bei-rsg-wm-in-frankfurt","status":"publish","type":"post","link":"https:\/\/www.europesays.com\/de\/1221455\/","title":{"rendered":"Rhythmische Sportgymnastik: Keine Flaggen f\u00fcr Russland und Belarus bei RSG-WM in Frankfurt"},"content":{"rendered":"<p>            <img loading=\"lazy\" decoding=\"async\" class=\"ts-image\" src=\"https:\/\/www.europesays.com\/de\/wp-content\/uploads\/2026\/08\/swr-die-russische-turnerin-maria-borisova-bei-einem-wettkampf-100.jpg\" alt=\"Die russische Turnerin Maria Borisova bei einem Wettkampf. \" title=\"Die russische Turnerin Maria Borisova bei einem Wettkampf.  | IMAGO, IMAGO \/ ZUMA Press\"\/><\/p>\n<p class=\"metatextline\">Stand: 07.08.2026 \u2022 11:24 Uhr<\/p>\n<p class=\"article-head__shorttext\">\n        <strong>Athletinnen aus Russland und Belarus werden bei den Weltmeisterschaften der Rhythmischen Sportgymnastik in Frankfurt am Main ohne ihre Nationalflaggen und Nationalhymnen antreten.<\/strong>\n    <\/p>\n<p class=\"textabsatz m-ten m-offset-one l-eight l-offset-two columns twelve\">Sollte eine Athletin aus diesen Delegationen bei der Turn-WM in Frankfurt (12. bis 16. August) eine Medaille oder einen Titel gewinnen, werde man die Flagge des Weltverbandes zeigen, begleitet von neutraler Musik, erkl\u00e4rte der Deutsche Turner-Bund (DTB): Dieser Status sei zwischen World Gymnastics, dem Deutschen Turner-Bund und dem Deutschen Olympischen Sportbund gemeinsam mit der Bundesregierung vereinbart worden.<\/p>\n<p>    Aufhebung der Sanktionen sorgte f\u00fcr Protestaktion<\/p>\n<p class=\"textabsatz m-ten m-offset-one l-eight l-offset-two columns twelve\">Im Mai hatte der Turn-Weltverband World Gymnastics die Sanktionen gegen Athletinnen und Athleten aus Russland und Belarus eigentlich aufgehoben. Die Entscheidung gilt f\u00fcr Kunstturnen, Rhythmische Sportgymnastik, Trampolinturnen, Sportakrobatik und Sportaerobic. Der ukrainische Turnverband UGF reagierte bei der EM im bulgarischen Warna Ende Mai mit einer gro\u00df angelegten Protestkampagne auf die Wiederzulassung der Flagge und Hymne Russlands bei internationalen Wettk\u00e4mpfen.<\/p>\n<p>    Ausschluss russischer und belarussischer Sportler nach Angriff Russlands auf die Ukraine<\/p>\n<p class=\"textabsatz m-ten m-offset-one l-eight l-offset-two columns twelve\">Russische und belarussische Sportler waren nach dem Angriff Russlands auf die Ukraine im Februar 2022 weitgehend vom internationalen Sport ausgeschlossen worden. Inzwischen wurden Athleten beider L\u00e4nder in einigen Sportarten schrittweise unter neutralem Status wieder zugelassen. Anfang Juli hatte das IOC die Suspendierung des Russischen Olympischen Komitees aufgehoben und einen Teil der Einschr\u00e4nkungen f\u00fcr russische Sportler gelockert. Diese k\u00f6nnen damit auf eine Teilnahme an den Olympischen Spielen 2028 in Los Angeles hoffen.<\/p>\n<p>                                        <a class=\"backlink__link\" href=\"https:\/\/www.swr.de\/sport\/mehr-sport\/rsg-wm-frankfurt-keine-flaggen-russland-belarus-100.html\" rel=\"nofollow noopener\" target=\"_blank\"><\/p>\n<p>                                                <img decoding=\"async\" src=\"https:\/\/images.sportschau.de\/image\/d14251d0-d158-4797-a47c-e97e1e58a56b\/AAABlap_vas\/AAABnR8VW9w\/original\/lra-swr-logo-100.svg\" alt=\"S\u00fcdwestrundfunk\"\/><\/p>\n<p>                                        <\/a><\/p>\n","protected":false},"excerpt":{"rendered":"Stand: 07.08.2026 \u2022 11:24 Uhr Athletinnen aus Russland und Belarus werden bei den Weltmeisterschaften der Rhythmischen Sportgymnastik in&hellip;\n","protected":false},"author":2,"featured_media":1221456,"comment_status":"","ping_status":"","sticky":false,"template":"","format":"standard","meta":{"footnotes":"","_share_on_mastodon":"0"},"categories":[1829],"tags":[29,2050,2051,30,2052,1755,27381],"class_list":["post-1221455","post","type-post","status-publish","format-standard","has-post-thumbnail","category-frankfurt-am-main","tag-deutschland","tag-frankfurt","tag-frankfurt-am-main","tag-germany","tag-hessen","tag-swr","tag-turnen"],"share_on_mastodon":{"url":"https:\/\/pubeurope.com\/@de\/117053580607677632","error":""},"_links":{"self":[{"href":"https:\/\/www.europesays.com\/de\/wp-json\/wp\/v2\/posts\/1221455","targetHints":{"allow":["GET"]}}],"collection":[{"href":"https:\/\/www.europesays.com\/de\/wp-json\/wp\/v2\/posts"}],"about":[{"href":"https:\/\/www.europesays.com\/de\/wp-json\/wp\/v2\/types\/post"}],"author":[{"embeddable":true,"href":"https:\/\/www.europesays.com\/de\/wp-json\/wp\/v2\/users\/2"}],"replies":[{"embeddable":true,"href":"https:\/\/www.europesays.com\/de\/wp-json\/wp\/v2\/comments?post=1221455"}],"version-history":[{"count":0,"href":"https:\/\/www.europesays.com\/de\/wp-json\/wp\/v2\/posts\/1221455\/revisions"}],"wp:featuredmedia":[{"embeddable":true,"href":"https:\/\/www.europesays.com\/de\/wp-json\/wp\/v2\/media\/1221456"}],"wp:attachment":[{"href":"https:\/\/www.europesays.com\/de\/wp-json\/wp\/v2\/media?parent=1221455"}],"wp:term":[{"taxonomy":"category","embeddable":true,"href":"https:\/\/www.europesays.com\/de\/wp-json\/wp\/v2\/categories?post=1221455"},{"taxonomy":"post_tag","embeddable":true,"href":"https:\/\/www.europesays.com\/de\/wp-json\/wp\/v2\/tags?post=1221455"}],"curies":[{"name":"wp","href":"https:\/\/api.w.org\/{rel}","templated":true}]}}