{"id":1221464,"date":"2026-08-07T09:47:16","date_gmt":"2026-08-07T09:47:16","guid":{"rendered":"https:\/\/www.europesays.com\/de\/1221464\/"},"modified":"2026-08-07T09:47:16","modified_gmt":"2026-08-07T09:47:16","slug":"nachbarn-terrorisiert-tyrann-von-nebenan-in-psychiatrie-eingewiesen-regional","status":"publish","type":"post","link":"https:\/\/www.europesays.com\/de\/1221464\/","title":{"rendered":"Nachbarn terrorisiert: Tyrann von nebenan in Psychiatrie eingewiesen | Regional"},"content":{"rendered":"<p><b>Tag und Nacht Geschrei, Drohungen, M\u00fcll und sogar ein Fahrrad, das aus dem vierten Stock fliegt: Die Nachbarn eines 65-J\u00e4hrigen leben seit 17 Monaten im Ausnahmezustand. Immer wieder r\u00fcckt die Polizei an, doch der Mann kam jedes Mal schnell wieder frei. Nun ist der W\u00fcterich in der Psychiatrie gelandet!<\/b><\/p>\n<p>Was genau f\u00fchrte jetzt endlich zur Festnahme des Mannes? Warum war seine Einweisung so schwierig? Welche rechtlichen H\u00fcrden gibt es bei Tyrannen von nebenan konkret? Die Antworten des Strafrechtlers und die ganze Geschichte lesen Sie mit BILDplus.<\/p>\n","protected":false},"excerpt":{"rendered":"Tag und Nacht Geschrei, Drohungen, M\u00fcll und sogar ein Fahrrad, das aus dem vierten Stock fliegt: Die Nachbarn&hellip;\n","protected":false},"author":2,"featured_media":1221465,"comment_status":"","ping_status":"","sticky":false,"template":"","format":"standard","meta":{"footnotes":"","_share_on_mastodon":"0"},"categories":[1826],"tags":[41,181674,29,30,1000,692,3263,6660,3318,14345,14346,121,1269,11202,33625,227858,9026],"class_list":["post-1221464","post","type-post","status-publish","format-standard","has-post-thumbnail","category-hamburg","tag-bedrohung","tag-deep-news","tag-deutschland","tag-germany","tag-gewalt","tag-hamburg","tag-krankenhaus","tag-laermschutz","tag-mieterrecht","tag-nachbarschaft","tag-nachbarschaftsstreit","tag-polizei","tag-prozess","tag-psychiatrie","tag-psychische-erkrankung","tag-team-deep","tag-vandalismus"],"share_on_mastodon":{"url":"https:\/\/pubeurope.com\/@de\/117053596802193886","error":""},"_links":{"self":[{"href":"https:\/\/www.europesays.com\/de\/wp-json\/wp\/v2\/posts\/1221464","targetHints":{"allow":["GET"]}}],"collection":[{"href":"https:\/\/www.europesays.com\/de\/wp-json\/wp\/v2\/posts"}],"about":[{"href":"https:\/\/www.europesays.com\/de\/wp-json\/wp\/v2\/types\/post"}],"author":[{"embeddable":true,"href":"https:\/\/www.europesays.com\/de\/wp-json\/wp\/v2\/users\/2"}],"replies":[{"embeddable":true,"href":"https:\/\/www.europesays.com\/de\/wp-json\/wp\/v2\/comments?post=1221464"}],"version-history":[{"count":0,"href":"https:\/\/www.europesays.com\/de\/wp-json\/wp\/v2\/posts\/1221464\/revisions"}],"wp:featuredmedia":[{"embeddable":true,"href":"https:\/\/www.europesays.com\/de\/wp-json\/wp\/v2\/media\/1221465"}],"wp:attachment":[{"href":"https:\/\/www.europesays.com\/de\/wp-json\/wp\/v2\/media?parent=1221464"}],"wp:term":[{"taxonomy":"category","embeddable":true,"href":"https:\/\/www.europesays.com\/de\/wp-json\/wp\/v2\/categories?post=1221464"},{"taxonomy":"post_tag","embeddable":true,"href":"https:\/\/www.europesays.com\/de\/wp-json\/wp\/v2\/tags?post=1221464"}],"curies":[{"name":"wp","href":"https:\/\/api.w.org\/{rel}","templated":true}]}}