{"id":122150,"date":"2025-05-19T06:10:11","date_gmt":"2025-05-19T06:10:11","guid":{"rendered":"https:\/\/www.europesays.com\/de\/122150\/"},"modified":"2025-05-19T06:10:11","modified_gmt":"2025-05-19T06:10:11","slug":"instone-stellt-wohnbebauung-im-quartier-west-side-in-bonn-mit-rund-500-wohnungen","status":"publish","type":"post","link":"https:\/\/www.europesays.com\/de\/122150\/","title":{"rendered":"Instone stellt Wohnbebauung im Quartier \u201ewest.side\u201c in Bonn mit rund 500 Wohnungen &#8230;"},"content":{"rendered":"<p class=\"date\">19.05.2025 \u2013 07:40<\/p>\n<p class=\"customer\">\n                        <a class=\"story-customer\" title=\"weiter zum newsroom von Instone Real Estate Group SE\" href=\"https:\/\/www.presseportal.de\/nr\/133159\" rel=\"nofollow noopener\" target=\"_blank\">Instone Real Estate Group SE<\/a>\n                    <\/p>\n<p><a class=\"glightbox-pseudo event-trigger\" href=\"https:\/\/cache.pressmailing.net\/thumbnail\/story_hires\/d84cc3fc-3428-4be4-a38d-3028afa6f7c9\/Bild2_westside_Instone_Joerg%20Hempel.jpg.jpg\" data-description=\"96 neue Mietwohnungen: Instone vollendet Wohnquartier \u201ewest.side\u201c in Bonn. Bild: J\u00f6rg Hempel\" data-category=\"medialightbox\" data-action=\"click\" data-label=\"single\" data-value=\"682ac435270000fd2c792498\" rel=\"nofollow noopener\" target=\"_blank\"><img decoding=\"async\" height=\"540\" with=\"720\" src=\"https:\/\/www.europesays.com\/de\/wp-content\/uploads\/2025\/05\/instone-stellt-wohnbebauung-im-quartier-west-side-in-bonn-mit-rund-500-wohnungen-fertig.jpeg\"   alt=\"Instone stellt Wohnbebauung im Quartier \u201ewest.side\u201c in Bonn mit rund 500 Wohnungen fertig\" class=\"single\"\/><\/a><\/p>\n<p class=\"story-download-headline\">Ein Dokument<\/p>\n<ul class=\"story-download-list\">\n<li class=\"story-download-list-item\"><a href=\"https:\/\/www.presseportal.de\/download\/document\/682ac436270000fd2c7924ae-2025-05-19-instone-f-ellung-westside.pdf\" rel=\"nofollow noopener\" target=\"_blank\">2025_05_19_Instone_F~ellung westside.pdf<br \/>PDF &#8211; 186 kB<\/a><\/li>\n<\/ul>\n<p><b>Pressemitteilung<\/b><\/p>\n<p><b>Instone stellt Wohnbebauung im Quartier \u201ewest.side\u201c in Bonn mit rund 500 Wohnungen fertig<\/b><\/p>\n<ul class=\"naxml-ul\">\n<li>Zukunftsweisendes, lebendiges Stadtviertel mit ganzheitlichem Fokus auf Nachhaltigkeit, digitale Infrastruktur und soziale Mehrwerte f\u00fcr ein gutes Zusammenleben<\/li>\n<li>Finalisierung des letzten wohnwirtschaftlich genutzten Baufelds \u2013 die LEG sicherte sich die 96 Wohnungen bereits fr\u00fchzeitig vor Baustart<\/li>\n<li>Breites Spektrum an bedarfsgerechtem Wohnraum, von \u00f6ffentlich gef\u00f6rderten Wohnungen bis hin zu modernen Mieteinheiten, f\u00fcr vielf\u00e4ltige Nutzung <\/li>\n<\/ul>\n<p>Wir \u00fcbersenden Ihnen folgende Pressemitteilung:<\/p>\n<p><b>Essen\/Bonn, 19. Mai 2025: <\/b>Der deutschlandweit t\u00e4tige Wohnentwickler Instone Real Estate (\u201eInstone\u201c) hat die Wohnbebauung im Quartier \u201ewest.side\u201c in Bonn-Endenich erfolgreich fertiggestellt. Auf dem rund 60.000 m\u00b2 gro\u00dfen ehemaligen Fabrik-Areal sind insgesamt 511 Wohnungen entstanden, die ein breites Spektrum an Bed\u00fcrfnissen abdecken. Nachdem in den vergangenen Jahren bereits insgesamt 415 Wohnungen schl\u00fcsselfertig an die Eigent\u00fcmer \u00fcbergeben wurden, gibt Instone nun die Fertigstellung weiterer 96 Mietwohnungen auf dem letzten wohnwirtschaftlich genutzten Baufeld bekannt. Das Quartier vereint einen starken Fokus auf \u00f6kologische und wegweisende digitale Infrastruktur mit dem Anspruch, lebendige Gemeinschaften mit hoher Lebensqualit\u00e4t zu schaffen.<\/p>\n<p>Anna Rzymelka, Niederlassungsleiterin von Instone Real Estate in Nordrhein-Westfalen, zeigt sich erfreut: \u201eDie Fertigstellung der Wohnbebauung im Quartier \u201awest.side\u2018 markiert einen Meilenstein in der Etablierung dieses zukunftsweisenden Stadtviertels. Hier ist dringend ben\u00f6tigter Wohnraum entstanden, der Ma\u00dfst\u00e4be in Sachen Nachhaltigkeit setzt und ein vielf\u00e4ltiges Angebot f\u00fcr unterschiedliche Lebensentw\u00fcrfe bietet. Die innovative Fernw\u00e4rmeversorgung \u00fcber Kraft-W\u00e4rme-Kopplung und die \u00f6ffentliche Erschlie\u00dfung mit einem aufwendigen Regenr\u00fcckhaltebecken sind hierf\u00fcr beispielhaft. Gleichzeitig schafft die digitale Infrastruktur mit dem modernsten Glasfaseranschluss Deutschlands ein starkes Fundament f\u00fcr die Zukunft.\u201c <\/p>\n<p>Rzymelka weiter: \u201eDer Nutzungsmix aus Wohnen, Gewerbe und Erholungsm\u00f6glichkeiten im Gesamtquartier f\u00f6rdert ein vitales Miteinander und bietet Wohnraum mit hoher Lebens- und Aufenthaltsqualit\u00e4t. Wir danken der LEG und allen \u00fcber die Jahre am Projekt Beteiligten f\u00fcr die hervorragende Zusammenarbeit.\u201c <\/p>\n<p>Die Wohnbebauung umfasst mehrere Elemente, die auf dem ehemaligen Fabrikgel\u00e4nde sukzessive errichtet wurden. 276 Wohnungen, darunter auch \u00f6ffentlich gef\u00f6rderte Einheiten, wurden bereits im Jahr 2021 fertiggestellt und befinden sich im Bestand der Bayerischen Versorgungskammer. Vor rund zwei Jahren konnten weitere 139 Mietwohnungen an PATRIZA \u00fcbergeben werden. Nun sind die finalen 96 Mietwohnungen mit einer Wohnfl\u00e4che von 7.735 m\u00b2 und Wohnungsgr\u00f6\u00dfen zwischen 33 m\u00b2 und 123 m\u00b2 realisiert. Diese hatte die LEG bereits im Jahr 2021 noch vor Baustart im Rahmen eines Forward Deals erworben.<\/p>\n<p>Werner Wirtz, verantwortlicher Projektleiter der LEG, betont: \u201eWir freuen uns \u00fcber die Fertigstellung der 96 freifinanzierten Mietwohnungen auf dem west.side-Areal in Bonn-Endenich. Die urbane Umgebung und das gr\u00fcne Umfeld bieten komfortables und entspanntes Wohnen f\u00fcr jeden Anspruch. Von Beginn an hat uns die zukunftsorientierte Ausrichtung des Quartiers \u00fcberzeugt. Die bew\u00e4hrt partnerschaftliche Zusammenarbeit mit Instone war ein wesentlicher Erfolgsfaktor. Gerade in volatilen Zeiten legen wir als langfristig orientiertes Unternehmen Wert auf transparente Prozesse, verl\u00e4ssliche Projektumsetzung und eine nachgewiesene Qualit\u00e4t des Endprodukts.\u201c<\/p>\n<p>Das neue Stadtquartier folgt dem Prinzip der Stadt der kurzen Wege und umfasst neben den vielf\u00e4ltigen Wohnangeboten auch zwei Quartierspl\u00e4tze als Orte der Begegnung sowie eine vierz\u00fcgige Kindertagesst\u00e4tte mit 825 m\u00b2 Nutzfl\u00e4che. Die barrierefreien Wohneinheiten in den unterschiedlichen Baufeldern bieten einen attraktiven Wohnungsmix f\u00fcr eine breite Zielgruppe, von kompakten Apartments bis hin zu gro\u00dfz\u00fcgigen Familienwohnungen. Die jetzt fertig gestellten Geb\u00e4ude sind energieeffizient nach BEG-Effizienzhaus-Standard 55 EE errichtet und verf\u00fcgen, wie auch die Bebauung im Gesamtareal \u201ewest.side\u201c, teilweise \u00fcber extensive Dachbegr\u00fcnungen sowie Nisthilfen f\u00fcr Flederm\u00e4use und Mauersegler im Bereich der Fassaden. <\/p>\n<p>Mit der erfolgreichen Fertigstellung der Wohnbebauung des Quartiers \u201ewest.side\u201c tr\u00e4gt Instone zur Schaffung dringend ben\u00f6tigten, modernen und nachhaltigen Wohnraums in Bonn bei und unterstreicht seine langj\u00e4hrige Erfahrung in der erfolgreichen Zusammenarbeit mit institutionellen Investoren und Bestandshaltern sowie sein Engagement f\u00fcr lebendige und zukunftsf\u00e4hige Quartiere.<\/p>\n<p><b>Pressekontakt:<\/b><br \/>\nInstone Real Estate<br \/>\nFranziska Jenkel<br \/>\nChausseestr. 111, 10115 Berlin<br \/>\nTel. +49 (0)30\/6109102-36<br \/>\nE-Mail: <a href=\"https:\/\/www.presseportal.de\/pm\/133159\/mailto: presse@instone.de\" class=\"uri-mailto\" rel=\"nofollow noopener\" target=\"_blank\"> presse@instone.de<\/a><br \/>\nInstone Real Estate Development GmbH<br \/>\nSitz Essen, Eingetragen im Handelsregister des Amtsgerichts Essen unter HRB 28401<br \/>\nGesch\u00e4ftsf\u00fchrer: Bianca Reinhardt Weith, Philipp R\u00fc\u00dfmann, Ralf Werner, Andreas Zeitler<br \/>\nDiese E-Mail enth\u00e4lt vertrauliche und \/ oder rechtlich gesch\u00fctzte Informationen. Wenn Sie nicht der richtige Adressat sind oder diese E-Mail irrt\u00fcmlich erhalten haben, informieren Sie bitte sofort den Absender und vernichten Sie diese Mail. Das unerlaubte Kopieren sowie die unbefugte Weitergabe dieser Mail sind nicht gestattet.<\/p>\n<p>This e-mail may contain confidential and \/ or privileged information. If you are not the intended recipient (or have received this e-mail in error) please notify the sender immediately and destroy this e-mail. Any unauthorised copying, disclosure or distribution of the material in this e-mail is strictly forbidden.  <\/p>\n","protected":false},"excerpt":{"rendered":"19.05.2025 \u2013 07:40 Instone Real Estate Group SE Ein Dokument 2025_05_19_Instone_F~ellung westside.pdfPDF &#8211; 186 kB Pressemitteilung Instone stellt&hellip;\n","protected":false},"author":2,"featured_media":122151,"comment_status":"","ping_status":"","sticky":false,"template":"","format":"standard","meta":{"footnotes":""},"categories":[1842],"tags":[3477,1741,3364,29,30,1209,178,180,179,181],"class_list":{"0":"post-122150","1":"post","2":"type-post","3":"status-publish","4":"format-standard","5":"has-post-thumbnail","7":"category-bonn","8":"tag-bild","9":"tag-bonn","10":"tag-de","11":"tag-deutschland","12":"tag-germany","13":"tag-nordrhein-westfalen","14":"tag-presse","15":"tag-pressemeldung","16":"tag-pressemitteilung","17":"tag-pressemitteilungen"},"share_on_mastodon":{"url":"https:\/\/pubeurope.com\/@de\/114533015451230328","error":""},"_links":{"self":[{"href":"https:\/\/www.europesays.com\/de\/wp-json\/wp\/v2\/posts\/122150","targetHints":{"allow":["GET"]}}],"collection":[{"href":"https:\/\/www.europesays.com\/de\/wp-json\/wp\/v2\/posts"}],"about":[{"href":"https:\/\/www.europesays.com\/de\/wp-json\/wp\/v2\/types\/post"}],"author":[{"embeddable":true,"href":"https:\/\/www.europesays.com\/de\/wp-json\/wp\/v2\/users\/2"}],"replies":[{"embeddable":true,"href":"https:\/\/www.europesays.com\/de\/wp-json\/wp\/v2\/comments?post=122150"}],"version-history":[{"count":0,"href":"https:\/\/www.europesays.com\/de\/wp-json\/wp\/v2\/posts\/122150\/revisions"}],"wp:featuredmedia":[{"embeddable":true,"href":"https:\/\/www.europesays.com\/de\/wp-json\/wp\/v2\/media\/122151"}],"wp:attachment":[{"href":"https:\/\/www.europesays.com\/de\/wp-json\/wp\/v2\/media?parent=122150"}],"wp:term":[{"taxonomy":"category","embeddable":true,"href":"https:\/\/www.europesays.com\/de\/wp-json\/wp\/v2\/categories?post=122150"},{"taxonomy":"post_tag","embeddable":true,"href":"https:\/\/www.europesays.com\/de\/wp-json\/wp\/v2\/tags?post=122150"}],"curies":[{"name":"wp","href":"https:\/\/api.w.org\/{rel}","templated":true}]}}