{"id":1221601,"date":"2026-08-07T11:19:16","date_gmt":"2026-08-07T11:19:16","guid":{"rendered":"https:\/\/www.europesays.com\/de\/1221601\/"},"modified":"2026-08-07T11:19:16","modified_gmt":"2026-08-07T11:19:16","slug":"zeugenhinweis-vermisste-frau-aus-bayern-an-der-ostsee","status":"publish","type":"post","link":"https:\/\/www.europesays.com\/de\/1221601\/","title":{"rendered":"Zeugenhinweis: Vermisste Frau aus Bayern an der Ostsee"},"content":{"rendered":"<p>    <a href=\"https:\/\/www.idowa.de\/storage\/image\/3\/3\/7\/9\/1019733_fancybox_1GtrS5_5KyuhL.webp\" data-fcms-id=\"1019733\" data-fcms-treeid=\"65087\" class=\"openExtThumb-1019733\" data-caption=\"&lt;p&gt;Peter Kneffel\/dpa&lt;\/p&gt;&lt;p&gt;Die Polizei hatte damals intensiv nach der Vermissten gesucht. (Archivbild)&lt;\/p&gt;\" rel=\"nofollow noopener\" target=\"_blank\"><br \/>\n      <img decoding=\"async\" fetchpriority=\"high\" src=\"https:\/\/www.europesays.com\/de\/wp-content\/uploads\/2026\/08\/1019733_s100_1GtrS5_w5bFXO.jpg\" alt=\"Die Polizei hatte damals intensiv nach der Vermissten gesucht. (Archivbild)\" title=\"Die Polizei hatte damals intensiv nach der Vermissten gesucht. (Archivbild)\" width=\"956\" height=\"538\"\/><br \/>\n    <\/a><\/p>\n<p class=\"copyright mb-0\">Peter Kneffel\/dpa<\/p>\n<p class=\"subline mb-0\">\n        Die Polizei hatte damals intensiv nach der Vermissten gesucht. (Archivbild)\n       <\/p>\n<p>Von dpa<\/p>\n<p>\n        7. August 2026<\/p>\n<p>          Stand: 13:07 Uhr<\/p>\n<p>Eine seit Jahren vermisste Frau aus Unterhaching bei M\u00fcnchen k\u00f6nnte sich im Bereich Rostock-Warnem\u00fcnde aufhalten. Zeugen hatten die Frau vermeintlich erkannt und sich an die \u00f6rtliche Polizei gewandt, wie diese mitteilte.<\/p>\n<p>Eine Sprecherin der Staatsanwaltschaft M\u00fcnchen I best\u00e4tigte zudem, dass ein Video gesichert worden sei. Auf dem sei eine Person zu sehen, bei der es sich m\u00f6glicherweise um die Vermisste handele. \u201eDiesen Hinweisen wird derzeit mit Hochdruck nachgegangen\u201c, schilderte die Sprecherin. \u00dcber die Video-Aufnahme hatte zuerst die \u201eBild\u201c-Zeitung berichtet.<\/p>\n<p>Die damals 39-j\u00e4hrige Frau wird seit November 2022 vermisst. Nach Angaben des Polizeipr\u00e4sidiums Rostock wurde sie Anfang der Woche von mehreren Zeugen in Mecklenburg-Vorpommern im Bereich Stoltera\/Diedrichshagen an der Ostseek\u00fcste gesehen.<\/p>\n<p>Die Polizei hat bereits unter anderem mit einem Aufruf in der ZDF-Sendung \u201eAktenzeichen XY&#8230; ungel\u00f6st\u201c versucht, ihr mysteri\u00f6ses Verschwinden aufzukl\u00e4ren. Die Frau hatte sich Ende Oktober 2022 heftig mit ihrem Ehemann gestritten und dann wieder vers\u00f6hnt. Am 7. November meldete der Mann die Frau als vermisst.<\/p>\n<p>In der Wohnung des Paares fand die Polizei Bank- und Kreditkarten, Brille, Geldb\u00f6rse, Handys, Verlobungs- und Ehering sowie den Ausweis der Verschwundenen. Der Ehemann geriet unter Tatverdacht, allerdings gab es keine konkreten Hinweise auf ein Gewaltverbrechen. Nach seinem Tod 2024 wurden die Ermittlungen eingestellt. Als die Beamten den Fall wenige Monate sp\u00e4ter im Fernsehen vorstellten, hielten sie ein Gewaltdelikt ebenso f\u00fcr m\u00f6glich wie einen Suizid oder ein Untertauchen.<\/p>\n<p>\n      Dieser Artikel ist Teil eines automatisierten Angebots der Deutschen Presse-Agentur (dpa). Er wird von der idowa-Redaktion nicht bearbeitet oder gepr\u00fcft.\n    <\/p>\n","protected":false},"excerpt":{"rendered":"Peter Kneffel\/dpa Die Polizei hatte damals intensiv nach der Vermissten gesucht. (Archivbild) Von dpa 7. August 2026 Stand:&hellip;\n","protected":false},"author":2,"featured_media":1221602,"comment_status":"","ping_status":"","sticky":false,"template":"","format":"standard","meta":{"footnotes":"","_share_on_mastodon":"0"},"categories":[1827],"tags":[772,29,30,1268,11728,230441,5117],"class_list":["post-1221601","post","type-post","status-publish","format-standard","has-post-thumbnail","category-muenchen","tag-bayern","tag-deutschland","tag-germany","tag-muenchen","tag-oeffentlichkeitsfahndung","tag-staatsanwaltschaft-muenchen-i","tag-vermisstenfall"],"share_on_mastodon":{"url":"https:\/\/pubeurope.com\/@de\/117053960544944463","error":""},"_links":{"self":[{"href":"https:\/\/www.europesays.com\/de\/wp-json\/wp\/v2\/posts\/1221601","targetHints":{"allow":["GET"]}}],"collection":[{"href":"https:\/\/www.europesays.com\/de\/wp-json\/wp\/v2\/posts"}],"about":[{"href":"https:\/\/www.europesays.com\/de\/wp-json\/wp\/v2\/types\/post"}],"author":[{"embeddable":true,"href":"https:\/\/www.europesays.com\/de\/wp-json\/wp\/v2\/users\/2"}],"replies":[{"embeddable":true,"href":"https:\/\/www.europesays.com\/de\/wp-json\/wp\/v2\/comments?post=1221601"}],"version-history":[{"count":0,"href":"https:\/\/www.europesays.com\/de\/wp-json\/wp\/v2\/posts\/1221601\/revisions"}],"wp:featuredmedia":[{"embeddable":true,"href":"https:\/\/www.europesays.com\/de\/wp-json\/wp\/v2\/media\/1221602"}],"wp:attachment":[{"href":"https:\/\/www.europesays.com\/de\/wp-json\/wp\/v2\/media?parent=1221601"}],"wp:term":[{"taxonomy":"category","embeddable":true,"href":"https:\/\/www.europesays.com\/de\/wp-json\/wp\/v2\/categories?post=1221601"},{"taxonomy":"post_tag","embeddable":true,"href":"https:\/\/www.europesays.com\/de\/wp-json\/wp\/v2\/tags?post=1221601"}],"curies":[{"name":"wp","href":"https:\/\/api.w.org\/{rel}","templated":true}]}}