{"id":1221615,"date":"2026-08-07T11:27:40","date_gmt":"2026-08-07T11:27:40","guid":{"rendered":"https:\/\/www.europesays.com\/de\/1221615\/"},"modified":"2026-08-07T11:27:40","modified_gmt":"2026-08-07T11:27:40","slug":"fkk-bewegung-auf-dem-rad-der-world-naked-bike-day-strampelt-erstmals-durch-berlin","status":"publish","type":"post","link":"https:\/\/www.europesays.com\/de\/1221615\/","title":{"rendered":"FKK-Bewegung \u2013 auf dem Rad!: Der World Naked Bike Day strampelt erstmals durch Berlin"},"content":{"rendered":"<p class=\"tspBKln tspBKlo\">Wenn es nach dem Deutschen Wetterdienst geht, wird der kommende Sonntag ein recht gew\u00f6hnlicher Sommertag: heiter bis wolkig, Temperaturen bis zu 33 Grad, schwacher bis m\u00e4\u00dfiger S\u00fcdostwind.<\/p>\n<p class=\"tspBKln\">Recht gew\u00f6hnlich wird er voraussichtlich nur bis 10 Uhr bleiben. Denn dann startet der erste Nacktradel-Tag in Berlin, auch \u201e<a href=\"https:\/\/wnbr-berlin.de\/\" target=\"_blank\" rel=\"noopener nofollow\" class=\"link link--external\" data-gtm-class=\"article-text-link\" data-gtm-val=\"external\" aria-describedby=\"message-target-blank\">World Naked Bike Ride<\/a>\u201c genannt. Bis circa 17 Uhr soll dann eine fahrende Demonstration der Freik\u00f6rperkultur vom Mauerpark aus gr\u00f6\u00dftenteils entlang des \u201eBerliner Mauerwegs\u201c bis nach Sch\u00f6nefeld ziehen. Die Demoroute ist laut Veranstalter etwa 33 Kilometer lang.<\/p>\n<p class=\"tspBKln\">Das alte FKK-Motto \u201eNackt sind wir alle gleich\u201c wollen die Organisatoren, wie es auf der Webseite hei\u00dft, etwas abwandeln und den Fokus richten auf die Vielf\u00e4ltigkeit der menschlichen K\u00f6rper anstatt auf Konformit\u00e4t.<\/p>\n<p><img decoding=\"async\" src=\"https:\/\/www.europesays.com\/de\/wp-content\/uploads\/2026\/08\/people-ride-in-the-world-naked007-bike-ride-in-los-angeles.jpeg\"   alt=\"People ride in the World Naked Bike Ride in Los Angeles, California June 14, 2014. The event aims to defend the right of cyclists to ride on the streets in safety, according to organisers. REUTERS\/Lucy Nicholson (UNITED STATES - Tags: SOCIETY TPX IMAGES OF THE DAY)\" aria-labelledby=\"caption-15923926\" width=\"440\" height=\"330\" loading=\"lazy\" class=\"tspAVin\"\/> Unverkennbar USA: Ein Teilnehmer des World Naked Bike Ride in Los Angeles. <\/p>\n<p class=\"tspABgk\"> \u00a9 REUTERS\/Lucy Nicholson <\/p>\n<p class=\"tspBKln\">Sie wollen damit f\u00fcr den Naturismus beziehungsweise die FKK-Bewegung werben, die nach Eigenangaben einem \u201ezunehmenden Mitgliederr\u00fcckgang in Vereinen und Zusammenschl\u00fcssen\u201c ausgesetzt seien. Es soll ein Zeichen gesetzt werden f\u00fcr \u201eToleranz und Selbstakzeptanz, Naturverbundenheit und Schutz der Umwelt sowie f\u00fcr Inklusion und Vielf\u00e4ltigkeit\u201c.<\/p>\n<p><img decoding=\"async\" src=\"https:\/\/www.europesays.com\/de\/wp-content\/uploads\/2026\/08\/naked007-cyclists-participate-in-the-world-naked-bike-ride-which-organisers-say-is-a-protest-against.jpeg\"   alt=\"Cyclists participate in the World Naked Bike Ride, which organisers say is a protest against reliance on cars and oil, on Westminster Bridge London, Britain June 11, 2016. REUTERS\/Luke MacGregor TPX IMAGES OF THE DAY\" aria-labelledby=\"caption-15923931\" width=\"440\" height=\"330\" loading=\"lazy\" class=\"tspAVin\"\/> Excuse you? Auch im (ehemals) pr\u00fcden Gro\u00dfbritannien, hier in London, zog es Nudisten schon zum World Naked Bike Ride auf die Stra\u00dfen. <\/p>\n<p class=\"tspABgk\"> \u00a9 REUTERS\/Luke MacGregor <\/p>\n<p class=\"tspBKln\">Der Leitspruch der Veranstaltung \u201eAs bare as you care\u201c (zu Deutsch etwa: \u201eSo nackt, wie du dich traust\u201c) deutet bereits an: Den Teilnehmerinnen und Teilnehmern bleibt es \u00fcberlassen, wie weit sie ihre H\u00fcllen fallenlassen wollen \u2013 ob ganz, halb oder eben gar nicht, alle seien gleicherma\u00dfen eingeladen, an der Demonstration teilzunehmen. Samt ihres Fahrrads oder E\u2011Bikes. E-Scooter \u201eund dergleichen\u201c hingegen seien nicht erw\u00fcnscht.<\/p>\n<p class=\"tspBKln\">Ebenso unerw\u00fcnscht: die \u201esexuelle oder fetischbezogene Selbstdarstellung\u201c \u2013 ein (f\u00fcr Berlin wichtiger) Hinweis auf die familienfreundliche Ausrichtung der Veranstaltung. An ebendiesen Dresscode wird online explizit erinnert: \u201eBitte keine Fetisch-Kinky-Utensilien, \u00fcbertriebener K\u00f6rperschmuck, Piercings oder Penisringe\u201c, hei\u00dft es auf Bluesky.<\/p>\n<p class=\"tspBKln\">Die \u201eTaunus-Nackt-Mountainbike-Gruppe\u201c hatte die Veranstaltung mit 300 Personen bei der Berliner Versammlungsbeh\u00f6rde angemeldet. Auf der <a href=\"https:\/\/wnbr-berlin.de\/\" target=\"_blank\" rel=\"noopener nofollow\" class=\"link link--external\" data-gtm-class=\"article-text-link\" data-gtm-val=\"external\" aria-describedby=\"message-target-blank\">Webseite der Veranstalter<\/a> waren am Freitagmittag knapp 1200 Menschen der Bitte nachgekommen, dort ihre Teilnahme z\u00e4hlen zu lassen.<\/p>\n<p>Berlin nackt:<a href=\"https:\/\/www.tagesspiegel.de\/berlin\/zu-roland-kaiser-ziehen-sie-blank-ein-besuch-bei-der-schlagernacktparty-in-berlin-15620273.html?icid=topic-list_15923464___\" data-gtm-class=\"article-mzt-link\" data-hydrate-fingerprint=\"09740a54944caac75fd2c0c63fd5c5df\" data-hydrate-props=\"{&amp;escapedquot;element&amp;escapedquot;:{&amp;escapedquot;type&amp;escapedquot;:&amp;escapedquot;relatedContent&amp;escapedquot;,&amp;escapedquot;fieldMap&amp;escapedquot;:{},&amp;escapedquot;relation&amp;escapedquot;:{&amp;escapedquot;fields&amp;escapedquot;:{&amp;escapedquot;url&amp;escapedquot;:&amp;escapedquot;https:\/\/www.tagesspiegel.de\/berlin\/zu-roland-kaiser-ziehen-sie-blank-ein-besuch-bei-der-schlagernacktparty-in-berlin-15620273.html&amp;escapedquot;,&amp;escapedquot;isPaid&amp;escapedquot;:true},&amp;escapedquot;href&amp;escapedquot;:&amp;escapedquot;\/article15631332.ece&amp;escapedquot;,&amp;escapedquot;teaserTitle&amp;escapedquot;:{&amp;escapedquot;kicker&amp;escapedquot;:&amp;escapedquot;Zu Roland Kaiser ziehen sie blank&amp;escapedquot;,&amp;escapedquot;headline&amp;escapedquot;:&amp;escapedquot;Ein Besuch bei der Schlagernacktparty in Berlin&amp;escapedquot;},&amp;escapedquot;id&amp;escapedquot;:&amp;escapedquot;15631332&amp;escapedquot;,&amp;escapedquot;type&amp;escapedquot;:&amp;escapedquot;externalTeaser&amp;escapedquot;},&amp;escapedquot;isPartOfList&amp;escapedquot;:true,&amp;escapedquot;topicListType&amp;escapedquot;:&amp;escapedquot;topic-list&amp;escapedquot;},&amp;escapedquot;showArrow&amp;escapedquot;:true}\" data-hydrate-slots=\"{&#039;default&#039;:[]}\" class=\"tspDEr8 tspDDr6\" rel=\"nofollow noopener\" target=\"_blank\">Zu Roland Kaiser ziehen sie blank Ein Besuch bei der Schlagernacktparty in Berlin <\/a><a href=\"https:\/\/www.tagesspiegel.de\/berlin\/nacktsein-reduziert-vieles-was-ein-berliner-saunameister-tag-fur-tag-erlebt-15255789.html?icid=topic-list_15923464___\" data-gtm-class=\"article-mzt-link\" data-hydrate-fingerprint=\"09740a54944caac75fd2c0c63fd5c5df\" data-hydrate-props=\"{&amp;escapedquot;element&amp;escapedquot;:{&amp;escapedquot;type&amp;escapedquot;:&amp;escapedquot;relatedContent&amp;escapedquot;,&amp;escapedquot;fieldMap&amp;escapedquot;:{},&amp;escapedquot;relation&amp;escapedquot;:{&amp;escapedquot;fields&amp;escapedquot;:{&amp;escapedquot;isPaid&amp;escapedquot;:true},&amp;escapedquot;href&amp;escapedquot;:&amp;escapedquot;\/berlin\/nacktsein-reduziert-vieles-was-ein-berliner-saunameister-tag-fur-tag-erlebt-15255789.html&amp;escapedquot;,&amp;escapedquot;teaserTitle&amp;escapedquot;:{&amp;escapedquot;kicker&amp;escapedquot;:&amp;escapedquot;\u201eNacktsein reduziert vieles\u201c&amp;escapedquot;,&amp;escapedquot;headline&amp;escapedquot;:&amp;escapedquot;Was ein Berliner Saunameister Tag f\u00fcr Tag erlebt&amp;escapedquot;},&amp;escapedquot;id&amp;escapedquot;:&amp;escapedquot;15255789&amp;escapedquot;,&amp;escapedquot;type&amp;escapedquot;:&amp;escapedquot;story&amp;escapedquot;},&amp;escapedquot;isPartOfList&amp;escapedquot;:true,&amp;escapedquot;topicListType&amp;escapedquot;:&amp;escapedquot;topic-list&amp;escapedquot;},&amp;escapedquot;showArrow&amp;escapedquot;:true}\" data-hydrate-slots=\"{&#039;default&#039;:[]}\" class=\"tspDEr8 tspDDr6\" rel=\"nofollow noopener\" target=\"_blank\">\u201eNacktsein reduziert vieles\u201c Was ein Berliner Saunameister Tag f\u00fcr Tag erlebt <\/a><a href=\"https:\/\/www.tagesspiegel.de\/berlin\/nachbarn-nackt-auf-dem-balkon-mussen-wir-diese-blosse-ertragen-15837389.html?icid=topic-list_15923464___\" data-gtm-class=\"article-mzt-link\" data-hydrate-fingerprint=\"09740a54944caac75fd2c0c63fd5c5df\" data-hydrate-props=\"{&amp;escapedquot;element&amp;escapedquot;:{&amp;escapedquot;type&amp;escapedquot;:&amp;escapedquot;relatedContent&amp;escapedquot;,&amp;escapedquot;fieldMap&amp;escapedquot;:{},&amp;escapedquot;relation&amp;escapedquot;:{&amp;escapedquot;fields&amp;escapedquot;:{&amp;escapedquot;isPaid&amp;escapedquot;:true},&amp;escapedquot;href&amp;escapedquot;:&amp;escapedquot;\/berlin\/nachbarn-nackt-auf-dem-balkon-mussen-wir-diese-blosse-ertragen-15837389.html&amp;escapedquot;,&amp;escapedquot;teaserTitle&amp;escapedquot;:{&amp;escapedquot;kicker&amp;escapedquot;:&amp;escapedquot;Nachbarn nackt auf dem Balkon&amp;escapedquot;,&amp;escapedquot;headline&amp;escapedquot;:&amp;escapedquot;M\u00fcssen wir diese Bl\u00f6\u00dfe ertragen?&amp;escapedquot;},&amp;escapedquot;id&amp;escapedquot;:&amp;escapedquot;15837389&amp;escapedquot;,&amp;escapedquot;type&amp;escapedquot;:&amp;escapedquot;story&amp;escapedquot;},&amp;escapedquot;isPartOfList&amp;escapedquot;:true,&amp;escapedquot;topicListType&amp;escapedquot;:&amp;escapedquot;topic-list&amp;escapedquot;},&amp;escapedquot;showArrow&amp;escapedquot;:true}\" data-hydrate-slots=\"{&#039;default&#039;:[]}\" class=\"tspDEr8 tspDDr6\" rel=\"nofollow noopener\" target=\"_blank\">Nachbarn nackt auf dem Balkon M\u00fcssen wir diese Bl\u00f6\u00dfe ertragen? <\/a><\/p>\n<p class=\"tspBKln\">Wer sich in welcher freiz\u00fcgigen Form am sommerlich prognostizierten Sonntag schlie\u00dflich aufs Rad schwingen wird, wird der sommerliche Sonntag ab 10\u00a0Uhr beweisen. Sonnencreme nicht vergessen!<\/p>\n","protected":false},"excerpt":{"rendered":"Wenn es nach dem Deutschen Wetterdienst geht, wird der kommende Sonntag ein recht gew\u00f6hnlicher Sommertag: heiter bis wolkig,&hellip;\n","protected":false},"author":2,"featured_media":1221616,"comment_status":"","ping_status":"","sticky":false,"template":"","format":"standard","meta":{"footnotes":"","_share_on_mastodon":"0"},"categories":[1825],"tags":[296,29,30,8753],"class_list":["post-1221615","post","type-post","status-publish","format-standard","has-post-thumbnail","category-berlin","tag-berlin","tag-deutschland","tag-germany","tag-mauerpark"],"share_on_mastodon":{"url":"https:\/\/pubeurope.com\/@de\/117053992709586658","error":""},"_links":{"self":[{"href":"https:\/\/www.europesays.com\/de\/wp-json\/wp\/v2\/posts\/1221615","targetHints":{"allow":["GET"]}}],"collection":[{"href":"https:\/\/www.europesays.com\/de\/wp-json\/wp\/v2\/posts"}],"about":[{"href":"https:\/\/www.europesays.com\/de\/wp-json\/wp\/v2\/types\/post"}],"author":[{"embeddable":true,"href":"https:\/\/www.europesays.com\/de\/wp-json\/wp\/v2\/users\/2"}],"replies":[{"embeddable":true,"href":"https:\/\/www.europesays.com\/de\/wp-json\/wp\/v2\/comments?post=1221615"}],"version-history":[{"count":0,"href":"https:\/\/www.europesays.com\/de\/wp-json\/wp\/v2\/posts\/1221615\/revisions"}],"wp:featuredmedia":[{"embeddable":true,"href":"https:\/\/www.europesays.com\/de\/wp-json\/wp\/v2\/media\/1221616"}],"wp:attachment":[{"href":"https:\/\/www.europesays.com\/de\/wp-json\/wp\/v2\/media?parent=1221615"}],"wp:term":[{"taxonomy":"category","embeddable":true,"href":"https:\/\/www.europesays.com\/de\/wp-json\/wp\/v2\/categories?post=1221615"},{"taxonomy":"post_tag","embeddable":true,"href":"https:\/\/www.europesays.com\/de\/wp-json\/wp\/v2\/tags?post=1221615"}],"curies":[{"name":"wp","href":"https:\/\/api.w.org\/{rel}","templated":true}]}}