{"id":1221660,"date":"2026-08-07T11:56:22","date_gmt":"2026-08-07T11:56:22","guid":{"rendered":"https:\/\/www.europesays.com\/de\/1221660\/"},"modified":"2026-08-07T11:56:22","modified_gmt":"2026-08-07T11:56:22","slug":"mut-bei-hausbrand-nachbarn-retten-mann-aus-brennender-wohnung-mannheim","status":"publish","type":"post","link":"https:\/\/www.europesays.com\/de\/1221660\/","title":{"rendered":"Mut bei Hausbrand: Nachbarn retten Mann aus brennender Wohnung &#8211; Mannheim"},"content":{"rendered":"<p class=\"rhp-dpa-teaser\"><b>In Mannheim-Sch\u00f6nau wird ein Mann aus einer brennenden Wohnung gerettet.  Zwei Nachbarn berichten von dramatischen Momenten.<\/b><\/p>\n<p>F\u00fcr ihre Nachbarn sind sie jetzt Helden: Erdal Celik und Patrick Hofmann haben am Mittwochabend in Mannheim-Sch\u00f6nau einem Mann vermutlich das Leben gerettet. Die beiden M\u00e4nner z\u00f6gerten nicht, betraten ein stark verrauschtes Geb\u00e4ude und holten den schwer verletzten Bewohner aus einer brennenden Wohnung.<\/p>\n<p class=\"rhp-teaser\"><b>In Mannheim-Sch\u00f6nau wird ein Mann aus einer brennenden Wohnung gerettet.  Zwei Nachbarn berichten von dramatischen Momenten.<\/b><\/p>\n","protected":false},"excerpt":{"rendered":"In Mannheim-Sch\u00f6nau wird ein Mann aus einer brennenden Wohnung gerettet. Zwei Nachbarn berichten von dramatischen Momenten. F\u00fcr ihre&hellip;\n","protected":false},"author":2,"featured_media":1221661,"comment_status":"","ping_status":"","sticky":false,"template":"","format":"standard","meta":{"footnotes":"","_share_on_mastodon":"0"},"categories":[1845],"tags":[1634,3364,29,55916,548,663,3934,985,30,13,4060,2096,14,15,253963,121,12,42995],"class_list":["post-1221660","post","type-post","status-publish","format-standard","has-post-thumbnail","category-mannheim","tag-baden-wuerttemberg","tag-de","tag-deutschland","tag-erdal-celik","tag-eu","tag-europa","tag-europe","tag-feuerwehr","tag-germany","tag-headlines","tag-lokal","tag-mannheim","tag-nachrichten","tag-news","tag-patrick-hofmann","tag-polizei","tag-schlagzeilen","tag-schoenau"],"share_on_mastodon":{"url":"https:\/\/pubeurope.com\/@de\/117054104450175892","error":""},"_links":{"self":[{"href":"https:\/\/www.europesays.com\/de\/wp-json\/wp\/v2\/posts\/1221660","targetHints":{"allow":["GET"]}}],"collection":[{"href":"https:\/\/www.europesays.com\/de\/wp-json\/wp\/v2\/posts"}],"about":[{"href":"https:\/\/www.europesays.com\/de\/wp-json\/wp\/v2\/types\/post"}],"author":[{"embeddable":true,"href":"https:\/\/www.europesays.com\/de\/wp-json\/wp\/v2\/users\/2"}],"replies":[{"embeddable":true,"href":"https:\/\/www.europesays.com\/de\/wp-json\/wp\/v2\/comments?post=1221660"}],"version-history":[{"count":0,"href":"https:\/\/www.europesays.com\/de\/wp-json\/wp\/v2\/posts\/1221660\/revisions"}],"wp:featuredmedia":[{"embeddable":true,"href":"https:\/\/www.europesays.com\/de\/wp-json\/wp\/v2\/media\/1221661"}],"wp:attachment":[{"href":"https:\/\/www.europesays.com\/de\/wp-json\/wp\/v2\/media?parent=1221660"}],"wp:term":[{"taxonomy":"category","embeddable":true,"href":"https:\/\/www.europesays.com\/de\/wp-json\/wp\/v2\/categories?post=1221660"},{"taxonomy":"post_tag","embeddable":true,"href":"https:\/\/www.europesays.com\/de\/wp-json\/wp\/v2\/tags?post=1221660"}],"curies":[{"name":"wp","href":"https:\/\/api.w.org\/{rel}","templated":true}]}}