{"id":1221692,"date":"2026-08-07T12:17:16","date_gmt":"2026-08-07T12:17:16","guid":{"rendered":"https:\/\/www.europesays.com\/de\/1221692\/"},"modified":"2026-08-07T12:17:16","modified_gmt":"2026-08-07T12:17:16","slug":"cannabisversorgung-pharma-deutschland-begruesst-klarstellung-von-kbv-und","status":"publish","type":"post","link":"https:\/\/www.europesays.com\/de\/1221692\/","title":{"rendered":"Cannabisversorgung: Pharma Deutschland begr\u00fc\u00dft Klarstellung von KBV und &#8230;"},"content":{"rendered":"<p class=\"date\">07.08.2026 \u2013 14:06<\/p>\n<p class=\"customer\">\n                        <a class=\"story-customer\" title=\"weiter zum newsroom von Pharma Deutschland e.V.\" href=\"https:\/\/www.presseportal.de\/nr\/54882\" rel=\"nofollow noopener\" target=\"_blank\">Pharma Deutschland e.V.<\/a>\n                    <\/p>\n<p><a data-category=\"citylink-story-view\" data-action=\"click\" data-label=\"Citylink in Meldungsansicht\" class=\"story-city event-trigger\" href=\"https:\/\/www.presseportal.de\/regional\/Berlin\" title=\"News aus Berlin \" rel=\"nofollow noopener\" target=\"_blank\">Berlin<\/a> (ots)<\/p>\n<p><b>Gemeinsame Auslegung schafft Orientierung f\u00fcr Patientinnen und Patienten, \u00c4rztinnen und \u00c4rzte, Kostentr\u00e4ger und Hersteller<\/b><\/p>\n<p> Pharma Deutschland begr\u00fc\u00dft die gemeinsame Klarstellung von Kassen\u00e4rztlicher Bundesvereinigung (KBV) und GKV-Spitzenverband zu den neuen Regelungen f\u00fcr die Verordnung cannabishaltiger Arzneimittel. Die Klarstellung sorgt f\u00fcr dringend ben\u00f6tigte Orientierung f\u00fcr Patientinnen und Patienten, die verordnende \u00c4rzteschaft, Krankenkassen und Hersteller. <\/p>\n<p> Die interpretationsanf\u00e4llige Regelung h\u00e4tte die Versorgung erschweren k\u00f6nnen, weil sie einen sechsmonatigen Therapieversuch mit Fertigarzneimitteln vorsah &#8211; auch wenn diese f\u00fcr die konkrete Erkrankung nicht zugelassen sind. Die gemeinsame Auslegung von KBV und GKV-Spitzenverband begrenzt den Versuch nun auf zugelassene Indikationen und erm\u00f6glicht bei Unvertr\u00e4glichkeit oder fehlender Wirksamkeit einen fr\u00fchzeitigen Therapiewechsel. Damit wird die Versorgung patientengerechter und praxistauglicher. <\/p>\n<p> Konkret haben KBV und GKV-Spitzenverband klargestellt, dass der gesetzlich vorgesehene sechsmonatige Therapieversuch mit einem cannabishaltigen Fertigarzneimittel nur bei Indikationen gilt, f\u00fcr die ein entsprechendes Arzneimittel zugelassen ist. Auch f\u00fcr bereits behandelte Patientinnen und Patienten gelten Ausnahmen. <\/p>\n<p> &#8222;Die jetzige Einigung von KBV und GKV-Spitzenverband zur Cannabisversorgung hilft vor allem den Patientinnen und Patienten, deren Versorgung nicht durch unklare oder widerspr\u00fcchliche Vorgaben gef\u00e4hrdet werden darf. Das GKV-Beitragssatzstabilisierungsgesetz hat bei dem Thema Cannabisversorgung durch seinen einseitigen Fokus auf kurzfristige Einsparungen operative Probleme verursacht, die anschlie\u00dfend durch Auslegungshinweise und nachtr\u00e4gliche Klarstellungen aufgefangen werden mussten. Mit der Standortklausel steht uns allen noch mindestens eine solche Nachbesserung des Gesetzes bevor&#8220;, erkl\u00e4rt Dorothee Brakmann, Hauptgesch\u00e4ftsf\u00fchrerin von Pharma Deutschland. <\/p>\n<p> Die nun erfolgte Klarstellung ist aus Sicht von Pharma Deutschland ein notwendiger Schritt, um Versorgungsl\u00fccken und Fehlsteuerungen zu vermeiden. Sie kann jedoch nicht dar\u00fcber hinwegt\u00e4uschen, dass die neuen gesetzlichen Vorgaben in der Umsetzung erheblichen Kl\u00e4rungsbedarf ausgel\u00f6st haben. Die KBV verweist ausdr\u00fccklich auf zahlreiche Nachfragen aus der \u00c4rzteschaft seit Inkrafttreten der Neuregelungen. <\/p>\n<p><b>_______________<\/b><\/p>\n<p><b>Der Pharma Deutschland e.V. ist der mitgliederst\u00e4rkste Branchenverband der Pharmaindustrie in Deutschland. Er vertritt die Interessen von rund 400 Mitgliedsunternehmen, die in Deutschland ca. 80.000 Mitarbeiterinnen und Mitarbeiter besch\u00e4ftigen. Die in Pharma Deutschland e.V. organisierten Unternehmen tragen ma\u00dfgeblich dazu bei, die Arzneimittelversorgung in Deutschland zu sichern. So stellen sie fast 80 Prozent der in Apotheken verkauften rezeptfreien und fast zwei Drittel der rezeptpflichtigen Arzneimittel sowie einen Gro\u00dfteil der stofflichen und dentalen Medizinprodukte f\u00fcr die Patientinnen und Patienten bereit. Unter  <a target=\"_blank\" class=\"uri-ext outbound\" rel=\"noopener nofollow\" href=\"http:\/\/www.pharmadeutschland.de\/\">www.pharmadeutschland.de<\/a> gibt es mehr Informationen zu Pharma Deutschland.<\/b><\/p>\n<p class=\"contact-headline\">Ihre Ansprechpartner in der Pressestelle von Pharma Deutschland:<\/p>\n<p class=\"contact-text\">Hannes H\u00f6nemann<br \/>Leiter Abteilung Presse- und \u00d6ffentlichkeitsarbeit<br \/>T. +49 171 5618203<br \/><a href=\"https:\/\/www.presseportal.de\/pm\/54882\/mailto:hoenemann@pharmadeutschland.de\" class=\"uri-mailto\" rel=\"nofollow noopener\" target=\"_blank\">hoenemann@pharmadeutschland.de<\/a><\/p>\n<p>Anna Frederike Gutzeit<br \/>CvD Presse- und \u00d6ffentlichkeitsarbeit<br \/>T. +49 170 4548014<br \/><a href=\"https:\/\/www.presseportal.de\/pm\/54882\/mailto:gutzeit@pharmadeutschland.de\" class=\"uri-mailto\" rel=\"nofollow noopener\" target=\"_blank\">gutzeit@pharmadeutschland.de<\/a><\/p>\n<p>Gesch\u00e4ftsstelle Berlin<br \/>Pharma Deutschland e.V.<br \/>Friedrichstra\u00dfe 134<br \/>10117 Berlin<\/p>\n<p>Gesch\u00e4ftsstelle Bonn<br \/>Pharma Deutschland e.V.<br \/>Ubierstra\u00dfe 71-73<br \/>53173 Bonn<\/p>\n<p>Gesch\u00e4ftsstelle Br\u00fcssel<br \/>Pharma Deutschland e.V.<br \/>Rue Marie de Bourgogne 58<br \/>1000 Br\u00fcssel<\/p>\n<p><a target=\"_blank\" class=\"uri-ext outbound\" rel=\"noopener nofollow\" href=\"https:\/\/www.pharmadeutschland.de\">www.pharmadeutschland.de<\/a><br \/>LinkedIn: <a target=\"_blank\" class=\"uri-ext outbound\" rel=\"noopener nofollow\" href=\"https:\/\/www.linkedin.com\/company\/pharmadeutschland\/\">https:\/\/www.linkedin.com\/company\/pharmadeutschland\/<\/a><\/p>\n<p class=\"originator\">Original-Content von: Pharma Deutschland e.V., \u00fcbermittelt durch news aktuell<\/p>\n","protected":false},"excerpt":{"rendered":"07.08.2026 \u2013 14:06 Pharma Deutschland e.V. Berlin (ots) Gemeinsame Auslegung schafft Orientierung f\u00fcr Patientinnen und Patienten, \u00c4rztinnen und&hellip;\n","protected":false},"author":2,"featured_media":1184682,"comment_status":"","ping_status":"","sticky":false,"template":"","format":"standard","meta":{"footnotes":"","_share_on_mastodon":"0"},"categories":[2],"tags":[331,3924,332,3922,3283,116266,652,3364,29,30,4612,13,14,3923,15,3921,6802,178,180,179,181,12,11908],"class_list":["post-1221692","post","type-post","status-publish","format-standard","has-post-thumbnail","category-deutschland","tag-aktuelle-nachrichten","tag-aktuelle-nachrichten-aus-deutschland","tag-aktuelle-news","tag-aktuelle-news-aus-deutschland","tag-arzneimittel","tag-arzneimittelversorgung","tag-cannabis","tag-de","tag-deutschland","tag-germany","tag-gesundheitspolitik","tag-headlines","tag-nachrichten","tag-nachrichten-aus-deutschland","tag-news","tag-news-aus-deutschland","tag-pharmaindustrie","tag-presse","tag-pressemeldung","tag-pressemitteilung","tag-pressemitteilungen","tag-schlagzeilen","tag-verbnde"],"share_on_mastodon":{"url":"https:\/\/pubeurope.com\/@de\/117054186782017538","error":""},"_links":{"self":[{"href":"https:\/\/www.europesays.com\/de\/wp-json\/wp\/v2\/posts\/1221692","targetHints":{"allow":["GET"]}}],"collection":[{"href":"https:\/\/www.europesays.com\/de\/wp-json\/wp\/v2\/posts"}],"about":[{"href":"https:\/\/www.europesays.com\/de\/wp-json\/wp\/v2\/types\/post"}],"author":[{"embeddable":true,"href":"https:\/\/www.europesays.com\/de\/wp-json\/wp\/v2\/users\/2"}],"replies":[{"embeddable":true,"href":"https:\/\/www.europesays.com\/de\/wp-json\/wp\/v2\/comments?post=1221692"}],"version-history":[{"count":0,"href":"https:\/\/www.europesays.com\/de\/wp-json\/wp\/v2\/posts\/1221692\/revisions"}],"wp:featuredmedia":[{"embeddable":true,"href":"https:\/\/www.europesays.com\/de\/wp-json\/wp\/v2\/media\/1184682"}],"wp:attachment":[{"href":"https:\/\/www.europesays.com\/de\/wp-json\/wp\/v2\/media?parent=1221692"}],"wp:term":[{"taxonomy":"category","embeddable":true,"href":"https:\/\/www.europesays.com\/de\/wp-json\/wp\/v2\/categories?post=1221692"},{"taxonomy":"post_tag","embeddable":true,"href":"https:\/\/www.europesays.com\/de\/wp-json\/wp\/v2\/tags?post=1221692"}],"curies":[{"name":"wp","href":"https:\/\/api.w.org\/{rel}","templated":true}]}}