{"id":1221747,"date":"2026-08-07T12:51:14","date_gmt":"2026-08-07T12:51:14","guid":{"rendered":"https:\/\/www.europesays.com\/de\/1221747\/"},"modified":"2026-08-07T12:51:14","modified_gmt":"2026-08-07T12:51:14","slug":"grundbesitz-hamburg-gehoert-fast-die-haelfte-der-stadtflaeche","status":"publish","type":"post","link":"https:\/\/www.europesays.com\/de\/1221747\/","title":{"rendered":"Grundbesitz: Hamburg geh\u00f6rt fast die H\u00e4lfte der Stadtfl\u00e4che"},"content":{"rendered":"<p class=\"is-first-paragraph\" data-external=\"Article.FirstParagraph\">Die Stadt Hamburg hat im vergangenen Jahr erneut mehr Grundst\u00fccke gekauft als verkauft. Insgesamt habe sie f\u00fcr 49,3 Millionen Euro 87,8 Hektar Fl\u00e4che erworben, sagte Finanzsenator Andreas Dressel (SPD). Demgegen\u00fcber standen im vergangenen Jahr Verk\u00e4ufe von 81,8 Hektar zum Preis von 14 Millionen Euro. Zudem habe die Stadt Erbbaurechte f\u00fcr 8,5 Hektar vergeben, hei\u00dft es in der Fl\u00e4chenbilanz des Landesbetriebs Immobilienmanagement und Grundverm\u00f6gen (LIG).<\/p>\n<p>49,5 Prozent der Fl\u00e4che Hamburgs geh\u00f6ren der Stadt<\/p>\n<p>Die Freie und Hansestadt besa\u00df damit den Angaben zufolge im vergangenen Jahr rund 29.505 Hektar Fl\u00e4che \u2013 20 Hektar mehr als im Jahr zuvor. Werden die Grundst\u00fccke der \u00f6ffentlichen Unternehmen, an denen Hamburg mehrheitlich beteiligt ist, dazugerechnet, kommt die Stadt nach Dressels Angaben sogar auf einen Fl\u00e4chenbestand von 37.340 Hektar. Das entspreche fast der H\u00e4lfte (49,5 Prozent) der gesamten Fl\u00e4che Hamburgs.<\/p>\n<p>Zu den gr\u00f6\u00dften Ank\u00e4ufen z\u00e4hlte eine landwirtschaftliche Fl\u00e4che von 69.000 Quadratmetern in Harburg, auf der einmal Hunderte Wohnungen entstehen sollen. Ebenfalls bedeutsam gewesen sei das Ersteigern des Gel\u00e4ndes der insolventen Hamburger Werft Pella Sietas. Das 147.690 Quadratmeter gro\u00dfe Areal in Neuenfelde ging f\u00fcr rund 20 Millionen Euro an die Stadt.<\/p>\n<p>Zahl der Erbbaurechtsvertr\u00e4ge leicht gesunken<\/p>\n<p>Die Zahl der Erbbaurechtsvertr\u00e4ge betrug den Angaben zufolge im vergangenen Jahr 4.380 &#8211; vier weniger als im Jahr zuvor. 13 ausgelaufenen Erbbaurechtsvertr\u00e4gen st\u00fcnden 9 neu abgeschlossene Vertr\u00e4ge gegen\u00fcber, sagte LIG-Gesch\u00e4ftsf\u00fchrer Christof Otto. 34 Vertr\u00e4ge seien verl\u00e4ngert worden.<\/p>\n<p>Dressel verwies auf die schwierige Haushaltslage in den kommenden Jahren. Priorit\u00e4t habe zwar das Thema bezahlbares Wohnen, andererseits m\u00fcsse aber auch die Einnahmenseite im Blick bleiben. \u201eEine Option muss dabei auch sein, die ein oder andere Fl\u00e4che zu verkaufen, damit unsere Vorhaben auch weiterhin realisiert werden k\u00f6nnen\u201c, sagte Dressel.<\/p>\n","protected":false},"excerpt":{"rendered":"Die Stadt Hamburg hat im vergangenen Jahr erneut mehr Grundst\u00fccke gekauft als verkauft. Insgesamt habe sie f\u00fcr 49,3&hellip;\n","protected":false},"author":2,"featured_media":1221748,"comment_status":"","ping_status":"","sticky":false,"template":"","format":"standard","meta":{"footnotes":"","_share_on_mastodon":"0"},"categories":[1826],"tags":[12092,29,67305,30,253981,692,45],"class_list":["post-1221747","post","type-post","status-publish","format-standard","has-post-thumbnail","category-hamburg","tag-andreas","tag-deutschland","tag-dressel","tag-germany","tag-grundbesitz-ks","tag-hamburg","tag-texttospeech"],"share_on_mastodon":{"url":"https:\/\/pubeurope.com\/@de\/117054320476640260","error":""},"_links":{"self":[{"href":"https:\/\/www.europesays.com\/de\/wp-json\/wp\/v2\/posts\/1221747","targetHints":{"allow":["GET"]}}],"collection":[{"href":"https:\/\/www.europesays.com\/de\/wp-json\/wp\/v2\/posts"}],"about":[{"href":"https:\/\/www.europesays.com\/de\/wp-json\/wp\/v2\/types\/post"}],"author":[{"embeddable":true,"href":"https:\/\/www.europesays.com\/de\/wp-json\/wp\/v2\/users\/2"}],"replies":[{"embeddable":true,"href":"https:\/\/www.europesays.com\/de\/wp-json\/wp\/v2\/comments?post=1221747"}],"version-history":[{"count":0,"href":"https:\/\/www.europesays.com\/de\/wp-json\/wp\/v2\/posts\/1221747\/revisions"}],"wp:featuredmedia":[{"embeddable":true,"href":"https:\/\/www.europesays.com\/de\/wp-json\/wp\/v2\/media\/1221748"}],"wp:attachment":[{"href":"https:\/\/www.europesays.com\/de\/wp-json\/wp\/v2\/media?parent=1221747"}],"wp:term":[{"taxonomy":"category","embeddable":true,"href":"https:\/\/www.europesays.com\/de\/wp-json\/wp\/v2\/categories?post=1221747"},{"taxonomy":"post_tag","embeddable":true,"href":"https:\/\/www.europesays.com\/de\/wp-json\/wp\/v2\/tags?post=1221747"}],"curies":[{"name":"wp","href":"https:\/\/api.w.org\/{rel}","templated":true}]}}