{"id":122194,"date":"2025-05-19T06:37:07","date_gmt":"2025-05-19T06:37:07","guid":{"rendered":"https:\/\/www.europesays.com\/de\/122194\/"},"modified":"2025-05-19T06:37:07","modified_gmt":"2025-05-19T06:37:07","slug":"hamburg-mutmasslicher-taschendieb-in-s-bahn-festgenommen-regional","status":"publish","type":"post","link":"https:\/\/www.europesays.com\/de\/122194\/","title":{"rendered":"Hamburg: Mutma\u00dflicher Taschendieb in S-Bahn festgenommen | Regional"},"content":{"rendered":"<p>Hamburg \u2013 <b>Ein mutma\u00dflicher Taschendieb wurde am fr\u00fchen Sonntagmorgen im S-Bahnhof Iserbrook von der Bundespolizei vorl\u00e4ufig festgenommen.<\/b><\/p>\n<p>Der 22-j\u00e4hrige Ukrainer soll einem schlafenden Fahrgast mehrere pers\u00f6nliche Gegenst\u00e4nde entwendet haben. Gegen 6.45 Uhr bemerkten zivile Fahnder der Bundespolizei am S-Bahnhof Reeperbahn einen Mann, dessen Verhalten ihnen bekannt vorkam. Sie folgten ihm unauff\u00e4llig, als er in eine S-Bahn Richtung Wedel stieg.<\/p>\n<p>Auch interessant<\/p>\n<p>Anzeige<\/p>\n<p>Auch interessant<\/p>\n<p>Anzeige<\/p>\n<p>W\u00e4hrend der Fahrt setzte sich der Verd\u00e4chtige zu einem schlafenden Passagier und beobachtete ihn auff\u00e4llig. Kurz darauf wechselte er den Waggon. Der Gesch\u00e4digte berichtete den Beamten, dass sein iPhone fehlte.<\/p>\n<p>Die vorl\u00e4ufige Festnahme des Verd\u00e4chtigen erfolgte beim Ausstieg in Iserbrook. Bei der Durchsuchung fanden die Beamten das gestohlene iPhone und ein weiteres Handy in seiner Hosentasche. Auch eine Powerbank, Tabakutensilien und eine 10-Euro-Banknote des Gesch\u00e4digten wurden sichergestellt und zur\u00fcckgegeben.<\/p>\n<p>Der 22-J\u00e4hrige wurde zur weiteren Bearbeitung zum Bundespolizeirevier Hamburg-Altona gebracht. Die Bundespolizei sicherte die Videoaufzeichnungen der S-Bahn zur weiteren Untersuchung. Nach Abschluss der Ma\u00dfnahmen wurde der Verd\u00e4chtige mangels Haftgr\u00fcnden entlassen. Gegen ihn l\u00e4uft ein Strafverfahren wegen Diebstahls. Die Ermittlungen f\u00fchrt der Ermittlungsdienst der Bundespolizeiinspektion Hamburg.<\/p>\n<p>Dieser Text basiert auf einer offiziellen Beh\u00f6rden-Information und wurde mit Hilfe von KI erstellt.<\/p>\n","protected":false},"excerpt":{"rendered":"Hamburg \u2013 Ein mutma\u00dflicher Taschendieb wurde am fr\u00fchen Sonntagmorgen im S-Bahnhof Iserbrook von der Bundespolizei vorl\u00e4ufig festgenommen. Der&hellip;\n","protected":false},"author":2,"featured_media":85959,"comment_status":"","ping_status":"","sticky":false,"template":"","format":"standard","meta":{"footnotes":""},"categories":[1826],"tags":[29,1686,30,692,2509,121,45,1995],"class_list":{"0":"post-122194","1":"post","2":"type-post","3":"status-publish","4":"format-standard","5":"has-post-thumbnail","7":"category-hamburg","8":"tag-deutschland","9":"tag-diebstahl","10":"tag-germany","11":"tag-hamburg","12":"tag-ki-ots","13":"tag-polizei","14":"tag-texttospeech","15":"tag-verbrechen"},"share_on_mastodon":{"url":"https:\/\/pubeurope.com\/@de\/114533121671977091","error":""},"_links":{"self":[{"href":"https:\/\/www.europesays.com\/de\/wp-json\/wp\/v2\/posts\/122194","targetHints":{"allow":["GET"]}}],"collection":[{"href":"https:\/\/www.europesays.com\/de\/wp-json\/wp\/v2\/posts"}],"about":[{"href":"https:\/\/www.europesays.com\/de\/wp-json\/wp\/v2\/types\/post"}],"author":[{"embeddable":true,"href":"https:\/\/www.europesays.com\/de\/wp-json\/wp\/v2\/users\/2"}],"replies":[{"embeddable":true,"href":"https:\/\/www.europesays.com\/de\/wp-json\/wp\/v2\/comments?post=122194"}],"version-history":[{"count":0,"href":"https:\/\/www.europesays.com\/de\/wp-json\/wp\/v2\/posts\/122194\/revisions"}],"wp:featuredmedia":[{"embeddable":true,"href":"https:\/\/www.europesays.com\/de\/wp-json\/wp\/v2\/media\/85959"}],"wp:attachment":[{"href":"https:\/\/www.europesays.com\/de\/wp-json\/wp\/v2\/media?parent=122194"}],"wp:term":[{"taxonomy":"category","embeddable":true,"href":"https:\/\/www.europesays.com\/de\/wp-json\/wp\/v2\/categories?post=122194"},{"taxonomy":"post_tag","embeddable":true,"href":"https:\/\/www.europesays.com\/de\/wp-json\/wp\/v2\/tags?post=122194"}],"curies":[{"name":"wp","href":"https:\/\/api.w.org\/{rel}","templated":true}]}}