{"id":1221955,"date":"2026-08-07T14:56:13","date_gmt":"2026-08-07T14:56:13","guid":{"rendered":"https:\/\/www.europesays.com\/de\/1221955\/"},"modified":"2026-08-07T14:56:13","modified_gmt":"2026-08-07T14:56:13","slug":"topic-day-natcat-vom-risiko-zur-resilienz","status":"publish","type":"post","link":"https:\/\/www.europesays.com\/de\/1221955\/","title":{"rendered":"Topic Day NatCat: vom Risiko zur Resilienz"},"content":{"rendered":"<p>Der Klimawandel erh\u00f6ht den Handlungsdruck in der Geb\u00e4udeversicherung. Extremwetterereignisse wie Starkregen, Hochwasser, Sturm oder Hagel treten h\u00e4ufiger und intensiver auf, Schadenverl\u00e4ufe werden volatiler und Risikobewertungen komplexer. F\u00fcr Versicherer geht es damit l\u00e4ngst nicht mehr nur um Schadenregulierung \u2013 sondern um die Frage, wie private und gewerbliche Geb\u00e4udeversicherung unter ver\u00e4nderten Risikobedingungen tragf\u00e4hig bleibt.<\/p>\n<p>Doch wie lassen sich Naturgefahren besser messen, bepreisen und steuern? Welche Rolle spielen Pr\u00e4vention, Datenqualit\u00e4t, R\u00fcckversicherung und Portfoliosteuerung? Und wo liegen k\u00fcnftig die Grenzen der Versicherbarkeit?\u00a0<br \/>Am 6. Oktober 2026 werfen die Teilnehmenden beim Topic Day NatCat einen praxisnahen Blick auf Naturgefahren, Pr\u00e4vention und die Zukunft der Geb\u00e4udeversicherung. Das ganzt\u00e4gige Programm beinhaltet Inputs von Expert*innen, zwei Workshops zu den Themen Pr\u00e4vention und Pflichtversicherung sowie eine Podiumsdiskussion \u00fcber &#8222;Zielbild NatCat 2.0: Sicher navigieren durch den perfekten Sturm \u2013 was nun zu tun ist&#8220;. Anja Bierwirth, Leiterin des Forschungsbereichs Stadtwandel am Wuppertal Institut, gibt von 11:25 bis 11:45 Uhr einen Input zur Zukunftsf\u00e4higkeit von Geb\u00e4uden in einer Stadt und erl\u00e4utert, wie Zielkonflikte zu Synergien umgewandelt werden k\u00f6nnen.<\/p>\n<p>Morgens findet ein optionaler Au\u00dfentermin zur Hochwasser- und Starkregenpr\u00e4vention mit Ingo Schwerdorf von den Stadtentw\u00e4sserungsbetriebe K\u00f6ln, A\u00f6R statt. Der Fokus liegt auf Pr\u00e4vention vor Ort: Welche Rolle spielt die \u00f6ffentliche Hand, was bedeutet Eigenvorsorge f\u00fcr Geb\u00e4udeeigent\u00fcmer:innen \u2013 und wie k\u00f6nnen Versicherer zu mehr Resilienz beitragen? Geplant ist au\u00dferdem ein kurzer Rundgang durch die Hochwasserausstellung. Die Anmeldung zu diesem optionalen Termin l\u00e4uft separat ab.<\/p>\n<p>Die Brancheninitiative f\u00fcr Innovation und Transformation in der Versicherungswirtschaft InsurLab Germany e. V. organisiert die Veranstaltung. Anmeldungen sind ausschlie\u00dflich f\u00fcr Mitglieder m\u00f6glich. Weitere Informationen sind \u00fcber den unten stehenden Link auffindbar.<\/p>\n","protected":false},"excerpt":{"rendered":"Der Klimawandel erh\u00f6ht den Handlungsdruck in der Geb\u00e4udeversicherung. Extremwetterereignisse wie Starkregen, Hochwasser, Sturm oder Hagel treten h\u00e4ufiger und&hellip;\n","protected":false},"author":2,"featured_media":329526,"comment_status":"","ping_status":"","sticky":false,"template":"","format":"standard","meta":{"footnotes":"","_share_on_mastodon":"0"},"categories":[1840],"tags":[3364,29,1149,4781,19165,30,1563,19164,4507,1209,19166,19162,19160,19163,19161,383,601,4418,19159],"class_list":["post-1221955","post","type-post","status-publish","format-standard","has-post-thumbnail","category-wuppertal","tag-de","tag-deutschland","tag-energie","tag-energieeffizienz","tag-ernst-ulrich-von-weizsaecker","tag-germany","tag-klima","tag-manfred-fischedick","tag-nachhaltigkeit","tag-nordrhein-westfalen","tag-peter-hennicke","tag-ressourceneffizienz","tag-stoffstroeme","tag-sustainability","tag-transition-forschung","tag-umwelt","tag-verkehr","tag-wuppertal","tag-wuppertal-institut"],"share_on_mastodon":{"url":"https:\/\/pubeurope.com\/@de\/117054812139681809","error":""},"_links":{"self":[{"href":"https:\/\/www.europesays.com\/de\/wp-json\/wp\/v2\/posts\/1221955","targetHints":{"allow":["GET"]}}],"collection":[{"href":"https:\/\/www.europesays.com\/de\/wp-json\/wp\/v2\/posts"}],"about":[{"href":"https:\/\/www.europesays.com\/de\/wp-json\/wp\/v2\/types\/post"}],"author":[{"embeddable":true,"href":"https:\/\/www.europesays.com\/de\/wp-json\/wp\/v2\/users\/2"}],"replies":[{"embeddable":true,"href":"https:\/\/www.europesays.com\/de\/wp-json\/wp\/v2\/comments?post=1221955"}],"version-history":[{"count":0,"href":"https:\/\/www.europesays.com\/de\/wp-json\/wp\/v2\/posts\/1221955\/revisions"}],"wp:featuredmedia":[{"embeddable":true,"href":"https:\/\/www.europesays.com\/de\/wp-json\/wp\/v2\/media\/329526"}],"wp:attachment":[{"href":"https:\/\/www.europesays.com\/de\/wp-json\/wp\/v2\/media?parent=1221955"}],"wp:term":[{"taxonomy":"category","embeddable":true,"href":"https:\/\/www.europesays.com\/de\/wp-json\/wp\/v2\/categories?post=1221955"},{"taxonomy":"post_tag","embeddable":true,"href":"https:\/\/www.europesays.com\/de\/wp-json\/wp\/v2\/tags?post=1221955"}],"curies":[{"name":"wp","href":"https:\/\/api.w.org\/{rel}","templated":true}]}}