{"id":1222045,"date":"2026-08-07T15:59:15","date_gmt":"2026-08-07T15:59:15","guid":{"rendered":"https:\/\/www.europesays.com\/de\/1222045\/"},"modified":"2026-08-07T15:59:15","modified_gmt":"2026-08-07T15:59:15","slug":"tierischer-besuch-und-sonnenuntergaenge-leserfoto-des-monats-juli-gesucht-kreis-kusel","status":"publish","type":"post","link":"https:\/\/www.europesays.com\/de\/1222045\/","title":{"rendered":"Tierischer Besuch und Sonnenunterg\u00e4nge: Leserfoto des Monats Juli gesucht &#8211; Kreis Kusel"},"content":{"rendered":"<p class=\"rhp-dpa-teaser\"><b>Runde sieben im Fotowettbewerb \u201eKleine D\u00f6rfer, gro\u00dfe Motive\u201c: Wir suchen das Siegermotiv f\u00fcr den Juli \u2013 und schauen auch schon wieder nach vorn. Erst aber hei\u00dft\u2019s: klicken.<\/b><\/p>\n<p>Es ist wieder so weit: Sie, liebe Leserinnen und Leser, d\u00fcrfen ihre Stimme abgeben. Viele sch\u00f6ne Aufnahmen aus dem sonnigen Juli haben uns f\u00fcr die Serie \u201eKleine D\u00f6rfer, gro\u00dfe Motive\u201c erreicht und Lust auf den Sommer erhalten, auch wenn er uns mit der Hitze einiges abverlangt. Die tollen Aufnahmen zeigen bunt bl\u00fchende G\u00e4rten, Sonnenunterg\u00e4nge und noch mehr. Bis zum 17. August k\u00f6nnen Sie nun f\u00fcr Ihr Lieblingsfoto aus dem Juli abstimmen. <\/p>\n<p>Die Abstimmung ist gestartet<\/p>\n<p>Sie sind gefragt, ihren Favoriten auszusuchen. In einer Bildergalerie finden Sie die Fotos, die Leserinnen und Leser im Juli aufgenommen haben. Trotz Hitze und Trockenheit finden sich unter den Aufnahmen  wieder viele gr\u00fcne Oasen.<\/p>\n<p>&#8220; data-files=&#8220;\/\/widgets.opinary.com\/a\/rheinpfalz.js;\/\/widgets.opinary.com\/embed.js&#8220; data-callback=&#8220;&#8220; data-transformer=&#8220;&#8220; data-is-paid-content=&#8220;0&#8243;&gt;<\/p>\n<p class=\"consentReplacerFirst\"><b>An dieser Stelle finden Sie Umfragen von Opinary.<\/b><\/p>\n<p>Um Inhalte von Drittdiensten darzustellen und Ihnen die Interaktion mit diesen zu erm\u00f6glichen, ben\u00f6tigen wir Ihre Zustimmung.<\/p>\n<p>\t\t\t\tFremdinhalte aktivieren<\/p>\n<p class=\"consentReplacerLast\">\n<p>\t\t\t\t\tMit Bet\u00e4tigung des Buttons &#8222;Fremdinhalte aktivieren&#8220; geben Sie Ihre Einwilligung, dass Ihnen Inhalte von Drittanbietern (Soziale Netzwerke, Videos und andere Einbindungen) angezeigt werden. Damit k\u00f6nnen personenbezogene Daten an die entsprechenden Anbieter \u00fcbermittelt werden. Dazu ist ggf. die Speicherung von Cookies auf Ihrem Ger\u00e4t notwendig. Mehr Informationen und eine Widerrufsm\u00f6glichkeit finden Sie in unserer <a data-trakken=\"Datenschutz Reconsent\" href=\"https:\/\/www.rheinpfalz.de\/datenschutzerklaerung\" target=\"_self\" class=\"\" rel=\"nofollow noopener\">Datenschutzerkl\u00e4rung.<\/a><\/p>\n<p>Wir freuen uns \u00fcber Ihre Stimme bis Montag, 17. August, 12 Uhr. Wie jeden Monat nennen wir auch dieses Mal das Siegerbild und ver\u00f6ffentlichen es noch einmal in unserer Printausgabe.<\/p>\n<p>Auch f\u00fcr den laufenden Monat August suchen wir wieder Aufnahmen f\u00fcr unsere Serie \u201eKleine D\u00f6rfer, gro\u00dfe Motive\u201c. Die Bilder sollten m\u00f6glichst querformatig und gr\u00f6\u00dfer als ein Megabyte sein. Senden Sie sie bitte per Mail an <a href=\"http:\/\/www.rheinpfalz.de\/cdn-cgi\/l\/email-protection#c5b7a0a1aeb0b685b7ada0acabb5a3a4a9bfeba1a0\" target=\"_blank\" class=\"external-link-new-window\" title=\"\" rel=\"nofollow noopener\">[email\u00a0protected]<\/a> oder ganz einfach vom Smartphone per Whatsapp an die 06381 921212. Bitte vergessen Sie nicht, das Bild ein wenig zu beschreiben sowie den Entstehungsort und den Namen des Fotografen zu nennen. Fotos aus der Ferne sorgen in der Redaktion zwar f\u00fcr Urlaubsstimmung, allerdings suchen wir im Rahmen der Serie nach Schnappsch\u00fcssen von hierzulande.\u00a0<img decoding=\"async\" src=\"https:\/\/www.rheinpfalz.de\/pu_rhp\/images\/rheinpfalz-r-logo.svg\" alt=\"\"\/><\/p>\n","protected":false},"excerpt":{"rendered":"Runde sieben im Fotowettbewerb \u201eKleine D\u00f6rfer, gro\u00dfe Motive\u201c: Wir suchen das Siegermotiv f\u00fcr den Juli \u2013 und schauen&hellip;\n","protected":false},"author":2,"featured_media":1222046,"comment_status":"","ping_status":"","sticky":false,"template":"","format":"standard","meta":{"footnotes":"","_share_on_mastodon":"0"},"categories":[1775],"tags":[1793,29,214,30,97487,1794,254031,4060,74485,215],"class_list":["post-1222045","post","type-post","status-publish","format-standard","has-post-thumbnail","category-kunst-und-design","tag-art-and-design","tag-deutschland","tag-entertainment","tag-germany","tag-kreis-kusel","tag-kunst-und-design","tag-leserfoto","tag-lokal","tag-sonnenuntergang","tag-unterhaltung"],"share_on_mastodon":{"url":"https:\/\/pubeurope.com\/@de\/117055061357909550","error":""},"_links":{"self":[{"href":"https:\/\/www.europesays.com\/de\/wp-json\/wp\/v2\/posts\/1222045","targetHints":{"allow":["GET"]}}],"collection":[{"href":"https:\/\/www.europesays.com\/de\/wp-json\/wp\/v2\/posts"}],"about":[{"href":"https:\/\/www.europesays.com\/de\/wp-json\/wp\/v2\/types\/post"}],"author":[{"embeddable":true,"href":"https:\/\/www.europesays.com\/de\/wp-json\/wp\/v2\/users\/2"}],"replies":[{"embeddable":true,"href":"https:\/\/www.europesays.com\/de\/wp-json\/wp\/v2\/comments?post=1222045"}],"version-history":[{"count":0,"href":"https:\/\/www.europesays.com\/de\/wp-json\/wp\/v2\/posts\/1222045\/revisions"}],"wp:featuredmedia":[{"embeddable":true,"href":"https:\/\/www.europesays.com\/de\/wp-json\/wp\/v2\/media\/1222046"}],"wp:attachment":[{"href":"https:\/\/www.europesays.com\/de\/wp-json\/wp\/v2\/media?parent=1222045"}],"wp:term":[{"taxonomy":"category","embeddable":true,"href":"https:\/\/www.europesays.com\/de\/wp-json\/wp\/v2\/categories?post=1222045"},{"taxonomy":"post_tag","embeddable":true,"href":"https:\/\/www.europesays.com\/de\/wp-json\/wp\/v2\/tags?post=1222045"}],"curies":[{"name":"wp","href":"https:\/\/api.w.org\/{rel}","templated":true}]}}