{"id":1222101,"date":"2026-08-07T16:35:18","date_gmt":"2026-08-07T16:35:18","guid":{"rendered":"https:\/\/www.europesays.com\/de\/1222101\/"},"modified":"2026-08-07T16:35:18","modified_gmt":"2026-08-07T16:35:18","slug":"bochum-hertha-bsc-hier-im-live-ticker-start-der-2-bundesliga-fussball","status":"publish","type":"post","link":"https:\/\/www.europesays.com\/de\/1222101\/","title":{"rendered":"Bochum \u2013 Hertha BSC hier im Live-Ticker! Start der 2. Bundesliga | Fu\u00dfball"},"content":{"rendered":"<p><img loading=\"lazy\" decoding=\"async\" src=\"https:\/\/www.europesays.com\/de\/wp-content\/uploads\/2026\/08\/vgzm.2150080-6a731d6b203ba6592b08904e.gif\" width=\"1\" height=\"1\" alt=\"\" class=\"vgwort-pixel\"\/>Start der 2. Bundesliga: Bochum \u2013 Hertha BSC hier im Live-Ticker<img fetchpriority=\"high\" decoding=\"async\" width=\"992\" height=\"558\" alt=\"Hertha-Trainer Stefan Leitl (48)\" loading=\"eager\" src=\"https:\/\/www.europesays.com\/de\/wp-content\/uploads\/2026\/08\/0435b1b686e3bbc8657ea38f1d36c953,a043b8d1.jpeg\"   class=\"landscape\"\/><\/p>\n<p class=\"fig__caption__text\">Hertha-Trainer Stefan Leitl (48)<\/p>\n<p>Foto: Burmann\/City-Press<\/p>\n<p>07.08.2026 &#8211; 18:30 Uhr <\/p>\n<p><b>Endlich rollt der Ball wieder in der 2. Bundesliga! <\/b><\/p>\n<p>Zum Er\u00f6ffnungsspiel der neuen Saison empf\u00e4ngt der VfL Bochum am heutigen Freitagabend Hertha BSC. Anpfiff ist um 20.30 Uhr. Verfolgen Sie das Duell hier im Live-Ticker. <\/p>\n<p>Beide Traditionsklubs wollen nach einer entt\u00e4uschenden Vorsaison ein Ausrufezeichen setzen. W\u00e4hrend Bochum nach Platz neun im Vorjahr den Blick wieder nach oben richtet, startet Hertha nach einem gro\u00dfen Umbruch in die vierte Zweitliga-Saison in Folge. <\/p>\n<p>Leistungstr\u00e4ger wie Fabian Reese, Micha\u00ebl Cuisance und Tjark Ernst haben den Klub verlassen. Trotzdem gibt sich Mittelfeldspieler Paul Seguin optimistisch: \u201eIch will wieder Bundesliga spielen.\u201c Gleichzeitig mahnt der 31-J\u00e4hrige: \u201eHertha ist ein Zweitligist und muss so denken und handeln wie einer.\u201c<\/p>\n<p>2. Bundesliga: VfL Bochum gegen Hertha BSC im Live-Ticker<\/p>\n<p class=\"article-content-user-report\"><a href=\"https:\/\/sportbild.bild.de\/fussball\/2024\/fussball\/fussball-heute-live-alle-spiele-im-tv-stream-auf-einen-blick-87263610.sport.html\" target=\"_blank\" rel=\"noopener nofollow\" class=\"anchor anchor--external\">TV-Programm: So sehen Sie Fu\u00dfball heute live im TV<\/a><\/p>\n","protected":false},"excerpt":{"rendered":"Start der 2. Bundesliga: Bochum \u2013 Hertha BSC hier im Live-Ticker Hertha-Trainer Stefan Leitl (48) Foto: Burmann\/City-Press 07.08.2026&hellip;\n","protected":false},"author":2,"featured_media":1222102,"comment_status":"","ping_status":"","sticky":false,"template":"","format":"standard","meta":{"footnotes":"","_share_on_mastodon":"0"},"categories":[1839],"tags":[7507,299,3364,29,347,30,1088,5426,7721,1209,4222,1927,8173,784],"class_list":["post-1222101","post","type-post","status-publish","format-standard","has-post-thumbnail","category-bochum","tag-bochum","tag-bundesliga","tag-de","tag-deutschland","tag-fussball","tag-germany","tag-hertha-bsc","tag-live-ticker","tag-nofeed","tag-nordrhein-westfalen","tag-sky","tag-sport-standard","tag-vfl-bochum","tag-zweite-bundesliga"],"share_on_mastodon":{"url":"https:\/\/pubeurope.com\/@de\/117055203811394444","error":""},"_links":{"self":[{"href":"https:\/\/www.europesays.com\/de\/wp-json\/wp\/v2\/posts\/1222101","targetHints":{"allow":["GET"]}}],"collection":[{"href":"https:\/\/www.europesays.com\/de\/wp-json\/wp\/v2\/posts"}],"about":[{"href":"https:\/\/www.europesays.com\/de\/wp-json\/wp\/v2\/types\/post"}],"author":[{"embeddable":true,"href":"https:\/\/www.europesays.com\/de\/wp-json\/wp\/v2\/users\/2"}],"replies":[{"embeddable":true,"href":"https:\/\/www.europesays.com\/de\/wp-json\/wp\/v2\/comments?post=1222101"}],"version-history":[{"count":0,"href":"https:\/\/www.europesays.com\/de\/wp-json\/wp\/v2\/posts\/1222101\/revisions"}],"wp:featuredmedia":[{"embeddable":true,"href":"https:\/\/www.europesays.com\/de\/wp-json\/wp\/v2\/media\/1222102"}],"wp:attachment":[{"href":"https:\/\/www.europesays.com\/de\/wp-json\/wp\/v2\/media?parent=1222101"}],"wp:term":[{"taxonomy":"category","embeddable":true,"href":"https:\/\/www.europesays.com\/de\/wp-json\/wp\/v2\/categories?post=1222101"},{"taxonomy":"post_tag","embeddable":true,"href":"https:\/\/www.europesays.com\/de\/wp-json\/wp\/v2\/tags?post=1222101"}],"curies":[{"name":"wp","href":"https:\/\/api.w.org\/{rel}","templated":true}]}}