{"id":1222135,"date":"2026-08-07T16:58:16","date_gmt":"2026-08-07T16:58:16","guid":{"rendered":"https:\/\/www.europesays.com\/de\/1222135\/"},"modified":"2026-08-07T16:58:16","modified_gmt":"2026-08-07T16:58:16","slug":"fussball-dfb-bundesgericht-bestaetigt-urteil-gegen-dynamo-dresden","status":"publish","type":"post","link":"https:\/\/www.europesays.com\/de\/1222135\/","title":{"rendered":"Fu\u00dfball: DFB-Bundesgericht best\u00e4tigt Urteil gegen Dynamo Dresden"},"content":{"rendered":"<p class=\"paragraph article__item\">Das Bundesgericht des <a class=\"rtr-entity\" href=\"https:\/\/www.zeit.de\/thema\/dfb\" rel=\"nofollow noopener\" target=\"_blank\">Deutschen Fu\u00dfball-Bundes<\/a> (DFB) hat den <a href=\"https:\/\/www.zeit.de\/sport\/2026-04\/ausschreitungen-ermittlungen-dresden-hertha\" target=\"_blank\" rel=\"nofollow noopener\">Einspruch des Zweitligisten Dynamo Dresden<\/a> abgelehnt. Demnach muss der Verein im ersten Saisonheimspiel der 2. Bundesliga am 16. August gegen den SV Darmstadt 98 auf Teile seiner Fans verzichten.\u00a0Unter anderem m\u00fcsse Dynamo Dresden  seine Stehbl\u00f6cke K1 bis K5 schlie\u00dfen, best\u00e4tigte der DFB. Au\u00dferdem sollen f\u00fcr die n\u00e4chsten Duelle gegen Hertha BSC nur die H\u00e4lfte der<br \/>\neigentlich verf\u00fcgbaren G\u00e4stetickets verkauft werden. Der Verein muss obendrein 91.200 Euro bezahlen. Dynamo Dresden k\u00fcndigten umgehend eine Pr\u00fcfung des Urteils in der Gesamtheit der Begr\u00fcndung an und erw\u00e4gen weitere Schritte.\n<\/p>\n<p class=\"paragraph article__item\">Das Urteil bezieht sich auf das \u00bbSkandalspiel\u00ab gegen die Hertha Anfang April. Damals war es zu massiven Ausschreitungen gekommen, weil Fans unter<br \/>\n anderem aus dem Dresdner K-Block in Richtung G\u00e4steblock gest\u00fcrmt waren<br \/>\nund Pyrotechnik in diesen geschossen hatten. Das Spiel <a href=\"https:\/\/www.zeit.de\/sport\/2026-04\/bundesliga-hertha-bsc-dynamo-dresden-spiel-unterbrochen-auseinandersetzungen\" target=\"_blank\" rel=\"nofollow noopener\">war<br \/>\nzwischenzeitlich f\u00fcr 19 Minuten unterbrochen<\/a>. Hertha BSC waren<br \/>\nihrerseits mit einer Strafe von 152.000 Euro belegt worden. Dynamo hatte gegen vorinstanzliche Urteile Einspruch<br \/>\neingelegt.\n<\/p>\n<p>            Weitere Sperrung der Stehbl\u00f6cke zur Bew\u00e4hrung ausgesetzt            <\/p>\n<p class=\"paragraph article__item\">\u00bbDas Beschie\u00dfen von Menschen mit Feuerwerksk\u00f6rpern kann nicht<br \/>\nansatzweise hingenommen werden\u00ab, sagte der Vorsitzende des<br \/>\nDFB-Bundesgerichts, Oskar Riedmeyer, zu dem finalen Urteil: \u00bbEbenso<br \/>\nstellt das massenhafte Betreten des Innenraums, das eine Fortsetzung des<br \/>\n Spiels unm\u00f6glich macht, einen Eingriff in den Wettbewerb dar, der unter<br \/>\n allen Umst\u00e4nden verhindert werden muss.\u00ab\n<\/p>\n<p class=\"paragraph article__item\">Zus\u00e4tzlich zu der Sperrung im ersten Heimspiel wurde im Urteil eine Teilsperrung der<br \/>\nbesagten Bl\u00f6cke f\u00fcr eine weitere Partie zur Bew\u00e4hrung ausgesetzt.\n<\/p>\n<p>Mehr zum Thema<\/p>\n<p>                <a href=\"https:\/\/www.zeit.de\/sport\/2026-08\/gianni-infantino-fifa-fussball-gruenflaeche\" data-ct-label=\"Gianni Infantino: Der dreifache Am-Amt-Kleben-Rittberger des renditegeilen Gianni\" data-uuid=\"0c1986df-187a-4d46-bf37-3285ca562116\" rel=\"nofollow noopener\" target=\"_blank\"><\/p>\n<p>        Z+ (abopflichtiger Inhalt);<\/p>\n<p>    Gianni Infantino:<br \/>\n                        Der dreifache Am-Amt-Kleben-Rittberger des renditegeilen Gianni<\/p>\n<p>                <\/a><\/p>\n<p>                <a href=\"https:\/\/www.zeit.de\/feuilleton\/film\/2026-08\/ted-lasso-serie-vierte-staffel-apple-tv\" data-ct-label=\"\u00bbTed Lasso\u00ab: Ein alter wei\u00dfer Mann strengt sich an\" data-uuid=\"2cac7020-2f7d-45d9-b554-bf8fd097b148\" rel=\"nofollow noopener\" target=\"_blank\"><\/p>\n<p>        Z+ (abopflichtiger Inhalt);<\/p>\n<p>    \u00bbTed Lasso\u00ab:<br \/>\n                        Ein alter wei\u00dfer Mann strengt sich an<\/p>\n<p>                <\/a><\/p>\n<p>                <a href=\"https:\/\/www.zeit.de\/wirtschaft\/2026-08\/fifa-reform-gianni-infantino-chef-unternehmen\" data-ct-label=\"Fifa-Reform: Ein neuer Chef reicht nicht\" data-uuid=\"841b8826-423d-4490-b5f7-2d833f5e7fa7\" rel=\"nofollow noopener\" target=\"_blank\"><\/p>\n<p>        Z+ (abopflichtiger Inhalt);<\/p>\n<p>    Fifa-Reform:<br \/>\n                        Ein neuer Chef reicht nicht<\/p>\n<p>                <\/a><\/p>\n","protected":false},"excerpt":{"rendered":"Das Bundesgericht des Deutschen Fu\u00dfball-Bundes (DFB) hat den Einspruch des Zweitligisten Dynamo Dresden abgelehnt. Demnach muss der Verein&hellip;\n","protected":false},"author":2,"featured_media":1222136,"comment_status":"","ping_status":"","sticky":false,"template":"","format":"standard","meta":{"footnotes":"","_share_on_mastodon":"0"},"categories":[1835],"tags":[54426,3364,3476,29,2386,3766,347,30,1088,8108,859,265],"class_list":["post-1222135","post","type-post","status-publish","format-standard","has-post-thumbnail","category-dresden","tag-bundesgericht","tag-de","tag-deutscher-fussball-bund","tag-deutschland","tag-dresden","tag-dynamo-dresden","tag-fussball","tag-germany","tag-hertha-bsc","tag-pyrotechnik","tag-sachsen","tag-sport"],"share_on_mastodon":{"url":"https:\/\/pubeurope.com\/@de\/117055292009496185","error":""},"_links":{"self":[{"href":"https:\/\/www.europesays.com\/de\/wp-json\/wp\/v2\/posts\/1222135","targetHints":{"allow":["GET"]}}],"collection":[{"href":"https:\/\/www.europesays.com\/de\/wp-json\/wp\/v2\/posts"}],"about":[{"href":"https:\/\/www.europesays.com\/de\/wp-json\/wp\/v2\/types\/post"}],"author":[{"embeddable":true,"href":"https:\/\/www.europesays.com\/de\/wp-json\/wp\/v2\/users\/2"}],"replies":[{"embeddable":true,"href":"https:\/\/www.europesays.com\/de\/wp-json\/wp\/v2\/comments?post=1222135"}],"version-history":[{"count":0,"href":"https:\/\/www.europesays.com\/de\/wp-json\/wp\/v2\/posts\/1222135\/revisions"}],"wp:featuredmedia":[{"embeddable":true,"href":"https:\/\/www.europesays.com\/de\/wp-json\/wp\/v2\/media\/1222136"}],"wp:attachment":[{"href":"https:\/\/www.europesays.com\/de\/wp-json\/wp\/v2\/media?parent=1222135"}],"wp:term":[{"taxonomy":"category","embeddable":true,"href":"https:\/\/www.europesays.com\/de\/wp-json\/wp\/v2\/categories?post=1222135"},{"taxonomy":"post_tag","embeddable":true,"href":"https:\/\/www.europesays.com\/de\/wp-json\/wp\/v2\/tags?post=1222135"}],"curies":[{"name":"wp","href":"https:\/\/api.w.org\/{rel}","templated":true}]}}