{"id":1222284,"date":"2026-08-07T18:29:21","date_gmt":"2026-08-07T18:29:21","guid":{"rendered":"https:\/\/www.europesays.com\/de\/1222284\/"},"modified":"2026-08-07T18:29:21","modified_gmt":"2026-08-07T18:29:21","slug":"fcn-gegen-dynamo-dresden-fan-eskalation-in-nuernberg-droht","status":"publish","type":"post","link":"https:\/\/www.europesays.com\/de\/1222284\/","title":{"rendered":"FCN gegen Dynamo Dresden: Fan-Eskalation in N\u00fcrnberg droht"},"content":{"rendered":"<p>Hitziger Zweitliga-Auftakt <\/p>\n<p>Nach Fan-Eskalation: Tausende Dynamo-Fans reisen nach N\u00fcrnberg<\/p>\n<p>07.08.2026 &#8211; 20:21 UhrLesedauer: 2 Min.<\/p>\n<p><a href=\"#focus-0\" class=\"transition-colors block text-current relative\" data-sctrack=\"FocusGalleryImage.Reference\"><img fetchpriority=\"high\" data-testid=\"Opener.Image\"   loading=\"eager\" src=\"https:\/\/www.europesays.com\/de\/wp-content\/uploads\/2026\/08\/randale-beim-zweitliga-spiel-zwischen-dynamo-dresden-und-hertha-bsc-kam-es-zu-ausschreitungen.jpg\" alt=\"urn:newsml:dpa.com:20090101:260405-935-1261431\" title=\"urn:newsml:dpa.com:20090101:260405-935-1261431\" width=\"800\" height=\"450\" class=\"bg-[url:var(--lqipURL)] bg-cover bg-center flex h-full w-full max-w-full\" style=\"--lqipURL:url('https:\/\/images.t-online.de\/2026\/04\/H7Pfirglbshr\/0x47:800x450\/fit-in\/150x0\/filters:blur(25)\/randale-beim-zweitliga-spiel-zwischen-dynamo-dresden-und-hertha-bsc-kam-es-zu-ausschreitungen.jpg')\" decoding=\"async\"\/><img loading=\"lazy\" src=\"https:\/\/nuernberg.t-online.de\/s\/paper\/_next\/static\/media\/zoom-in.f7dae02f.svg\" alt=\"Vergr\u00f6\u00dfern des Bildes\" title=\"Vergr\u00f6\u00dfern des Bildes\" class=\"block h-[calc(var(--height)_\/_16_*_1rem)] w-[calc(var(--width)_\/_16_*_1rem)] max-w-none absolute right-8 bottom-8 rounded-4 bg-snow p-8\" style=\"--width:32;--height:32\" decoding=\"async\"\/><\/a><\/p>\n<p>Fans von Dynamo Dresden z\u00fcnden Flaggen an (Archivbild): Die Anh\u00e4nger des Vereins sind f\u00fcr Randale bekannt. Drohen in N\u00fcrnberg Ausschreitungen? (Quelle: Sebastian Kahnert)<\/p>\n<p><img loading=\"lazy\" src=\"https:\/\/nuernberg.t-online.de\/s\/paper\/_next\/static\/media\/audio-volume.6689034c.svg\" alt=\"\" title=\"\" class=\"block h-[calc(var(--height)_\/_16_*_1rem)] w-[calc(var(--width)_\/_16_*_1rem)] max-w-none group-hover:brightness-0 group-hover:invert\" style=\"--width:16;--height:16\" decoding=\"async\"\/>Vorlesen<\/p>\n<p>Aktuelle Zeit:0:00Gesamtdauer:0:00<\/p>\n<p>1x<\/p>\n<p class=\"text-center\">Jetzt neu bei t-online:<\/p>\n<p class=\"text-center\">Schriftgr\u00f6\u00dfe anpassen!<\/p>\n<p><img loading=\"lazy\" src=\"https:\/\/nuernberg.t-online.de\/s\/paper\/_next\/static\/media\/font-sizes.32942e33.svg\" alt=\"\" title=\"\" class=\"block h-[calc(var(--height)_\/_16_*_1rem)] w-[calc(var(--width)_\/_16_*_1rem)] max-w-none group-hover:hidden group-aria-expanded:hidden\" style=\"--width:16;--height:16\" decoding=\"async\"\/><img loading=\"lazy\" src=\"https:\/\/nuernberg.t-online.de\/s\/paper\/_next\/static\/media\/font-sizes-dark-mode.e382645c.svg\" alt=\"\" title=\"\" class=\"block h-[calc(var(--height)_\/_16_*_1rem)] w-[calc(var(--width)_\/_16_*_1rem)] max-w-none hidden group-hover:block group-aria-expanded:block\" style=\"--width:16;--height:16\" decoding=\"async\"\/><img loading=\"lazy\" src=\"https:\/\/nuernberg.t-online.de\/s\/paper\/_next\/static\/media\/sharing-menu-icon.1eb71368.svg\" alt=\"\" title=\"\" class=\"block h-[calc(var(--height)_\/_16_*_1rem)] w-[calc(var(--width)_\/_16_*_1rem)] max-w-none group-hover:brightness-0 group-hover:invert\" style=\"--width:16;--height:16\" decoding=\"async\"\/>Artikel teilen<\/p>\n<p class=\"font-bold text-18 leading-17 user-text-lg:text-22 user-text-xl:text-24\">Vor dem letzten Duell zwischen dem FCN und Dresden gerieten die Fanlager heftig aneinander. Entsprechend aufgeladen k\u00f6nnte das Duell beider Teams in N\u00fcrnberg sein.<\/p>\n<p class=\"text-18 leading-17 user-text-lg:text-22 user-text-xl:text-24\">Beim letzten Aufeinandertreffen zwischen dem <a href=\"https:\/\/www.t-online.de\/themen\/1-fc-nuernberg\/\" class=\"transition-colors cursor-pointer no-underline md:hover:text-magenta md:focus:text-magenta border-b border-solid border-current text-salemsfur md:hover:border-magenta\" data-tracking=\"{&quot;action&quot;:&quot;click&quot;,&quot;category&quot;:&quot;intextLink&quot;,&quot;label&quot;:&quot;https:\/\/www.t-online.de\/themen\/1-fc-nuernberg\/&quot;}\" data-sctrack=\"BodyAnchor\" rel=\"nofollow noopener\" target=\"_blank\">1. FC N\u00fcrnberg<\/a> und Dynamo Dresden hatte das Verhalten der Fanlager im Vorfeld der Partie Aufsehen erregt. Mehr als 200 Anh\u00e4nger beider Vereine hatten sich im th\u00fcringischen Eisfeld zu einer Massenschl\u00e4gerei verabredet, die Polizei r\u00fcckte mit einem Gro\u00dfaufgebot an.<\/p>\n<p class=\"text-18 leading-17 user-text-lg:text-22 user-text-xl:text-24\">Knapp vier Monate sp\u00e4ter treffen beide Clubs nun wieder aufeinander. Am Sonntag kommt Dynamo zum Zweitliga-Auftakt ins Max-Morlock-Stadion \u2013 und erneut werden Tausende Dresdner Fans in N\u00fcrnberg erwartet.<\/p>\n<p>Massen-Schl\u00e4gerei: Polizei konnte Schlimmeres verhindern<\/p>\n<p class=\"text-18 leading-17 user-text-lg:text-22 user-text-xl:text-24\">In der Nacht vor dem vergangenen Aufeinandertreffen am 11. April 2026 hatten sich Anh\u00e4nger beider Vereine in einem Gewerbegebiet im th\u00fcringischen Eisfeld getroffen. Nach Angaben der Polizei war die Auseinandersetzung verabredet. Als die Einsatzkr\u00e4fte eintrafen, hatten die ersten Handgreiflichkeiten bereits begonnen.<\/p>\n<p class=\"text-18 leading-17 user-text-lg:text-22 user-text-xl:text-24\">Die Polizei trennte die Gruppen und nahm die Personalien von insgesamt 214 Menschen auf. Rund 220 Beamte aus Th\u00fcringen, Sachsen und von der Bundespolizei waren im Einsatz. Anschlie\u00dfend wurden Ermittlungsverfahren eingeleitet.<\/p>\n<p><a href=\"#focus-1\" class=\"transition-colors block text-current relative\" data-sctrack=\"FocusGalleryImage.Reference\"><img   loading=\"lazy\" src=\"https:\/\/www.europesays.com\/de\/wp-content\/uploads\/2026\/08\/bitte-ohne-fotokuerzel-der-einsatz-anlaesslich-des-letzten-saisonheimspiels-der-sg-dynamo-dresden-da.jpeg\" alt=\"imago images 118242411\" title=\"imago images 118242411\" width=\"5472\" height=\"3078\" class=\"h-full w-full max-w-full rounded-8\" decoding=\"async\"\/><img loading=\"lazy\" src=\"https:\/\/nuernberg.t-online.de\/s\/paper\/_next\/static\/media\/zoom-in.f7dae02f.svg\" alt=\"Vergr\u00f6\u00dfern des Bildes\" title=\"Vergr\u00f6\u00dfern des Bildes\" class=\"block h-[calc(var(--height)_\/_16_*_1rem)] w-[calc(var(--width)_\/_16_*_1rem)] max-w-none absolute right-8 bottom-8 rounded-4 bg-snow p-8\" style=\"--width:32;--height:32\" decoding=\"async\"\/>Polizeibeamte im Einsatz (Archivbild): Auch in N\u00fcrnberg werden die Beamten ein besonderes Auge auf die G\u00e4stefans aus Dresden haben. (Quelle: xcitepress via www.imago-images.de\/imago)<\/a><\/p>\n<p class=\"text-18 leading-17 user-text-lg:text-22 user-text-xl:text-24\">Gr\u00f6\u00dfere Ausschreitungen im Stadion blieben aus. Vollst\u00e4ndig ruhig verlief der Tag dennoch nicht. Nach Polizeiangaben z\u00fcndeten Dynamo-Anh\u00e4nger aus einem Kleinbus heraus Pyrotechnik. Bei der Kontrolle fanden die Beamten zudem Schutzausr\u00fcstung. Nach dem Spiel wurde au\u00dferdem wegen einer K\u00f6rperverletzung zwischen Anh\u00e4ngern beider Vereine ermittelt.<\/p>\n<p class=\"text-18 leading-17 user-text-lg:text-22 user-text-xl:text-24\">Nach den Vorf\u00e4llen reagierten beide Vereine mit Sanktionen. Der 1. FC N\u00fcrnberg verh\u00e4ngte gegen die ihm bekannten Beteiligten lokale Stadionverbote. Wie viele Personen betroffen sind, teilte der Club nicht mit.<\/p>\n<p>Droht wieder \u00c4rger? Tausende Dynamo-Fans in N\u00fcrnberg<\/p>\n<p class=\"text-18 leading-17 user-text-lg:text-22 user-text-xl:text-24\">F\u00fcr das erneute Aufeinandertreffen in N\u00fcrnberg ist die Nachfrage aus Dresden gro\u00df. Dynamo hatte bereits bis zum 21. Juli rund 5.000 Karten f\u00fcr den G\u00e4stebereich verkauft. Weil das urspr\u00fcngliche Kontingent vergriffen war, erhielt der Verein zus\u00e4tzliche 2.000 Sitzpl\u00e4tze.<\/p>\n<p class=\"text-18 leading-17 user-text-lg:text-22 user-text-xl:text-24\">Damit werden am Sonntag erneut Tausende Dresdner Fans in N\u00fcrnberg erwartet. In die Heimbereiche d\u00fcrfen sie nicht ausweichen: Anh\u00e4nger in Dynamo-Kleidung erhalten dort keinen Zutritt. Umgekehrt sind erkennbare FCN-Fans im G\u00e4stebereich nicht zugelassen.<\/p>\n<p class=\"text-18 leading-17 user-text-lg:text-22 user-text-xl:text-24\">Beim vergangenen Duell hatte die strikte Trennung der Fanlager verhindert, dass es am Spieltag rund um das Stadion zu gr\u00f6\u00dferen Zusammenst\u00f6\u00dfen kam. Das soll nun erneut gelingen.<\/p>\n","protected":false},"excerpt":{"rendered":"Hitziger Zweitliga-Auftakt Nach Fan-Eskalation: Tausende Dynamo-Fans reisen nach N\u00fcrnberg 07.08.2026 &#8211; 20:21 UhrLesedauer: 2 Min. Fans von Dynamo&hellip;\n","protected":false},"author":2,"featured_media":1222285,"comment_status":"","ping_status":"","sticky":false,"template":"","format":"standard","meta":{"footnotes":"","_share_on_mastodon":"0"},"categories":[1835],"tags":[783,522,621,22997,3364,29,2386,3766,3730,156672,347,485,30,3783,121,859,4651],"class_list":["post-1222284","post","type-post","status-publish","format-standard","has-post-thumbnail","category-dresden","tag-1-fc-nuernberg","tag-522","tag-2-bundesliga","tag-ausschreitung","tag-de","tag-deutschland","tag-dresden","tag-dynamo-dresden","tag-eisfeld","tag-fanlager","tag-fussball","tag-fussball-bundesliga","tag-germany","tag-nuernberg","tag-polizei","tag-sachsen","tag-schlaegerei"],"share_on_mastodon":{"url":"https:\/\/pubeurope.com\/@de\/117055653057673534","error":""},"_links":{"self":[{"href":"https:\/\/www.europesays.com\/de\/wp-json\/wp\/v2\/posts\/1222284","targetHints":{"allow":["GET"]}}],"collection":[{"href":"https:\/\/www.europesays.com\/de\/wp-json\/wp\/v2\/posts"}],"about":[{"href":"https:\/\/www.europesays.com\/de\/wp-json\/wp\/v2\/types\/post"}],"author":[{"embeddable":true,"href":"https:\/\/www.europesays.com\/de\/wp-json\/wp\/v2\/users\/2"}],"replies":[{"embeddable":true,"href":"https:\/\/www.europesays.com\/de\/wp-json\/wp\/v2\/comments?post=1222284"}],"version-history":[{"count":0,"href":"https:\/\/www.europesays.com\/de\/wp-json\/wp\/v2\/posts\/1222284\/revisions"}],"wp:featuredmedia":[{"embeddable":true,"href":"https:\/\/www.europesays.com\/de\/wp-json\/wp\/v2\/media\/1222285"}],"wp:attachment":[{"href":"https:\/\/www.europesays.com\/de\/wp-json\/wp\/v2\/media?parent=1222284"}],"wp:term":[{"taxonomy":"category","embeddable":true,"href":"https:\/\/www.europesays.com\/de\/wp-json\/wp\/v2\/categories?post=1222284"},{"taxonomy":"post_tag","embeddable":true,"href":"https:\/\/www.europesays.com\/de\/wp-json\/wp\/v2\/tags?post=1222284"}],"curies":[{"name":"wp","href":"https:\/\/api.w.org\/{rel}","templated":true}]}}