{"id":1222355,"date":"2026-08-07T19:08:19","date_gmt":"2026-08-07T19:08:19","guid":{"rendered":"https:\/\/www.europesays.com\/de\/1222355\/"},"modified":"2026-08-07T19:08:19","modified_gmt":"2026-08-07T19:08:19","slug":"marktbericht-neuer-dax-rekord-nach-us-job-daten","status":"publish","type":"post","link":"https:\/\/www.europesays.com\/de\/1222355\/","title":{"rendered":"Marktbericht: Neuer DAX-Rekord nach US-Job-Daten"},"content":{"rendered":"<p>            <img loading=\"lazy\" decoding=\"async\" class=\"ts-image\" src=\"https:\/\/www.europesays.com\/de\/wp-content\/uploads\/2026\/08\/boerse-354.jpg\" alt=\"Steigender Dax-Kurs auf einer Anzeigetafel im Handelssaal der Frankfurter B\u00f6rse.\" title=\"Steigender Dax-Kurs auf einer Anzeigetafel im Handelssaal der Frankfurter B\u00f6rse. | picture alliance\/dpa\"\/><\/p>\n<p>                    <strong>Marktbericht<\/strong><\/p>\n<p class=\"metatextline\">Stand: 07.08.2026 \u2022 18:17 Uhr<\/p>\n<p class=\"article-head__shorttext\">\n        <strong>Im Sog der Wall Street hat sich der DAX am Nachmittag zu neuen H\u00f6hen aufgeschwungen. In den USA schw\u00e4chelt der Arbeitsmarkt &#8211; was Zins\u00e4ngste der Anleger umgehend d\u00e4mpfe und die B\u00f6rse antrieb. <\/strong>\n    <\/p>\n<p class=\"textabsatz m-ten m-offset-one l-eight l-offset-two columns twelve\">Der DAX hat eine sehr erfolgreiche Woche mit weiteren Gewinnen beendet und dabei erneut einen Rekord aufgestellt.<\/p>\n<p class=\"textabsatz m-ten m-offset-one l-eight l-offset-two columns twelve\">Am Ende des Tages schloss der deutsche Leitindex bei 26.319 Punkten, ein Tagesgewinn von 0,69 Prozent. Das neue Rekordhoch lag im Verlauf bei 26.445 Punkten. Erst am Mittwoch hatte der Index zwischenzeitlich mit 26.403 Punkten den dritten Rekordstand in Folge markiert. Gestern war der DAX nur <a href=\"https:\/\/www.tagesschau.de\/wirtschaft\/finanzen\/marktberichte\/marktbericht-dax-dow-geldanlage-144.html\" title=\"Marktbericht: Zahlenflut l\u00e4sst Anleger weitestgehend kalt\" rel=\"nofollow noopener\" target=\"_blank\">mit einem leichten Plus bei 26.140 Punkten aus dem Handel<\/a> gegangen. Im Wochenvergleich lag das Plus damit bei 2,7 Prozent.<\/p>\n<p class=\"textabsatz m-ten m-offset-one l-eight l-offset-two columns twelve\">Nach holprigem Start verbesserte sich der DAX schon am Vormittag sukzessive. Ausl\u00f6ser f\u00fcr weitere Gewinne waren die wichtigen US-Arbeitsmarktdaten f\u00fcr den Juli.<\/p>\n<p class=\"textabsatz m-ten m-offset-one l-eight l-offset-two columns twelve\">Dabei ist die Besch\u00e4ftigtenzahl in den USA im Juli unerwartet gesunken. Au\u00dferhalb der Landwirtschaft fiel sie um 23.000, wie das Arbeitsministerium am Morgen (Ortszeit) mitteilte. Volkswirte hatten hingegen im Schnitt mit 80.000 zus\u00e4tzlichen Stellen gerechnet. Der Besch\u00e4ftigungsaufbau in den beiden Vormonaten wurde zudem um insgesamt 103.000 Stellen nach unten revidiert.<\/p>\n<p class=\"textabsatz m-ten m-offset-one l-eight l-offset-two columns twelve\">Auch die durchschnittlichen Stundenl\u00f6hne fielen mit plus 0,1 Prozent deutlich geringer aus als erwartet &#8211; prognostiziert war ein Anstieg von 0,3 Prozent. F\u00fcr die Notenbank Federal Reserve (Fed) ist diese Zahl wichtig, da sie in der Lohnentwicklung einen der wichtigsten Treiber f\u00fcr die Inflation sieht. Die getrennt ermittelte Arbeitslosenquote fiel in den USA allerdings im Monatsvergleich von erwartet 4,2 auf 4,1 Prozent.<\/p>\n<p class=\"textabsatz m-ten m-offset-one l-eight l-offset-two columns twelve\">B\u00f6rsianer setzen angesichts der Daten nunmehr auf stabil bleibende Zinsen und sehen eine geldpolitische Straffung in den USA in weitere Ferne r\u00fccken.<\/p>\n<p class=\"textabsatz m-ten m-offset-one l-eight l-offset-two columns twelve\">Auch die US-B\u00f6rsen verzeichnen Gewinne. Alle gro\u00dfen Aktienindizes der Wall Street legen am Mittag Ortszeit zu und stehen nur knapp unter ihren bisherigen Rekordwerten. Am besten h\u00e4lt sich dabei die zinssensitive Technologieb\u00f6rse Nasdaq, die 1,2 Prozent zulegt. Die nachlassende Zinsfantasie dr\u00fcckt auch den Dollar, der rund 0,3 Prozent nachgibt.<\/p>\n<p class=\"textabsatz m-ten m-offset-one l-eight l-offset-two columns twelve\">&#8222;Der US-Arbeitsmarktbericht f\u00fcr Juli war in nahezu allen Belangen entt\u00e4uschend&#8220;, schrieb Volkswirt Dirk Chlench von der Landesbank Baden-W\u00fcrttemberg in einer ersten Reaktion.<\/p>\n<p class=\"textabsatz m-ten m-offset-one l-eight l-offset-two columns twelve\">Im Blick stehen zudem die Entwicklungen im Nahen Osten. Der eskalierende Konflikt zwischen Saudi-Arabien und der Huthi-Miliz im Jemen droht eine Friedensl\u00f6sung im Iran-Krieg zu erschweren. Dagegen geht US-Pr\u00e4sident Donald Trump nach eigenen Angaben weiter davon aus, dass der Iran-Krieg &#8222;ziemlich bald&#8220; enden und eine Einigung <a href=\"https:\/\/www.tagesschau.de\/ausland\/asien\/iran-usa-verhandlungen-132.html\" title=\"Diplomatische Bem\u00fchungen: Naht eine L\u00f6sung f\u00fcr die Stra\u00dfe von Hormus?\" rel=\"nofollow noopener\" target=\"_blank\">zur \u00d6ffnung der Stra\u00dfe von Hormus<\/a> bevorstehen k\u00f6nnte.<\/p>\n<p class=\"textabsatz m-ten m-offset-one l-eight l-offset-two columns twelve\">Der \u00d6lpreis legte angesichts der bestehenden Unsicherheiten zuletzt etwas zu in Richtung 83 Dollar je Fass, bleibt aber deutlich unter seinen H\u00f6chstst\u00e4nden bei rund 100 Dollar.<\/p>\n<p class=\"textabsatz m-ten m-offset-one l-eight l-offset-two columns twelve\">Neben zahlreichen Bilanzen aus dem Unternehmenssektor gab es noch frische Konjunkturdaten aus Deutschland, die \u00fcberraschend gut ausfielen. So wurden Daten zur Industrieproduktion vermeldet. Die Gesamtproduktion legte im Juni im Monatsvergleich zum dritten Mal in Folge zu, wenn auch nur leicht. Dabei sendete ausgerechnet die krisengebeutelte Autoindustrie ein Lebenszeichen. Ein gro\u00dfer Teil des Anstiegs liegt an Zuw\u00e4chsen in der Autobranche.<\/p>\n<p class=\"textabsatz m-ten m-offset-one l-eight l-offset-two columns twelve\">Die deutschen Exporte stiegen im Juni zudem auf einen Rekordwert von knapp 140 Milliarden Euro. Es ist sogar der f\u00fcnfte Anstieg in Folge. &#8222;Mit Ausnahme des Januars legten die Exporte im laufenden Jahr zu&#8220;, sagte Chef\u00f6konom Thomas Gitzel von der VP Bank.<\/p>\n<p class=\"textabsatz m-ten m-offset-one l-eight l-offset-two columns twelve\">Auch die Bilanzsaison der Unternehmen ging weiter <a href=\"https:\/\/www.tagesschau.de\/wirtschaft\/finanzen\/mb-mittag-alv-muv-100.html\" title=\"Allianz und M\u00fcnchener R\u00fcck fest auf Gewinnkurs\" rel=\"nofollow noopener\" target=\"_blank\">mit Gesch\u00e4ftsergebnissen der beiden DAX-Versicherungsriesen Allianz und M\u00fcnchener R\u00fcck.<\/a> Beide Konzerne bet\u00e4tigten ihre Jahresziele. Das Allianz-Papier hatte schon am Vortag ein neues Rekordhoch markiert.<\/p>\n<p class=\"textabsatz m-ten m-offset-one l-eight l-offset-two columns twelve\">Regelrecht eingebrochen ist hingegen der Gewinn bei DAX-Mitglied Daimler Truck. Er st\u00fcrzte von 245 Millionen Euro im Vorjahresquartal auf 128 Millionen ab, trotz eines um f\u00fcnf Prozent gestiegenen Umsatzes. Nach steiler Kursrally gegen Ende Juli hatten die Papiere am vergangenen Montag mit knapp \u00fcber 50 Euro ihren h\u00f6chsten Stand seit der Abspaltung von Mercedes-Benz im Dezember 2021 erreicht. Heute fiel das Papier zur\u00fcck und stand am DAX-Ende.<\/p>\n","protected":false},"excerpt":{"rendered":"Marktbericht Stand: 07.08.2026 \u2022 18:17 Uhr Im Sog der Wall Street hat sich der DAX am Nachmittag zu&hellip;\n","protected":false},"author":2,"featured_media":1222356,"comment_status":"","ping_status":"","sticky":false,"template":"","format":"standard","meta":{"footnotes":"","_share_on_mastodon":"0"},"categories":[134],"tags":[175,170,169,164934,29,27611,30,171,5800,174,173,172],"class_list":["post-1222355","post","type-post","status-publish","format-standard","has-post-thumbnail","category-unternehmen-maerkte","tag-business","tag-companies","tag-companies-markets","tag-dax-dow-jones-boerse","tag-deutschland","tag-geldanlage","tag-germany","tag-markets","tag-marktbericht","tag-maerkte","tag-unternehmen","tag-unternehmen-maerkte"],"share_on_mastodon":{"url":"https:\/\/pubeurope.com\/@de\/117055804802185091","error":""},"_links":{"self":[{"href":"https:\/\/www.europesays.com\/de\/wp-json\/wp\/v2\/posts\/1222355","targetHints":{"allow":["GET"]}}],"collection":[{"href":"https:\/\/www.europesays.com\/de\/wp-json\/wp\/v2\/posts"}],"about":[{"href":"https:\/\/www.europesays.com\/de\/wp-json\/wp\/v2\/types\/post"}],"author":[{"embeddable":true,"href":"https:\/\/www.europesays.com\/de\/wp-json\/wp\/v2\/users\/2"}],"replies":[{"embeddable":true,"href":"https:\/\/www.europesays.com\/de\/wp-json\/wp\/v2\/comments?post=1222355"}],"version-history":[{"count":0,"href":"https:\/\/www.europesays.com\/de\/wp-json\/wp\/v2\/posts\/1222355\/revisions"}],"wp:featuredmedia":[{"embeddable":true,"href":"https:\/\/www.europesays.com\/de\/wp-json\/wp\/v2\/media\/1222356"}],"wp:attachment":[{"href":"https:\/\/www.europesays.com\/de\/wp-json\/wp\/v2\/media?parent=1222355"}],"wp:term":[{"taxonomy":"category","embeddable":true,"href":"https:\/\/www.europesays.com\/de\/wp-json\/wp\/v2\/categories?post=1222355"},{"taxonomy":"post_tag","embeddable":true,"href":"https:\/\/www.europesays.com\/de\/wp-json\/wp\/v2\/tags?post=1222355"}],"curies":[{"name":"wp","href":"https:\/\/api.w.org\/{rel}","templated":true}]}}