{"id":1222537,"date":"2026-08-07T21:07:32","date_gmt":"2026-08-07T21:07:32","guid":{"rendered":"https:\/\/www.europesays.com\/de\/1222537\/"},"modified":"2026-08-07T21:07:32","modified_gmt":"2026-08-07T21:07:32","slug":"repair-share-festival-wuppertal-institut-fuer-klima-umwelt-energie","status":"publish","type":"post","link":"https:\/\/www.europesays.com\/de\/1222537\/","title":{"rendered":"Repair &#038; Share Festival &#8211; Wuppertal Institut f\u00fcr Klima, Umwelt, Energie"},"content":{"rendered":"<p>Ob kaputte Kleidung, Fahrr\u00e4der, Elektro- oder Haushaltsger\u00e4te \u2013 beim &#8222;Repair &amp; Share Festival&#8220; wird alles vor Ort repariert. Am 31. Oktober 2026 erwartet die Teilnehmenden ein buntes Programm rund um Secondhand und Selbermachen sowie ein echter Reparatur-Weltrekordversuch.<br \/>In DIY-Reperaturbereichen k\u00f6nnen die Besucher*innen selbst aktiv werden: Bei Problemen erhalten sie im Reparatur Caf\u00e9 XXL Unterst\u00fctzung. Insbesondere in den Bereichen Elektro, Kleinger\u00e4te, Fahrrad, Kleidung, M\u00f6bel und Textilien. Auf der B\u00fchne verraten w\u00e4hrenddessen DIY-Expert*innen Tipps und Tricks. Au\u00dferdem steht ein Future Talk zum &#8222;Recht auf Reparatur&#8220; auf dem Programm.<\/p>\n<p>Fast Fashion stellt bereits seit Jahren eine gro\u00dfe Herausforderung f\u00fcr Nachhaltigkeit im Bekleidungssektor dar. Statt neuer Kleidung k\u00f6nnen Teilnehmende in Pop-ups Secondhand-Kleidung erwerben. In einer Modenschau pr\u00e4sentieren Models einige Kleidungsst\u00fccke. Dar\u00fcber hinaus gibt es die Gelegenheit sich bei einer Fashion-Challenge auszuprobieren und einen eigenen Look aus Vintage-Textilien herzustellen.<\/p>\n<p>Alle Altersgruppen sind willkommen. Kinder k\u00f6nnen sich \u00fcber ein spezielles B\u00fchnenprogramm freuen und in einer eigenen Werkstatt ausprobieren, ihr Spielzeug zu reparieren. F\u00fcr Verpflegung ist auch gesorgt.<br \/>Das Event ist der H\u00f6hepunkt des Reperaturmonats: Der Oktober 2026 steht ganz im Zeichen von Reparatur und Kreislaufwirtschaft. Ziel ist es, gemeinsam in NRW einen neuen Weltrekord f\u00fcr die meisten reparierten Gegenst\u00e4nde in einem Monat aufzustellen.<\/p>\n<p>Von 11:00 bis 17:00 Uhr findet das kostenfreie Festival in der Utopiastadt und den Wiesenwerken in Wuppertal statt. Interessierte k\u00f6nnen als Reparateur*innen oder Organsiateur*innen mithelfen, beispielsweise im Reparatur Caf\u00e9 XXL. Dazu ist nur eine Anmeldung erforderlich.<\/p>\n<p>Das Festival ist Teil des Projekts FAB Reg, mit dem Forschende des Wuppertal Instituts einen Beitrag zu einer co-kreativen und nachhaltigen Kreislaufwirtschaft im Bergischen St\u00e4dtedreieck mit den St\u00e4dten Wuppertal, Remscheid und Solingen leisten. Die Europ\u00e4ische Kommission und das Ministerium f\u00fcr Umwelt, Naturschutz und Verkehr des Landes Nordrhein-Westfalen f\u00f6rdern die Veranstaltung. Weiterf\u00fchrende Informationen sind \u00fcber die unten stehenden Links verf\u00fcgbar.<\/p>\n","protected":false},"excerpt":{"rendered":"Ob kaputte Kleidung, Fahrr\u00e4der, Elektro- oder Haushaltsger\u00e4te \u2013 beim &#8222;Repair &amp; Share Festival&#8220; wird alles vor Ort repariert.&hellip;\n","protected":false},"author":2,"featured_media":329526,"comment_status":"","ping_status":"","sticky":false,"template":"","format":"standard","meta":{"footnotes":"","_share_on_mastodon":"0"},"categories":[1840],"tags":[3364,29,1149,4781,19165,30,1563,19164,4507,1209,19166,19162,19160,19163,19161,383,601,4418,19159],"class_list":["post-1222537","post","type-post","status-publish","format-standard","has-post-thumbnail","category-wuppertal","tag-de","tag-deutschland","tag-energie","tag-energieeffizienz","tag-ernst-ulrich-von-weizsaecker","tag-germany","tag-klima","tag-manfred-fischedick","tag-nachhaltigkeit","tag-nordrhein-westfalen","tag-peter-hennicke","tag-ressourceneffizienz","tag-stoffstroeme","tag-sustainability","tag-transition-forschung","tag-umwelt","tag-verkehr","tag-wuppertal","tag-wuppertal-institut"],"share_on_mastodon":{"url":"https:\/\/pubeurope.com\/@de\/117056270813497788","error":""},"_links":{"self":[{"href":"https:\/\/www.europesays.com\/de\/wp-json\/wp\/v2\/posts\/1222537","targetHints":{"allow":["GET"]}}],"collection":[{"href":"https:\/\/www.europesays.com\/de\/wp-json\/wp\/v2\/posts"}],"about":[{"href":"https:\/\/www.europesays.com\/de\/wp-json\/wp\/v2\/types\/post"}],"author":[{"embeddable":true,"href":"https:\/\/www.europesays.com\/de\/wp-json\/wp\/v2\/users\/2"}],"replies":[{"embeddable":true,"href":"https:\/\/www.europesays.com\/de\/wp-json\/wp\/v2\/comments?post=1222537"}],"version-history":[{"count":0,"href":"https:\/\/www.europesays.com\/de\/wp-json\/wp\/v2\/posts\/1222537\/revisions"}],"wp:featuredmedia":[{"embeddable":true,"href":"https:\/\/www.europesays.com\/de\/wp-json\/wp\/v2\/media\/329526"}],"wp:attachment":[{"href":"https:\/\/www.europesays.com\/de\/wp-json\/wp\/v2\/media?parent=1222537"}],"wp:term":[{"taxonomy":"category","embeddable":true,"href":"https:\/\/www.europesays.com\/de\/wp-json\/wp\/v2\/categories?post=1222537"},{"taxonomy":"post_tag","embeddable":true,"href":"https:\/\/www.europesays.com\/de\/wp-json\/wp\/v2\/tags?post=1222537"}],"curies":[{"name":"wp","href":"https:\/\/api.w.org\/{rel}","templated":true}]}}