{"id":1222688,"date":"2026-08-07T22:41:18","date_gmt":"2026-08-07T22:41:18","guid":{"rendered":"https:\/\/www.europesays.com\/de\/1222688\/"},"modified":"2026-08-07T22:41:18","modified_gmt":"2026-08-07T22:41:18","slug":"ukraine-aktuell-rakete-reisst-loch-in-dach-von-stadion-in-odessa","status":"publish","type":"post","link":"https:\/\/www.europesays.com\/de\/1222688\/","title":{"rendered":"Ukraine aktuell \u2013 Rakete rei\u00dft Loch in Dach von Stadion in Odessa"},"content":{"rendered":"<p>Russland: Haben drei Schiffe mit R\u00fcstungsg\u00fctern f\u00fcr Ukraine getroffen<\/p>\n<p class=\"text-18 leading-17 user-text-lg:text-22 user-text-xl:text-24\">Russland hat nach eigenen Angaben erneut Frachtschiffe mit R\u00fcstungsg\u00fctern f\u00fcr das ukrainische Milit\u00e4r angegriffen. Drei Schiffe seien im <a href=\"https:\/\/www.t-online.de\/themen\/schwarzes-meer\/\" class=\"transition-colors cursor-pointer no-underline md:hover:text-magenta md:focus:text-magenta border-b border-solid border-current text-salemsfur md:hover:border-magenta\" data-tracking=\"{&quot;action&quot;:&quot;click&quot;,&quot;category&quot;:&quot;intextLink&quot;,&quot;label&quot;:&quot;\/themen\/schwarzes-meer\/&quot;}\" data-sctrack=\"BodyAnchor\" rel=\"nofollow noopener\" target=\"_blank\">Schwarzen Meer<\/a> getroffen worden, teilt das Verteidigungsministerium in <a href=\"https:\/\/www.t-online.de\/themen\/moskau\/\" class=\"transition-colors cursor-pointer no-underline md:hover:text-magenta md:focus:text-magenta border-b border-solid border-current text-salemsfur md:hover:border-magenta\" data-tracking=\"{&quot;action&quot;:&quot;click&quot;,&quot;category&quot;:&quot;intextLink&quot;,&quot;label&quot;:&quot;\/themen\/moskau\/&quot;}\" data-sctrack=\"BodyAnchor\" rel=\"nofollow noopener\" target=\"_blank\">Moskau<\/a> mit. Die russischen Streitkr\u00e4fte greifen verst\u00e4rkt Frachter an, die nach Darstellung Russlands milit\u00e4rische G\u00fcter in die <a href=\"https:\/\/www.t-online.de\/themen\/ukraine\/\" class=\"transition-colors cursor-pointer no-underline md:hover:text-magenta md:focus:text-magenta border-b border-solid border-current text-salemsfur md:hover:border-magenta\" data-tracking=\"{&quot;action&quot;:&quot;click&quot;,&quot;category&quot;:&quot;intextLink&quot;,&quot;label&quot;:&quot;\/themen\/ukraine\/&quot;}\" data-sctrack=\"BodyAnchor\" rel=\"nofollow noopener\" target=\"_blank\">Ukraine<\/a> bringen. Unabh\u00e4ngig \u00fcberpr\u00fcfen lassen sich solche Angaben nicht.<\/p>\n<p>Im Video | Frisur von Trump l\u00f6st Diskussionen aus<\/p>\n<p><img loading=\"lazy\" src=\"https:\/\/www.t-online.de\/s\/paper\/_next\/static\/media\/loading-indicator-magenta.1f35d8de.svg\" alt=\"Video l\u00e4dt\" title=\"Video l\u00e4dt\" class=\"block h-[calc(var(--height)_\/_16_*_1rem)] w-[calc(var(--width)_\/_16_*_1rem)] max-w-none undefined\" style=\"--width:32;--height:32\" decoding=\"async\"\/>Player wird geladen<\/p>\n<p>Trump: &#8222;Wir wollen auch Raketen&#8220;<\/p>\n<p class=\"text-18 leading-17 user-text-lg:text-22 user-text-xl:text-24\">US-Pr\u00e4sident Donald Trump hat erkl\u00e4rt, dass die Milit\u00e4rhilfen der Biden-Regierung die US-Vorr\u00e4te ersch\u00f6pft h\u00e4tten und die Vereinigten Staaten ihr Arsenal nun wieder aufbauen w\u00fcrden und auf die eigene Munition angewiesen seien. Das berichtet der &#8222;Kyiv Independent&#8220;. Auf die erneuten Rufe des ukrainischen Pr\u00e4sidenten <a href=\"https:\/\/www.t-online.de\/themen\/wolodymyr-selenskyj\/\" class=\"transition-colors cursor-pointer no-underline md:hover:text-magenta md:focus:text-magenta border-b border-solid border-current text-salemsfur md:hover:border-magenta\" data-tracking=\"{&quot;action&quot;:&quot;click&quot;,&quot;category&quot;:&quot;intextLink&quot;,&quot;label&quot;:&quot;\/themen\/wolodymyr-selenskyj\/&quot;}\" data-sctrack=\"BodyAnchor\" rel=\"nofollow noopener\" target=\"_blank\">Wolodymyr Selenskyj<\/a> <a href=\"https:\/\/www.t-online.de\/nachrichten\/ausland\/internationale-politik\/id_101375148\/ukraine-krieg-kiew-gehen-patriot-raketen-aus-experte-warnt-vor-lage.html\" class=\"transition-colors cursor-pointer no-underline md:hover:text-magenta md:focus:text-magenta border-b border-solid border-current text-salemsfur md:hover:border-magenta\" data-tracking=\"{&quot;action&quot;:&quot;click&quot;,&quot;category&quot;:&quot;intextLink&quot;,&quot;label&quot;:&quot;\/nachrichten\/ausland\/internationale-politik\/id_101375148\/ukraine-krieg-kiew-gehen-patriot-raketen-aus-experte-warnt-vor-lage.html&quot;}\" data-sctrack=\"BodyAnchor\" rel=\"nofollow noopener\" target=\"_blank\">nach Langstreckenraketen und Patriot-Luftabwehrsystemen<\/a> erwiderte Trump demnach: &#8222;Wir wollen auch Raketen.&#8220;<\/p>\n<p class=\"text-18 leading-17 user-text-lg:text-22 user-text-xl:text-24\">Auf die Frage nach verst\u00e4rkten Angriffen Russlands auf zivile Ziele sagte Trump: &#8222;Sehen Sie, wir sind nicht involviert. Uns trennt ein Ozean.&#8220; Dennoch beunruhige ihn die hohe Zahl der Kriegsopfer.<\/p>\n<p>Wildberries: Logistikzentrum in Jekaterinburg brennt nach Angriff<\/p>\n<p class=\"text-18 leading-17 user-text-lg:text-22 user-text-xl:text-24\">Der russische Onlineh\u00e4ndler Wildberries teilt mit, dass sein Logistikzentrum in Jekaterinburg nach einem Angriff in Brand geraten ist. Details zu der Attacke nennt der Onlineh\u00e4ndler in seiner Mitteilung auf Telegram nicht. Wildberries ist der Marktf\u00fchrer in Russland. <a href=\"https:\/\/www.t-online.de\/nachrichten\/ukraine\/id_101371978\/angriffe-auf-wildberries-jetzt-ist-putins-krieg-in-den-warenkoerben.html\" class=\"transition-colors cursor-pointer no-underline md:hover:text-magenta md:focus:text-magenta border-b border-solid border-current text-salemsfur md:hover:border-magenta\" data-tracking=\"{&quot;action&quot;:&quot;click&quot;,&quot;category&quot;:&quot;intextLink&quot;,&quot;label&quot;:&quot;\/nachrichten\/ukraine\/id_101371978\/angriffe-auf-wildberries-jetzt-ist-putins-krieg-in-den-warenkoerben.html&quot;}\" data-sctrack=\"BodyAnchor\" rel=\"nofollow noopener\" target=\"_blank\">Die Ukraine hat bereits etliche seiner Lager angegriffen und begr\u00fcndet dies damit, dass Wildberries auch vom russischen Milit\u00e4r genutzt werde.<\/a> Die Millionenstadt Jekaterinburg liegt weit im russischen Hinterland am Ural.<\/p>\n<p>Lager von Agrarfirma in Charkiw brennt nach russischem Angriff<\/p>\n<p class=\"text-18 leading-17 user-text-lg:text-22 user-text-xl:text-24\">Ein russischer Drohnenangriff hat in der ostukrainischen Region Charkiw ein Feuer in den Lagerhallen eines Agrarunternehmens ausgel\u00f6st. Der Angriff habe sich in der Gemeinde Balaklija ereignet, teilen die \u00f6rtlichen Beh\u00f6rden \u00fcber den Messengerdienst Telegram mit. Verletzte habe es nicht gegeben. Der ukrainische Pr\u00e4sident Wolodymyr Selenskyj hat am Donnerstag den von russischen Angriffen betroffenen Landwirten Unterst\u00fctzung zugesagt. Moskau greift verst\u00e4rkt landwirtschaftliche Exportanlagen und Handelsschiffe in der Schwarzmeerregion der Ukraine an.<\/p>\n<p>Selenskyj gibt Angriffsbefehl auf russische R\u00fcstungsfirmen<\/p>\n<p class=\"text-18 leading-17 user-text-lg:text-22 user-text-xl:text-24\">Der ukrainische Pr\u00e4sident Wolodymyr Selenskyj hat bei einer Sitzung der milit\u00e4rischen und politischen F\u00fchrung seines Landes spezielle Eins\u00e4tze gegen Russlands R\u00fcstungsindustrie angeordnet. Dabei gehe es um &#8222;bestimmte Unternehmen, die wir bereits identifiziert haben&#8220;, teilte Selenskyj auf Facebook mit. Alle Anwesenden bei der Sitzung h\u00e4tten klare Aufgaben erhalten. &#8222;Ich erwarte, dass sie vollst\u00e4ndig erf\u00fcllt werden.&#8220; Russlands Milit\u00e4rindustrie m\u00fcsse &#8222;sp\u00fcrbar eingeschr\u00e4nkt&#8220; werden.<\/p>\n","protected":false},"excerpt":{"rendered":"Russland: Haben drei Schiffe mit R\u00fcstungsg\u00fctern f\u00fcr Ukraine getroffen Russland hat nach eigenen Angaben erneut Frachtschiffe mit R\u00fcstungsg\u00fctern&hellip;\n","protected":false},"author":2,"featured_media":1222689,"comment_status":"","ping_status":"","sticky":false,"template":"","format":"standard","meta":{"footnotes":"","_share_on_mastodon":"0"},"categories":[4013],"tags":[1217,326,6079,331,332,2140,4541,4960,227,106,1478,548,663,152992,1213,13,699,72570,254161,5020,32794,451,308,14,15,3129,18223,4043,4044,850,307,41599,9562,6402,12,8522,317,312,3941,107],"class_list":["post-1222688","post","type-post","status-publish","format-standard","has-post-thumbnail","category-russland","tag-1217","tag-326","tag-6079","tag-aktuelle-nachrichten","tag-aktuelle-news","tag-angriff","tag-armenien","tag-charkiw","tag-china","tag-donald-trump","tag-drohne","tag-eu","tag-europa","tag-fussballstadion","tag-gas","tag-headlines","tag-indien","tag-jekaterinburg","tag-karekin-ii","tag-kreml","tag-lindsey-graham","tag-militaer","tag-moskau","tag-nachrichten","tag-news","tag-newsblog","tag-odessa","tag-russia","tag-russian-federation","tag-russische-foederation","tag-russland","tag-sankt-petersburg","tag-sanktion","tag-schiff","tag-schlagzeilen","tag-schwarze-meer","tag-ukraine","tag-ukrainekrieg","tag-us-senat","tag-wolodymyr-selenskyj"],"share_on_mastodon":{"url":"","error":"Validation failed: Text character limit of 500 exceeded"},"_links":{"self":[{"href":"https:\/\/www.europesays.com\/de\/wp-json\/wp\/v2\/posts\/1222688","targetHints":{"allow":["GET"]}}],"collection":[{"href":"https:\/\/www.europesays.com\/de\/wp-json\/wp\/v2\/posts"}],"about":[{"href":"https:\/\/www.europesays.com\/de\/wp-json\/wp\/v2\/types\/post"}],"author":[{"embeddable":true,"href":"https:\/\/www.europesays.com\/de\/wp-json\/wp\/v2\/users\/2"}],"replies":[{"embeddable":true,"href":"https:\/\/www.europesays.com\/de\/wp-json\/wp\/v2\/comments?post=1222688"}],"version-history":[{"count":0,"href":"https:\/\/www.europesays.com\/de\/wp-json\/wp\/v2\/posts\/1222688\/revisions"}],"wp:featuredmedia":[{"embeddable":true,"href":"https:\/\/www.europesays.com\/de\/wp-json\/wp\/v2\/media\/1222689"}],"wp:attachment":[{"href":"https:\/\/www.europesays.com\/de\/wp-json\/wp\/v2\/media?parent=1222688"}],"wp:term":[{"taxonomy":"category","embeddable":true,"href":"https:\/\/www.europesays.com\/de\/wp-json\/wp\/v2\/categories?post=1222688"},{"taxonomy":"post_tag","embeddable":true,"href":"https:\/\/www.europesays.com\/de\/wp-json\/wp\/v2\/tags?post=1222688"}],"curies":[{"name":"wp","href":"https:\/\/api.w.org\/{rel}","templated":true}]}}