{"id":1222752,"date":"2026-08-07T23:22:14","date_gmt":"2026-08-07T23:22:14","guid":{"rendered":"https:\/\/www.europesays.com\/de\/1222752\/"},"modified":"2026-08-07T23:22:14","modified_gmt":"2026-08-07T23:22:14","slug":"nachbarschaftstreff-in-der-au-macht-sommerpause","status":"publish","type":"post","link":"https:\/\/www.europesays.com\/de\/1222752\/","title":{"rendered":"Nachbarschaftstreff in der Au macht Sommerpause"},"content":{"rendered":"<p class=\"article-text\">Die PC-Hilfe f\u00fcr Senioren beginnt wieder am 8. September, Yoga 60Plus ab 18. September. Geplant sind zudem ein Clown-Workshop f\u00fcr Kinder von f\u00fcnf bis zehn Jahren (12. September), eine Radlwerkstatt im Hof am Herrgottseck (24. September) sowie ein Herbstflohmarkt in der Herberge Mariahilf (24. Oktober). Tischreservierungen sind ab Dienstag, 1. September, im Nachbarschaftstreff m\u00f6glich. Weitere Informationen zum Programm gibt es unter <a href=\"https:\/\/www.nachbarschaftstreff-au.de\" class=\"auto-detected-link\" target=\"_blank\" rel=\"nofollow noopener\">www.nachbarschaftstreff-au.de<\/a>.<\/p>\n","protected":false},"excerpt":{"rendered":"Die PC-Hilfe f\u00fcr Senioren beginnt wieder am 8. September, Yoga 60Plus ab 18. September. Geplant sind zudem ein&hellip;\n","protected":false},"author":2,"featured_media":1222753,"comment_status":"","ping_status":"","sticky":false,"template":"","format":"standard","meta":{"footnotes":"","_share_on_mastodon":"0"},"categories":[1827],"tags":[25846,772,29,30,2489,1268,14345],"class_list":["post-1222752","post","type-post","status-publish","format-standard","has-post-thumbnail","category-muenchen","tag-au-muenchen","tag-bayern","tag-deutschland","tag-germany","tag-kirche-gesellschaft","tag-muenchen","tag-nachbarschaft"],"share_on_mastodon":{"url":"https:\/\/pubeurope.com\/@de\/117056801822847770","error":""},"_links":{"self":[{"href":"https:\/\/www.europesays.com\/de\/wp-json\/wp\/v2\/posts\/1222752","targetHints":{"allow":["GET"]}}],"collection":[{"href":"https:\/\/www.europesays.com\/de\/wp-json\/wp\/v2\/posts"}],"about":[{"href":"https:\/\/www.europesays.com\/de\/wp-json\/wp\/v2\/types\/post"}],"author":[{"embeddable":true,"href":"https:\/\/www.europesays.com\/de\/wp-json\/wp\/v2\/users\/2"}],"replies":[{"embeddable":true,"href":"https:\/\/www.europesays.com\/de\/wp-json\/wp\/v2\/comments?post=1222752"}],"version-history":[{"count":0,"href":"https:\/\/www.europesays.com\/de\/wp-json\/wp\/v2\/posts\/1222752\/revisions"}],"wp:featuredmedia":[{"embeddable":true,"href":"https:\/\/www.europesays.com\/de\/wp-json\/wp\/v2\/media\/1222753"}],"wp:attachment":[{"href":"https:\/\/www.europesays.com\/de\/wp-json\/wp\/v2\/media?parent=1222752"}],"wp:term":[{"taxonomy":"category","embeddable":true,"href":"https:\/\/www.europesays.com\/de\/wp-json\/wp\/v2\/categories?post=1222752"},{"taxonomy":"post_tag","embeddable":true,"href":"https:\/\/www.europesays.com\/de\/wp-json\/wp\/v2\/tags?post=1222752"}],"curies":[{"name":"wp","href":"https:\/\/api.w.org\/{rel}","templated":true}]}}