{"id":1222799,"date":"2026-08-07T23:51:32","date_gmt":"2026-08-07T23:51:32","guid":{"rendered":"https:\/\/www.europesays.com\/de\/1222799\/"},"modified":"2026-08-07T23:51:32","modified_gmt":"2026-08-07T23:51:32","slug":"seebad-duesternbrook-initiative-startet-petition-fuer-sanierung","status":"publish","type":"post","link":"https:\/\/www.europesays.com\/de\/1222799\/","title":{"rendered":"Seebad D\u00fcsternbrook: Initiative startet Petition f\u00fcr Sanierung"},"content":{"rendered":"<p>\n                Stand: 07.08.2026 17:08 Uhr<\/p>\n<p>                    <a href=\"https:\/\/www.europesays.com\/de\/wp-content\/uploads\/2026\/08\/seebad-100.webp\" class=\"zoomimage\" title=\"Bild vergr\u00f6\u00dfern\"><\/p>\n<p>        <img decoding=\"async\" src=\"https:\/\/www.europesays.com\/de\/wp-content\/uploads\/2026\/08\/seebad-100.webp\" alt=\"Menschengruppe mit einem &quot;Weiterbaden&quot;-Schild am Seebad D\u00fcsternbrook.\" title=\"Die &quot;Initiative Weiterbaden!&quot; fordert den Erhalt des historischen Seebads. | Tina Loeffelbein\" class=\"responsive\" loading=\"lazy\"\/><\/p>\n<p>                    <\/a><\/p>\n<p>                    Die &#8222;Initiative Weiterbaden!&#8220; fordert den Erhalt des historischen Seebads.<\/p>\n<p class=\"\">Das Seebad D\u00fcsternbrook an der Kieler F\u00f6rde soll nach den Pl\u00e4nen der Stadt <a href=\"https:\/\/www.ndr.de\/nachrichten\/schleswig-holstein\/Kiel-Aktuelle-Nachrichten-News-und-Videos,kiel7262.html\" title=\"Kiel - Aktuelle Nachrichten und Videos\" rel=\"nofollow noopener\" target=\"_blank\">Kiel<\/a> in wenigen Jahren schlie\u00dfen und neu gebaut werden. Im Raum steht demnach eine Bauzeit von etwa drei Jahren. Das Projekt k\u00f6nnte rund f\u00fcnf Millionen Euro kosten. Unterst\u00fctzer des historischen Seebads haben nun eine Unterschriftenaktion gegen den Neubau gestartet.<\/p>\n<p class=\"\">Sie fordern eine Sanierung des jetzigen Seebads. Mitinitiator Michael Felsmann erkl\u00e4rt: &#8222;Wir machen uns gro\u00dfe Sorgen, dass ein Ersatzneubau entstehen soll, dessen Finanzierung nicht gesichert ist. Und wir bef\u00fcrchten, dass es eine Dauerbaustelle wird und es eine Kostenexplosion gibt.&#8220;<\/p>\n<p>    Stadt Kiel will Pl\u00e4ne \u00fcberpr\u00fcfen<\/p>\n<p class=\"\">Nach Angaben der Stadt Kiel kostet eine Sanierung allerdings deutlich mehr als ein Neubau. Der sei ohnehin schon schwierig zu finanzieren, weil die Gelder bei der Stadt knapp sind. Aber: Die Pl\u00e4ne sollen laut Stadt jetzt nochmal komplett \u00fcberpr\u00fcft werden.<\/p>\n<p>        <img decoding=\"async\" src=\"https:\/\/www.europesays.com\/de\/wp-content\/uploads\/2026\/08\/badestelle-100.webp\" alt=\"Badeg\u00e4sten an der Badestelle Bellevue in Kiel.\" title=\"Badeg\u00e4sten an der Badestelle Bellevue in Kiel. | picture alliance\/dpa | Jonas Walzberg\" class=\"responsive\" loading=\"lazy\"\/><\/p>\n<p>Der 24-J\u00e4hrige ist in der Nacht auf Sonntag vermutlich ertrunken. Am Dienstagvormittag wurde seine Leiche gefunden.<\/p>\n<p>        <img decoding=\"async\" src=\"https:\/\/www.europesays.com\/de\/wp-content\/uploads\/2026\/08\/shmag123766.webp\" alt=\"Mehrere Menschen beim &quot;Anbaden&quot; an Neujahr\" title=\"Mehrere Menschen beim &quot;Anbaden&quot; an Neujahr | NDR, NDR Screenshot\" class=\"responsive\" loading=\"lazy\"\/><\/p>\n<p>In der Seebadeanstalt haben sich &#8211; trotz des Sturms &#8211; 200 Menschen zum Neujahrsanbaden ins Wasser getraut.<\/p>\n<p>        Schlagw\u00f6rter zu diesem Artikel<\/p>\n<p>            <a href=\"https:\/\/www.ndr.de\/nachrichten\/schleswig-holstein\/Kiel-Aktuelle-Nachrichten-News-und-Videos,kiel7262.html\" rel=\"nofollow noopener\" target=\"_blank\">Kiel<\/a><\/p>\n","protected":false},"excerpt":{"rendered":"Stand: 07.08.2026 17:08 Uhr Die &#8222;Initiative Weiterbaden!&#8220; fordert den Erhalt des historischen Seebads. Das Seebad D\u00fcsternbrook an der&hellip;\n","protected":false},"author":2,"featured_media":1222800,"comment_status":"","ping_status":"","sticky":false,"template":"","format":"standard","meta":{"footnotes":"","_share_on_mastodon":"0"},"categories":[1852],"tags":[3364,29,548,663,3934,30,13,4949,31705,14,2190,15,2852,3503,4108,12,1971,254168],"class_list":["post-1222799","post","type-post","status-publish","format-standard","has-post-thumbnail","category-kiel","tag-de","tag-deutschland","tag-eu","tag-europa","tag-europe","tag-germany","tag-headlines","tag-kiel","tag-kieler-foerde","tag-nachrichten","tag-neubau","tag-news","tag-ostsee","tag-petition","tag-sanierung","tag-schlagzeilen","tag-schleswig-holstein","tag-seebad-duesternbrook"],"share_on_mastodon":{"url":"https:\/\/pubeurope.com\/@de\/117056917328291783","error":""},"_links":{"self":[{"href":"https:\/\/www.europesays.com\/de\/wp-json\/wp\/v2\/posts\/1222799","targetHints":{"allow":["GET"]}}],"collection":[{"href":"https:\/\/www.europesays.com\/de\/wp-json\/wp\/v2\/posts"}],"about":[{"href":"https:\/\/www.europesays.com\/de\/wp-json\/wp\/v2\/types\/post"}],"author":[{"embeddable":true,"href":"https:\/\/www.europesays.com\/de\/wp-json\/wp\/v2\/users\/2"}],"replies":[{"embeddable":true,"href":"https:\/\/www.europesays.com\/de\/wp-json\/wp\/v2\/comments?post=1222799"}],"version-history":[{"count":0,"href":"https:\/\/www.europesays.com\/de\/wp-json\/wp\/v2\/posts\/1222799\/revisions"}],"wp:featuredmedia":[{"embeddable":true,"href":"https:\/\/www.europesays.com\/de\/wp-json\/wp\/v2\/media\/1222800"}],"wp:attachment":[{"href":"https:\/\/www.europesays.com\/de\/wp-json\/wp\/v2\/media?parent=1222799"}],"wp:term":[{"taxonomy":"category","embeddable":true,"href":"https:\/\/www.europesays.com\/de\/wp-json\/wp\/v2\/categories?post=1222799"},{"taxonomy":"post_tag","embeddable":true,"href":"https:\/\/www.europesays.com\/de\/wp-json\/wp\/v2\/tags?post=1222799"}],"curies":[{"name":"wp","href":"https:\/\/api.w.org\/{rel}","templated":true}]}}