{"id":1222843,"date":"2026-08-08T00:17:43","date_gmt":"2026-08-08T00:17:43","guid":{"rendered":"https:\/\/www.europesays.com\/de\/1222843\/"},"modified":"2026-08-08T00:17:43","modified_gmt":"2026-08-08T00:17:43","slug":"russland-lng-warum-die-sorge-um-die-gasspeicher-jetzt-steigt","status":"publish","type":"post","link":"https:\/\/www.europesays.com\/de\/1222843\/","title":{"rendered":"Russland-LNG: Warum die Sorge um die Gasspeicher jetzt steigt"},"content":{"rendered":"<p>Du hast erfolgreich deine Einwilligung in die Nutzung unseres Angebots mit Tracking und Cookies widerrufen. Damit entfallen alle Einwilligungen, die du zuvor \u00fcber den (Cookie-) Einwilligungsbanner bzw. \u00fcber den Privacy-Manager erteilt hast. Du kannst dich jetzt erneut zwischen dem Pur-Abo und der Nutzung mit Tracking und Cookies entscheiden.<\/p>\n<p>Bitte beachte, dass dieser Widerruf aus technischen Gr\u00fcnden keine Wirksamkeit f\u00fcr sonstige Einwilligungen (z.B. in den Empfang von Newslettern) entfalten kann. Bitte wenden dich diesbez\u00fcglich an datenschutz@axelspringer.de.<\/p>\n","protected":false},"excerpt":{"rendered":"Du hast erfolgreich deine Einwilligung in die Nutzung unseres Angebots mit Tracking und Cookies widerrufen. Damit entfallen alle&hellip;\n","protected":false},"author":2,"featured_media":1222844,"comment_status":"","ping_status":"","sticky":false,"template":"","format":"standard","meta":{"footnotes":"","_share_on_mastodon":"0"},"categories":[3933],"tags":[331,332,548,663,158,3934,3935,13,12504,14,15,307,12,306],"class_list":["post-1222843","post","type-post","status-publish","format-standard","has-post-thumbnail","category-eu","tag-aktuelle-nachrichten","tag-aktuelle-news","tag-eu","tag-europa","tag-europaeische-union","tag-europe","tag-european-union","tag-headlines","tag-lng","tag-nachrichten","tag-news","tag-russland","tag-schlagzeilen","tag-wladimir-putin"],"share_on_mastodon":{"url":"https:\/\/pubeurope.com\/@de\/117057018069771572","error":""},"_links":{"self":[{"href":"https:\/\/www.europesays.com\/de\/wp-json\/wp\/v2\/posts\/1222843","targetHints":{"allow":["GET"]}}],"collection":[{"href":"https:\/\/www.europesays.com\/de\/wp-json\/wp\/v2\/posts"}],"about":[{"href":"https:\/\/www.europesays.com\/de\/wp-json\/wp\/v2\/types\/post"}],"author":[{"embeddable":true,"href":"https:\/\/www.europesays.com\/de\/wp-json\/wp\/v2\/users\/2"}],"replies":[{"embeddable":true,"href":"https:\/\/www.europesays.com\/de\/wp-json\/wp\/v2\/comments?post=1222843"}],"version-history":[{"count":0,"href":"https:\/\/www.europesays.com\/de\/wp-json\/wp\/v2\/posts\/1222843\/revisions"}],"wp:featuredmedia":[{"embeddable":true,"href":"https:\/\/www.europesays.com\/de\/wp-json\/wp\/v2\/media\/1222844"}],"wp:attachment":[{"href":"https:\/\/www.europesays.com\/de\/wp-json\/wp\/v2\/media?parent=1222843"}],"wp:term":[{"taxonomy":"category","embeddable":true,"href":"https:\/\/www.europesays.com\/de\/wp-json\/wp\/v2\/categories?post=1222843"},{"taxonomy":"post_tag","embeddable":true,"href":"https:\/\/www.europesays.com\/de\/wp-json\/wp\/v2\/tags?post=1222843"}],"curies":[{"name":"wp","href":"https:\/\/api.w.org\/{rel}","templated":true}]}}