{"id":1222893,"date":"2026-08-08T00:51:16","date_gmt":"2026-08-08T00:51:16","guid":{"rendered":"https:\/\/www.europesays.com\/de\/1222893\/"},"modified":"2026-08-08T00:51:16","modified_gmt":"2026-08-08T00:51:16","slug":"koelner-ob-will-seine-stadt-zum-genehmigungsweltmeister-machen-torsten-burmester","status":"publish","type":"post","link":"https:\/\/www.europesays.com\/de\/1222893\/","title":{"rendered":"K\u00f6lner OB will seine Stadt zum &#8222;Genehmigungsweltmeister&#8220; machen \/ Torsten Burmester &#8230;"},"content":{"rendered":"<p class=\"date\">08.08.2026 \u2013 01:00<\/p>\n<p class=\"customer\">\n                        <a class=\"story-customer\" title=\"weiter zum newsroom von K\u00f6lner Stadt-Anzeiger\" href=\"https:\/\/www.presseportal.de\/nr\/66749\" rel=\"nofollow noopener\" target=\"_blank\">K\u00f6lner Stadt-Anzeiger<\/a>\n                    <\/p>\n<p><a data-category=\"citylink-story-view\" data-action=\"click\" data-label=\"Citylink in Meldungsansicht\" class=\"story-city event-trigger\" href=\"https:\/\/www.presseportal.de\/regional\/K%F6ln.\" title=\"News aus K\u00f6ln. \" rel=\"nofollow noopener\" target=\"_blank\">K\u00f6ln.<\/a> (ots)<\/p>\n<p>Der K\u00f6lner Oberb\u00fcrgermeister Torsten Burmester (SPD) m\u00f6chte die Geschwindigkeit der Stadtverwaltung deutlich erh\u00f6hen. &#8222;K\u00f6ln muss einen Anspruch formulieren. Wir k\u00f6nnen mehr. Wir d\u00fcrfen uns nicht mit Mittelma\u00df begn\u00fcgen&#8220;, sagte er dem &#8222;K\u00f6lner Stadtanzeiger&#8220; (Samstag-Ausgabe). Er wolle K\u00f6ln zu der Stadt machen, &#8222;die am schnellsten reagiert. Wir wollen Genehmigungsweltmeister werden.&#8220;<\/p>\n<p>Burmeister bezeichnete es als Erfolgsfaktor, flexibel und schnell auf Ver\u00e4nderungen zu reagieren. &#8222;Wenn wir Investoren nach K\u00f6ln holen wollen, m\u00fcssen wir schneller sein als andere.&#8220; Dieser Anspruch erfordere &#8222;einen Kulturwandel &#8211; und eine Verwaltung mit weniger B\u00fcrokratie. Wir sind schon dabei, schneller zu werden.&#8220; Das merkten die B\u00fcrger an &#8222;schnelleren und unkomplizierteren Genehmigungen, Testaten, Leistungen&#8220;. F\u00fcr den Herbst k\u00fcndigte er dazu ein umfassendes Programm mit 30 oder 40 Punkten an. &#8222;Die letzte Verwaltungsreform hat nicht die erwarteten Renditen bei der Effizienz gebracht&#8220;, sagte er mit Blick auf seine Vorg\u00e4ngerin Henriette Reker (parteilos).<\/p>\n<p>Zugleich zeigte sich Burmeister \u00fcberzeugt, dass K\u00f6ln den Zuschlag f\u00fcr die Olympischen Spiele bekommt. &#8222;Wir haben sehr gute Chancen&#8220;, sagte er. &#8222;In M\u00fcnchen baut das Konzept auf einem olympischen Erbe auf. Wir bieten die Gelegenheit, in einem anderen Teil Deutschlands ebenfalls positive Wirkung zu erzielen.&#8220;<\/p>\n<p><b>Das Interview im Wortlaut:  <a target=\"_blank\" class=\"uri-ext outbound\" rel=\"noopener nofollow\" href=\"http:\/\/www.ksta.de\/1343506\">www.ksta.de\/1343506<\/a><\/b><\/p>\n<p><b>Die zitierte Passage: <\/b><\/p>\n<p>Wenn die Lage so schwierig ist &#8211; k\u00f6nnte sich K\u00f6ln \u00fcberhaupt Olympische Spiele leisten?<\/p>\n<p>K\u00f6ln w\u00fcrde von Olympischen und paralympischen Spielen profitieren &#8211; gerade bei der Infrastruktur. Die Spiele bringen uns Investitionen und F\u00f6rdermittel.<\/p>\n<p>Wie sicher sind Sie, dass K\u00f6ln den Zuschlag bekommt?<\/p>\n<p>Wir sind in einem sportlichen Wettbewerb, da kann man sich nie sicher sein.<\/p>\n<p>Bayern-Regent S\u00f6der ist sicher, dass M\u00fcnchen gewinnt.<\/p>\n<p>Wir haben sehr gute Chancen. In M\u00fcnchen baut das Konzept auf einem olympischen Erbe auf. Wir bieten die Gelegenheit, in einem anderen Teil Deutschlands ebenfalls positive Wirkung zu erzielen.<\/p>\n<p>Ist K\u00f6ln &#8211; ganz generell &#8211; ambitioniert genug?<\/p>\n<p>K\u00f6ln muss einen Anspruch formulieren. Wir k\u00f6nnen mehr. Wir d\u00fcrfen uns nicht mit Mittelma\u00df begn\u00fcgen. Ich m\u00f6chte, dass die Menschen in K\u00f6ln merken: Da geht was!<\/p>\n<p>Wo kann K\u00f6ln ein Leuchtturm in Europa werden? Beim Sport? Bei der Kultur?<\/p>\n<p>Ich m\u00f6chte K\u00f6ln zu der Stadt machen, die am schnellsten reagiert. Wir wollen Genehmigungsweltmeister werden.<\/p>\n<p>Genehmigungsweltmeister?<\/p>\n<p>Unser Erfolgsfaktor liegt darin, dass wir flexibel und schnell auf sich ver\u00e4ndernde Situationen reagieren. Wenn wir Investoren nach K\u00f6ln holen wollen, m\u00fcssen wir schneller sein als andere. Das ist der Anspruch, den ich habe. Das erfordert einen Kulturwandel &#8211; und eine Verwaltung mit weniger B\u00fcrokratie. Wir sind schon dabei, schneller zu werden.<\/p>\n<p>Woran merken das die B\u00fcrger?<\/p>\n<p>An schnelleren und unkomplizierteren Genehmigungen, Testaten, Leistungen. Wir werden im Herbst ein umfassendes Programm mit 30 oder 40 Punkten vorlegen. Die letzte Verwaltungsreform hat nicht die erwarteten Renditen bei der Effizienz gebracht.<\/p>\n<p class=\"contact-headline\">Pressekontakt:<\/p>\n<p class=\"contact-text\">K\u00f6lner Stadt-Anzeiger<br \/>Newsdesk<br \/>Telefon: 0221 224 2080<\/p>\n<p class=\"originator\">Original-Content von: K\u00f6lner Stadt-Anzeiger, \u00fcbermittelt durch news aktuell<\/p>\n","protected":false},"excerpt":{"rendered":"08.08.2026 \u2013 01:00 K\u00f6lner Stadt-Anzeiger K\u00f6ln. (ots) Der K\u00f6lner Oberb\u00fcrgermeister Torsten Burmester (SPD) m\u00f6chte die Geschwindigkeit der Stadtverwaltung&hellip;\n","protected":false},"author":2,"featured_media":1184682,"comment_status":"","ping_status":"","sticky":false,"template":"","format":"standard","meta":{"footnotes":"","_share_on_mastodon":"0"},"categories":[1828],"tags":[29,30,14623,1420,1209,16,178,180,179,181,21905],"class_list":["post-1222893","post","type-post","status-publish","format-standard","has-post-thumbnail","category-koeln","tag-deutschland","tag-germany","tag-innenpolitik","tag-koeln","tag-nordrhein-westfalen","tag-politik","tag-presse","tag-pressemeldung","tag-pressemitteilung","tag-pressemitteilungen","tag-presseschau"],"share_on_mastodon":{"url":"https:\/\/pubeurope.com\/@de\/117057151854541840","error":""},"_links":{"self":[{"href":"https:\/\/www.europesays.com\/de\/wp-json\/wp\/v2\/posts\/1222893","targetHints":{"allow":["GET"]}}],"collection":[{"href":"https:\/\/www.europesays.com\/de\/wp-json\/wp\/v2\/posts"}],"about":[{"href":"https:\/\/www.europesays.com\/de\/wp-json\/wp\/v2\/types\/post"}],"author":[{"embeddable":true,"href":"https:\/\/www.europesays.com\/de\/wp-json\/wp\/v2\/users\/2"}],"replies":[{"embeddable":true,"href":"https:\/\/www.europesays.com\/de\/wp-json\/wp\/v2\/comments?post=1222893"}],"version-history":[{"count":0,"href":"https:\/\/www.europesays.com\/de\/wp-json\/wp\/v2\/posts\/1222893\/revisions"}],"wp:featuredmedia":[{"embeddable":true,"href":"https:\/\/www.europesays.com\/de\/wp-json\/wp\/v2\/media\/1184682"}],"wp:attachment":[{"href":"https:\/\/www.europesays.com\/de\/wp-json\/wp\/v2\/media?parent=1222893"}],"wp:term":[{"taxonomy":"category","embeddable":true,"href":"https:\/\/www.europesays.com\/de\/wp-json\/wp\/v2\/categories?post=1222893"},{"taxonomy":"post_tag","embeddable":true,"href":"https:\/\/www.europesays.com\/de\/wp-json\/wp\/v2\/tags?post=1222893"}],"curies":[{"name":"wp","href":"https:\/\/api.w.org\/{rel}","templated":true}]}}