{"id":1222972,"date":"2026-08-08T01:41:43","date_gmt":"2026-08-08T01:41:43","guid":{"rendered":"https:\/\/www.europesays.com\/de\/1222972\/"},"modified":"2026-08-08T01:41:43","modified_gmt":"2026-08-08T01:41:43","slug":"zweite-bundesliga-hertha-bsc-gewinnt-auftaktspiel-gegen-bochum","status":"publish","type":"post","link":"https:\/\/www.europesays.com\/de\/1222972\/","title":{"rendered":"Zweite Bundesliga: Hertha BSC gewinnt Auftaktspiel gegen Bochum"},"content":{"rendered":"<p>        VfL Bochum \u2013 Hertha BSC 0:1 (0:1)            <\/p>\n<p class=\"paragraph article__item\">Hertha BSC ist mit einem Sieg in die neue Saison der zweiten Fu\u00dfballbundesliga der M\u00e4nner gestartet. Die Mannschaft von Trainer Stefan Leitl<br \/>\ngewann das Er\u00f6ffnungsspiel beim <a class=\"rtr-entity\" href=\"https:\/\/www.zeit.de\/thema\/vfl-bochum\" rel=\"nofollow noopener\" target=\"_blank\">VfL Bochum<\/a> mit 1:0 (1:0). Vor 26.000 Zuschauerinnen und Zuschauern im ausverkauften<br \/>\nRuhrstadion erzielte Sebastian Gr\u00f8nning (39.) den Siegtreffer f\u00fcr die Berliner.\n<\/p>\n<p class=\"paragraph article__item\">Die 53. Spielzeit der zweiten Liga begann sportlich z\u00e4h. Die Aufmerksamkeit verschob sich zu Beginn auf ein Zaunbanner, das Hertha-Fans an einem Fluchttor aufhingen. Als dieses trotz mehrmaliger Aufforderung nicht abgeh\u00e4ngt wurde, unterbrach Schiedsrichter Wolfgang Haslberger in der 19. Minute das Spiel f\u00fcr insgesamt sechs Minuten.\n<\/p>\n<p class=\"paragraph article__item\">Nach einer halben Stunde nahm das Spiel an Fahrt auf. Einen Kopfball von <a class=\"rtr-entity\" href=\"https:\/\/www.zeit.de\/thema\/bochum\" rel=\"nofollow noopener\" target=\"_blank\">Bochums<\/a> Philipp Hofmann hielt Torwart Marius Gersbeck in der 30. Minute. Daraufhin erzielte Gr\u00f8nning das Tor des Spiels nach einer Vorlage von Soufian Gouram (39.). Kurz danach versuchte Bochum zu kontern, Berkan Taz traf mit seinem Kopfball jedoch nicht das Tor (41.).\n<\/p>\n<p class=\"paragraph article__item\">In der zweiten Halbzeit machten die Bochumer mehr Druck, allerdings ohne Erfolg. Ein Kopfball von Hofmann wurde vom Berliner Niklas Kolbe abgef\u00e4lscht (57.). Kolbe verhinderte au\u00dferdem den Abschluss von Taz mit einer Gr\u00e4tsche (64.). Der eingewechselte Gerrit Holtmann verzog gegen die tiefstehenden Berliner knapp links am Tor vorbei (72.), ehe Gersbeck einen Schuss von Maximilian Wittek sicher parierte (80.).\n<\/p>\n<p class=\"paragraph article__item\">Erstmals seit sechs Jahren gewinnt Hertha BSC damit am ersten Spieltag und steht vorl\u00e4ufig auf dem ersten Tabellenplatz. Am n\u00e4chsten Spieltag trifft die Berliner Mannschaft auf den 1. FC Heidenheim, Bochum spielt gegen Eintracht Braunschweig.\n<\/p>\n<p>Mehr zum Thema<\/p>\n<p>                <a href=\"https:\/\/www.zeit.de\/sport\/2026-08\/gianni-infantino-fifa-fussball-gruenflaeche\" data-ct-label=\"Gianni Infantino: Der dreifache Am-Amt-Kleben-Rittberger des renditegeilen Gianni\" data-uuid=\"0c1986df-187a-4d46-bf37-3285ca562116\" rel=\"nofollow noopener\" target=\"_blank\"><\/p>\n<p>        Z+ (abopflichtiger Inhalt);<\/p>\n<p>    Gianni Infantino:<br \/>\n                        Der dreifache Am-Amt-Kleben-Rittberger des renditegeilen Gianni<\/p>\n<p>                <\/a><\/p>\n<p>                <a href=\"https:\/\/www.zeit.de\/wirtschaft\/2026-08\/fifa-reform-gianni-infantino-chef-unternehmen\" data-ct-label=\"Fifa-Reform: Ein neuer Chef reicht nicht\" data-uuid=\"841b8826-423d-4490-b5f7-2d833f5e7fa7\" rel=\"nofollow noopener\" target=\"_blank\"><\/p>\n<p>        Z+ (abopflichtiger Inhalt);<\/p>\n<p>    Fifa-Reform:<br \/>\n                        Ein neuer Chef reicht nicht<\/p>\n<p>                <\/a><\/p>\n<p>                <a href=\"https:\/\/www.zeit.de\/sport\/2026-07\/wm-boykott-uefa-gianni-infantino-fifa-fussball\" data-ct-label=\"WM-Boykott der Uefa: Gut, dass die Uefa vorangeht\" data-uuid=\"2f262658-376f-414a-ab64-0af3f2c3efbb\" rel=\"nofollow noopener\" target=\"_blank\"><\/p>\n<p>        Z+ (abopflichtiger Inhalt);<\/p>\n<p>    WM-Boykott der Uefa:<br \/>\n                        Gut, dass die Uefa vorangeht<\/p>\n<p>                <\/a><\/p>\n","protected":false},"excerpt":{"rendered":"VfL Bochum \u2013 Hertha BSC 0:1 (0:1) Hertha BSC ist mit einem Sieg in die neue Saison der&hellip;\n","protected":false},"author":2,"featured_media":1222973,"comment_status":"","ping_status":"","sticky":false,"template":"","format":"standard","meta":{"footnotes":"","_share_on_mastodon":"0"},"categories":[1839],"tags":[7507,3364,29,61465,485,30,1088,3140,1209,265,15381,8173,784],"class_list":["post-1222972","post","type-post","status-publish","format-standard","has-post-thumbnail","category-bochum","tag-bochum","tag-de","tag-deutschland","tag-eroeffnungsspiel","tag-fussball-bundesliga","tag-germany","tag-hertha-bsc","tag-hertha-bsc-berlin","tag-nordrhein-westfalen","tag-sport","tag-stefan-leitl","tag-vfl-bochum","tag-zweite-bundesliga"],"share_on_mastodon":{"url":"https:\/\/pubeurope.com\/@de\/117057348438014229","error":""},"_links":{"self":[{"href":"https:\/\/www.europesays.com\/de\/wp-json\/wp\/v2\/posts\/1222972","targetHints":{"allow":["GET"]}}],"collection":[{"href":"https:\/\/www.europesays.com\/de\/wp-json\/wp\/v2\/posts"}],"about":[{"href":"https:\/\/www.europesays.com\/de\/wp-json\/wp\/v2\/types\/post"}],"author":[{"embeddable":true,"href":"https:\/\/www.europesays.com\/de\/wp-json\/wp\/v2\/users\/2"}],"replies":[{"embeddable":true,"href":"https:\/\/www.europesays.com\/de\/wp-json\/wp\/v2\/comments?post=1222972"}],"version-history":[{"count":0,"href":"https:\/\/www.europesays.com\/de\/wp-json\/wp\/v2\/posts\/1222972\/revisions"}],"wp:featuredmedia":[{"embeddable":true,"href":"https:\/\/www.europesays.com\/de\/wp-json\/wp\/v2\/media\/1222973"}],"wp:attachment":[{"href":"https:\/\/www.europesays.com\/de\/wp-json\/wp\/v2\/media?parent=1222972"}],"wp:term":[{"taxonomy":"category","embeddable":true,"href":"https:\/\/www.europesays.com\/de\/wp-json\/wp\/v2\/categories?post=1222972"},{"taxonomy":"post_tag","embeddable":true,"href":"https:\/\/www.europesays.com\/de\/wp-json\/wp\/v2\/tags?post=1222972"}],"curies":[{"name":"wp","href":"https:\/\/api.w.org\/{rel}","templated":true}]}}