{"id":1222992,"date":"2026-08-08T01:56:25","date_gmt":"2026-08-08T01:56:25","guid":{"rendered":"https:\/\/www.europesays.com\/de\/1222992\/"},"modified":"2026-08-08T01:56:25","modified_gmt":"2026-08-08T01:56:25","slug":"06-08-spurensuche-am-rhein-dorothea-g-aus-bonn-wird-vermisst","status":"publish","type":"post","link":"https:\/\/www.europesays.com\/de\/1222992\/","title":{"rendered":"06.08.: Spurensuche am Rhein: Dorothea G. aus Bonn wird vermisst"},"content":{"rendered":"<p>&#13;<br \/>\n            <b>Bonn. <\/b>Die Bonner Polizei sucht die 41-j\u00e4hrige Dorothea G. aus Bonn-Oberkassel und bittet die \u00d6ffentlichkeit um Unterst\u00fctzung. Ihr Arbeitgeber meldete sie am Donnerstag, den 6. August 2026, als vermisst. Zuletzt wurde sie am Mittwoch, dem 5. August 2026, beim Verlassen ihrer Wohnanschrift gesehen. <\/p>\n<p>Spazierg\u00e4nger fanden ihre Handtasche am Rheinufer und gaben sie bei einem Nachbarn ab. Bisher gibt es keine Hinweise auf m\u00f6gliche Kontakte, Anlaufstellen oder ihren derzeitigen Aufenthaltsort. Eine psychische Ausnahmesituation kann nicht ausgeschlossen werden. <\/p>\n<p>Dorothea G. wird wie folgt beschrieben: Sie ist etwa 1,70 m bis 1,75 m gro\u00df, hat eine sehr schlanke Statur, langes, hellbraun get\u00f6ntes Haar und braune Augen. Au\u00dferdem tr\u00e4gt sie eine Brille und hat eine kleine Narbe unter dem Kinn. <\/p>\n<p>                <a href=\"https:\/\/www.blick-aktuell.de\/Berichte\/Falsche-Polizisten-rufen-an-671195.html?StoryId=671231\" rel=\"nofollow noopener\" target=\"_blank\">&#13;<br \/>\n                  <img decoding=\"async\" class=\"img-responsive WebStoryLink-Image\" src=\"https:\/\/www.europesays.com\/de\/wp-content\/uploads\/2026\/08\/Falsche-Polizisten-rufen-an-671195t.jpg\" alt=\"Falsche Polizisten rufen an\"\/>&#13;<br \/>\n                <\/a><\/p>\n<p>                <a href=\"https:\/\/www.blick-aktuell.de\/Nachrichten\/0508Troisdorf-Opelfahrer-kracht-Forntal-gegen-eine-Ampel--671119.html?StoryId=671231\" rel=\"nofollow noopener\" target=\"_blank\">&#13;<br \/>\n                  <img decoding=\"async\" class=\"img-responsive WebStoryLink-Image\" src=\"https:\/\/www.europesays.com\/de\/wp-content\/uploads\/2026\/08\/0508Troisdorf-Opelfahrer-kracht-Forntal-gegen-eine-Ampel--671119t.jpg\" alt=\"05.08.:Troisdorf: Opelfahrer kracht forntal gegen eine Ampel\"\/>&#13;<br \/>\n                <\/a><\/p>\n<p>                <a href=\"https:\/\/www.blick-aktuell.de\/Berichte\/Quiz-Wie-gut-kennt-ihr-euch-in-Bonn-aus-653640.html?StoryId=671231\" rel=\"nofollow noopener\" target=\"_blank\">&#13;<br \/>\n                  <img decoding=\"async\" class=\"img-responsive WebStoryLink-Image\" src=\"https:\/\/www.europesays.com\/de\/wp-content\/uploads\/2026\/02\/Quiz-Wie-gut-kennt-ihr-euch-in-Bonn-aus-653640t.jpg\" alt=\"Quiz: Wie gut kennt ihr euch in Bonn aus?\"\/>&#13;<br \/>\n                <\/a><\/p>\n","protected":false},"excerpt":{"rendered":"&#13; Bonn. Die Bonner Polizei sucht die 41-j\u00e4hrige Dorothea G. aus Bonn-Oberkassel und bittet die \u00d6ffentlichkeit um Unterst\u00fctzung.&hellip;\n","protected":false},"author":2,"featured_media":1222993,"comment_status":"","ping_status":"","sticky":false,"template":"","format":"standard","meta":{"footnotes":"","_share_on_mastodon":"0"},"categories":[1842],"tags":[1741,3364,29,7142,30,1209,121,5206,120],"class_list":["post-1222992","post","type-post","status-publish","format-standard","has-post-thumbnail","category-bonn","tag-bonn","tag-de","tag-deutschland","tag-fahndung","tag-germany","tag-nordrhein-westfalen","tag-polizei","tag-rhein","tag-vermisst"],"share_on_mastodon":{"url":"https:\/\/pubeurope.com\/@de\/117057407607979834","error":""},"_links":{"self":[{"href":"https:\/\/www.europesays.com\/de\/wp-json\/wp\/v2\/posts\/1222992","targetHints":{"allow":["GET"]}}],"collection":[{"href":"https:\/\/www.europesays.com\/de\/wp-json\/wp\/v2\/posts"}],"about":[{"href":"https:\/\/www.europesays.com\/de\/wp-json\/wp\/v2\/types\/post"}],"author":[{"embeddable":true,"href":"https:\/\/www.europesays.com\/de\/wp-json\/wp\/v2\/users\/2"}],"replies":[{"embeddable":true,"href":"https:\/\/www.europesays.com\/de\/wp-json\/wp\/v2\/comments?post=1222992"}],"version-history":[{"count":0,"href":"https:\/\/www.europesays.com\/de\/wp-json\/wp\/v2\/posts\/1222992\/revisions"}],"wp:featuredmedia":[{"embeddable":true,"href":"https:\/\/www.europesays.com\/de\/wp-json\/wp\/v2\/media\/1222993"}],"wp:attachment":[{"href":"https:\/\/www.europesays.com\/de\/wp-json\/wp\/v2\/media?parent=1222992"}],"wp:term":[{"taxonomy":"category","embeddable":true,"href":"https:\/\/www.europesays.com\/de\/wp-json\/wp\/v2\/categories?post=1222992"},{"taxonomy":"post_tag","embeddable":true,"href":"https:\/\/www.europesays.com\/de\/wp-json\/wp\/v2\/tags?post=1222992"}],"curies":[{"name":"wp","href":"https:\/\/api.w.org\/{rel}","templated":true}]}}