{"id":1223070,"date":"2026-08-08T02:48:18","date_gmt":"2026-08-08T02:48:18","guid":{"rendered":"https:\/\/www.europesays.com\/de\/1223070\/"},"modified":"2026-08-08T02:48:18","modified_gmt":"2026-08-08T02:48:18","slug":"macbook-neo-zwingt-microsoft-zu-windows-11-effizienzoffensive","status":"publish","type":"post","link":"https:\/\/www.europesays.com\/de\/1223070\/","title":{"rendered":"MacBook Neo zwingt Microsoft zu Windows-11-Effizienzoffensive"},"content":{"rendered":"<p>Marktanalysten beobachten derzeit eine signifikante strategische Verschiebung bei Microsoft. Wie Jitesh Ubrani, Research Manager beim Marktforschungsunternehmen IDC, am 7. August 2026 berichtete, zwingt der Wettbewerbsdruck durch das MacBook Neo den Windows-Entwickler dazu, die Speichereffizienz seines Betriebssystems grundlegend zu \u00fcberdenken. Im Zentrum steht dabei die Priorisierung von Windows 11 f\u00fcr Ger\u00e4te mit 8 Gigabyte (GB) Arbeitsspeicher.<\/p>\n<p>Effizienzvorteile der Apple-Architektur als Markttreiber<\/p>\n<p>Den Analysen zufolge hat das am 4. M\u00e4rz 2026 f\u00fcr 599 US-Dollar eingef\u00fchrte MacBook Neo neue Ma\u00dfst\u00e4be im Einstiegssegment gesetzt. Trotz einer Basis-Ausstattung von 8 GB Arbeitsspeicher demonstriert die Hardware eine Leistungsf\u00e4higkeit, die Windows-basierte Systeme unter Druck setzt. Durch den Einsatz des A18 Pro Chips und der InFO-PoP-Technologie erreicht das Ger\u00e4t mit LPDDR5X-7500-Speicher eine Bandbreite von 60 GB\/s. Im Vergleich dazu erreichen typische Windows-Laptops lediglich Werte zwischen 25 und 40 GB\/s.<\/p>\n<p>In praktischen Tests zeigte sich diese \u00dcberlegenheit deutlich: W\u00e4hrend ein MacBook Neo in der Lage war, 60 Applikationen gleichzeitig zu \u00f6ffnen, verbrauchte es bei einer spezifischen Arbeitslast lediglich 7,24 GB Arbeitsspeicher. Ein vergleichbares Windows-System, in diesem Fall ein Asus ProArt mit 128 GB RAM, ben\u00f6tigte f\u00fcr dieselbe Last hingegen 27,1 GB. Auf dem Amazon-Marktplatz wird das Basismodell des MacBook Neo derzeit f\u00fcr 688,49 US-Dollar gelistet.<\/p>\n<p>Microsofts Neuausrichtung der Hardware-AnforderungenLesen Sie auch:<a href=\"https:\/\/borncity.com\/news\/outlook-classic-microsoft-integriert-ki-texterklaerung-fuer-copilot-nutzer\/\" class=\"bc-inline-link\" rel=\"nofollow noopener\" target=\"_blank\">Outlook Classic: Microsoft integriert KI-Texterkl\u00e4rung f\u00fcr Copilot-Nutzer<\/a><\/p>\n<p>Diese Diskrepanz hat Microsoft zu einer Kurskorrektur veranlasst. Nachdem das Unternehmen zeitweise eine Empfehlung von 32 GB RAM f\u00fcr Windows 11 ausgesprochen hatte, wurde diese Dokumentation nun entfernt. Der Fokus liegt stattdessen auf einer systemweiten Software-Optimierung. Ein Sprecher des Unternehmens best\u00e4tigte, dass die RAM-Optimierung f\u00fcr Konfigurationen ab 8 GB bis Ende 2026 abgeschlossen sein soll. Ein wichtiger Meilenstein in diesem Prozess sei die Migration zu WinUI 3 sowie die Entfernung \u00e4lterer Komponenten wie Win32 und WebView2.<\/p>\n<p>Anzeige<\/p>\n<p>Wer sich mit der Optimierung seines Betriebssystems befasst, sollte auch typische Fehlerquellen kennen. Dieser kostenlose Report zeigt Ihnen, wie Sie die h\u00e4ufigsten Windows-11-Probleme ohne teure IT-Hilfe ganz einfach selbst l\u00f6sen. <strong><a href=\"https:\/\/www.info.computerwissen-online.com\/erste-hilfe-fuer-windows11\/?af=KOOP_CW_WS_DNV_YES_WINDOWS-11-PROBLEME_X-AD1of2-EAID-1078346-CWBNC-BCPID_39865\" rel=\"noopener nofollow\" target=\"_blank\">Erste Hilfe f\u00fcr Windows 11 gratis herunterladen<\/a><\/strong><\/p>\n<p>Die Notwendigkeit dieser Effizienzsteigerung wird auch durch aktuelle Hardware-Herausforderungen unterstrichen. Ein Dell XPS 13 mit 8 GB Arbeitsspeicher verbraucht im Leerlauf bereits rund 70 Prozent der verf\u00fcgbaren Ressourcen. Dennoch kehrt Microsoft bei seinen eigenen Hardware-Reihen zu 8-GB-Konfigurationen zur\u00fcck. So wird das Surface Pro 12 f\u00fcr 849 US-Dollar und der Surface Laptop 13 f\u00fcr 949 US-Dollar jeweils mit dieser Speichermenge angeboten.<\/p>\n<p>Marktumfeld und wirtschaftliche Faktoren<\/p>\n<p>Hintergrund dieser Entwicklung sind auch massive Preissteigerungen in der Lieferkette. Im zweiten Quartal 2026 stiegen die Preise f\u00fcr LPDDR5X-Speicher um 89 Prozent. Dies schl\u00e4gt sich direkt in den Endkundenpreisen nieder: Branchen\u00fcbergreifend sind die PC-Preise im Jahr 2026 um 17 Prozent gestiegen.<\/p>\n<p>Anzeige<\/p>\n<p>W\u00e4hrend die Hardware-Anforderungen f\u00fcr viele Nutzer zur Herausforderung werden, bietet ein spezieller Ratgeber Orientierung beim Umstieg. Sichern Sie sich den Gratis-Plan f\u00fcr einen reibungslosen Wechsel auf das neue Betriebssystem inklusive aller Programme und Dateien. <strong><a href=\"https:\/\/www.info.computerwissen-online.com\/windows\/windows_11\/komplettpaket\/?af=KOOP_CW_WS_DNV_YES_WINDOWS-11-KOMPLETTPAKET_X-AD2of2-EAID-1078346-CWBNC-BCPID_39865\" rel=\"noopener nofollow\" target=\"_blank\">Windows 11 Komplettpaket jetzt kostenlos anfordern<\/a><\/strong><\/p>\n<p>Die allgemeine Marktsituation bleibt derweil volatil. IDC prognostiziert f\u00fcr das Gesamtjahr 2026 zwar ein Wachstum der globalen PC-Lieferungen um 11,3 Prozent. F\u00fcr das vierte Quartal wird jedoch mit einem deutlichen R\u00fcckgang von 20 Prozent im Vergleich zum Vorjahreszeitraum gerechnet. Die Erh\u00f6hung der Software-Effizienz gilt daher als entscheidender Faktor, um Windows-Ger\u00e4te trotz steigender Komponentenpreise und des starken Wettbewerbs durch Apple konkurrenzf\u00e4hig zu halten. Marcus Ash, Vizepr\u00e4sident bei Microsoft, best\u00e4tigte in diesem Zusammenhang das Ziel, eine umfassende Speicheroptimierung im gesamten System zu implementieren.<\/p>\n","protected":false},"excerpt":{"rendered":"Marktanalysten beobachten derzeit eine signifikante strategische Verschiebung bei Microsoft. Wie Jitesh Ubrani, Research Manager beim Marktforschungsunternehmen IDC, am&hellip;\n","protected":false},"author":2,"featured_media":1223071,"comment_status":"","ping_status":"","sticky":false,"template":"","format":"standard","meta":{"footnotes":"","_share_on_mastodon":"0"},"categories":[135],"tags":[42123,29,30,11172,190,189,194,425,191,4412,193,192],"class_list":["post-1223070","post","type-post","status-publish","format-standard","has-post-thumbnail","category-wissenschaft-technik","tag-betriebssysteme","tag-deutschland","tag-germany","tag-hardware","tag-science","tag-science-technology","tag-technik","tag-technologie","tag-technology","tag-wettbewerb","tag-wissenschaft","tag-wissenschaft-technik"],"share_on_mastodon":{"url":"https:\/\/pubeurope.com\/@de\/117057611791029957","error":""},"_links":{"self":[{"href":"https:\/\/www.europesays.com\/de\/wp-json\/wp\/v2\/posts\/1223070","targetHints":{"allow":["GET"]}}],"collection":[{"href":"https:\/\/www.europesays.com\/de\/wp-json\/wp\/v2\/posts"}],"about":[{"href":"https:\/\/www.europesays.com\/de\/wp-json\/wp\/v2\/types\/post"}],"author":[{"embeddable":true,"href":"https:\/\/www.europesays.com\/de\/wp-json\/wp\/v2\/users\/2"}],"replies":[{"embeddable":true,"href":"https:\/\/www.europesays.com\/de\/wp-json\/wp\/v2\/comments?post=1223070"}],"version-history":[{"count":0,"href":"https:\/\/www.europesays.com\/de\/wp-json\/wp\/v2\/posts\/1223070\/revisions"}],"wp:featuredmedia":[{"embeddable":true,"href":"https:\/\/www.europesays.com\/de\/wp-json\/wp\/v2\/media\/1223071"}],"wp:attachment":[{"href":"https:\/\/www.europesays.com\/de\/wp-json\/wp\/v2\/media?parent=1223070"}],"wp:term":[{"taxonomy":"category","embeddable":true,"href":"https:\/\/www.europesays.com\/de\/wp-json\/wp\/v2\/categories?post=1223070"},{"taxonomy":"post_tag","embeddable":true,"href":"https:\/\/www.europesays.com\/de\/wp-json\/wp\/v2\/tags?post=1223070"}],"curies":[{"name":"wp","href":"https:\/\/api.w.org\/{rel}","templated":true}]}}