{"id":1223107,"date":"2026-08-08T03:12:29","date_gmt":"2026-08-08T03:12:29","guid":{"rendered":"https:\/\/www.europesays.com\/de\/1223107\/"},"modified":"2026-08-08T03:12:29","modified_gmt":"2026-08-08T03:12:29","slug":"neuer-brunnen-fuer-die-alte-freiheit-erste-bauarbeiten-durchgefuehrt-blickfeld","status":"publish","type":"post","link":"https:\/\/www.europesays.com\/de\/1223107\/","title":{"rendered":"Neuer Brunnen f\u00fcr die Alte Freiheit: Erste Bauarbeiten durchgef\u00fchrt &#8211; blickfeld"},"content":{"rendered":"<p class=\"wp-block-paragraph\">Der neue Brunnen soll vor allem <strong>Abk\u00fchlung in der Innenstadt<\/strong> bieten und die <strong>Aufenthaltsqualit\u00e4t <\/strong>verbessern.<\/p>\n<p>Fertigstellung des Brunnens Anfang Oktober<\/p>\n<p class=\"wp-block-paragraph\">Damit der <strong>oberirdisch geplante Brunnen<\/strong> eingebaut werden kann, wurde der daf\u00fcr erforderliche <strong>Technikraum mit zugeh\u00f6rigem Wasserbeh\u00e4lter<\/strong> in den Untergrund eingebracht. Die besondere Herausforderung dabei war, dass die <strong>Brunnenkammer in zwei Teilen<\/strong> angefertigt werden musste, damit sie in das im Boden vorgefundene <strong>historische Mauerwerk<\/strong> mit dem Kran passgenau eingehoben werden konnte. <\/p>\n<p><a href=\"https:\/\/www.europesays.com\/de\/wp-content\/uploads\/2026\/08\/brunnen-alte-freiheit_renderaufnahme-stadt-wuppertal.jpg\" data-slb-active=\"1\" data-slb-asset=\"1289443237\" data-slb-internal=\"0\" data-slb-group=\"47992\"><img loading=\"lazy\" decoding=\"async\" width=\"1200\" height=\"800\" src=\"https:\/\/www.europesays.com\/de\/wp-content\/uploads\/2026\/08\/brunnen-alte-freiheit_renderaufnahme-stadt-wuppertal.jpg\" alt=\"\" class=\"wp-image-47996\"  \/><\/a>Renderaufnahme des neuen Brunnens \u2013 Foto: Stadt Wuppertal<\/p>\n<p class=\"wp-block-paragraph\">Der Bereich wird jetzt wieder verf\u00fcllt, das <strong>Brunnenbauwerk <\/strong>errichtet. Anschlie\u00dfend wird der Bereich neu gepflastert. Die <strong>Fertigstellung des Brunnens<\/strong> ist Anfang Oktober geplant. \u00bb<a href=\"https:\/\/www.blickfeld-wuppertal.de\/ueber-uns\/blickfeld-redaktion\" rel=\"nofollow noopener\" target=\"_blank\">red<\/a>\u00ab<\/p>\n","protected":false},"excerpt":{"rendered":"Der neue Brunnen soll vor allem Abk\u00fchlung in der Innenstadt bieten und die Aufenthaltsqualit\u00e4t verbessern. Fertigstellung des Brunnens&hellip;\n","protected":false},"author":2,"featured_media":1223108,"comment_status":"","ping_status":"","sticky":false,"template":"","format":"standard","meta":{"footnotes":"","_share_on_mastodon":"0"},"categories":[1840],"tags":[3364,29,16373,30,1209,16375,383,4418],"class_list":["post-1223107","post","type-post","status-publish","format-standard","has-post-thumbnail","category-wuppertal","tag-de","tag-deutschland","tag-elberfeld","tag-germany","tag-nordrhein-westfalen","tag-red","tag-umwelt","tag-wuppertal"],"share_on_mastodon":{"url":"https:\/\/pubeurope.com\/@de\/117057706331802104","error":""},"_links":{"self":[{"href":"https:\/\/www.europesays.com\/de\/wp-json\/wp\/v2\/posts\/1223107","targetHints":{"allow":["GET"]}}],"collection":[{"href":"https:\/\/www.europesays.com\/de\/wp-json\/wp\/v2\/posts"}],"about":[{"href":"https:\/\/www.europesays.com\/de\/wp-json\/wp\/v2\/types\/post"}],"author":[{"embeddable":true,"href":"https:\/\/www.europesays.com\/de\/wp-json\/wp\/v2\/users\/2"}],"replies":[{"embeddable":true,"href":"https:\/\/www.europesays.com\/de\/wp-json\/wp\/v2\/comments?post=1223107"}],"version-history":[{"count":0,"href":"https:\/\/www.europesays.com\/de\/wp-json\/wp\/v2\/posts\/1223107\/revisions"}],"wp:featuredmedia":[{"embeddable":true,"href":"https:\/\/www.europesays.com\/de\/wp-json\/wp\/v2\/media\/1223108"}],"wp:attachment":[{"href":"https:\/\/www.europesays.com\/de\/wp-json\/wp\/v2\/media?parent=1223107"}],"wp:term":[{"taxonomy":"category","embeddable":true,"href":"https:\/\/www.europesays.com\/de\/wp-json\/wp\/v2\/categories?post=1223107"},{"taxonomy":"post_tag","embeddable":true,"href":"https:\/\/www.europesays.com\/de\/wp-json\/wp\/v2\/tags?post=1223107"}],"curies":[{"name":"wp","href":"https:\/\/api.w.org\/{rel}","templated":true}]}}