{"id":122311,"date":"2025-05-19T07:42:08","date_gmt":"2025-05-19T07:42:08","guid":{"rendered":"https:\/\/www.europesays.com\/de\/122311\/"},"modified":"2025-05-19T07:42:08","modified_gmt":"2025-05-19T07:42:08","slug":"5-jahre-essen-waerme-wuerde","status":"publish","type":"post","link":"https:\/\/www.europesays.com\/de\/122311\/","title":{"rendered":"5 Jahre Essen, W\u00e4rme, W\u00fcrde"},"content":{"rendered":"<p>Der Mann hinter der Bewegung<\/p>\n<p>Amine Diare Conde, der Initiant von \u00abEssen f\u00fcr Alle\u00bb stammt aus Guinea. Als Fl\u00fcchtling kam er in die Schweiz. Mit wenig Gep\u00e4ck, aber viel Tatkraft. Was ihn antreibt? \u00a0\u00abIch weiss, wie es sich anf\u00fchlt, Hunger zu haben\u00bb, sagt er leise. Und l\u00e4chelt. Bescheiden, wie immer. Amine, der l\u00e4ngst eine F\u00fchrungsfigur geworden ist, bleibt bodenst\u00e4ndig. Heute ist er ein Gesicht der Hoffnung in Z\u00fcrich.<\/p>\n<p><strong>Die Idee lebt, weil sie geteilt wird<\/strong><\/p>\n<p>\u00abEssen f\u00fcr Alle\u00bb ist l\u00e4ngst mehr als eine Lebensmittelabgabe. Es ist ein Ort des Zuh\u00f6rens. Ein Netzwerk aus Freiwilligen, Spendern, Nachbarn. Sozialarbeitende treffen hier auf Rentnerinnen, IT-Spezialisten reichen T\u00fcten, Gefl\u00fcchtete helfen Gefl\u00fcchteten. Es ist, als h\u00e4tte jemand die Stadt an der Hand genommen und ihr gezeigt, wie Solidarit\u00e4t aussieht.<\/p>\n<p><strong>F\u00fcnf Jahre. Weiter geht\u2019s!<\/strong><\/p>\n<p>Am 11. Mai wurde gefeiert. Mit Musik, T\u00e4nzen, Essen. Aber vor allem mit Begegnungen. Es gab Ansprachen, es wurde getanzt, gelacht, es war laut und herzlich. Und man f\u00fchlte, als sei die Stadt f\u00fcr einen Moment genau dort, wo sie sein sollte.<\/p>\n<p>Amine bedankte sich bei den engsten Mitarbeitenden, beim Vorstand, bei Sponsoren, Freunden. Und w\u00e4hrend sein Team jedem im Raum noch ein kleines Geschenk in die Hand dr\u00fcckte, sagte er noch einen Satz ins Mikrofon: \u00abDanke. Wir machen weiter.\u00bb Niemand zweifelte daran.\u00a0<\/p>\n","protected":false},"excerpt":{"rendered":"Der Mann hinter der Bewegung Amine Diare Conde, der Initiant von \u00abEssen f\u00fcr Alle\u00bb stammt aus Guinea. Als&hellip;\n","protected":false},"author":2,"featured_media":122312,"comment_status":"","ping_status":"","sticky":false,"template":"","format":"standard","meta":{"footnotes":""},"categories":[1834],"tags":[28855,3364,29,3688,46236,46240,46239,30,16064,46234,46235,46241,17881,4060,43642,46233,15,1209,6989,46238,29945,46242,46243,46248,46244,46245,46247,46246,46237],"class_list":{"0":"post-122311","1":"post","2":"type-post","3":"status-publish","4":"format-standard","5":"has-post-thumbnail","7":"category-essen","8":"tag-altendorf","9":"tag-de","10":"tag-deutschland","11":"tag-essen","12":"tag-feusisberg","13":"tag-freienbach","14":"tag-galgenen","15":"tag-germany","16":"tag-gratis","17":"tag-hoefe24","18":"tag-hoefe","19":"tag-innerthal","20":"tag-lachen","21":"tag-lokal","22":"tag-march","23":"tag-march24","24":"tag-news","25":"tag-nordrhein-westfalen","26":"tag-online","27":"tag-pfaeffikon","28":"tag-portal","29":"tag-reichenburg","30":"tag-schuebelbach","31":"tag-schwyz","32":"tag-siebnen","33":"tag-tuggen","34":"tag-vorderthal","35":"tag-wangen","36":"tag-wollerau"},"share_on_mastodon":{"url":"https:\/\/pubeurope.com\/@de\/114533377240804279","error":""},"_links":{"self":[{"href":"https:\/\/www.europesays.com\/de\/wp-json\/wp\/v2\/posts\/122311","targetHints":{"allow":["GET"]}}],"collection":[{"href":"https:\/\/www.europesays.com\/de\/wp-json\/wp\/v2\/posts"}],"about":[{"href":"https:\/\/www.europesays.com\/de\/wp-json\/wp\/v2\/types\/post"}],"author":[{"embeddable":true,"href":"https:\/\/www.europesays.com\/de\/wp-json\/wp\/v2\/users\/2"}],"replies":[{"embeddable":true,"href":"https:\/\/www.europesays.com\/de\/wp-json\/wp\/v2\/comments?post=122311"}],"version-history":[{"count":0,"href":"https:\/\/www.europesays.com\/de\/wp-json\/wp\/v2\/posts\/122311\/revisions"}],"wp:featuredmedia":[{"embeddable":true,"href":"https:\/\/www.europesays.com\/de\/wp-json\/wp\/v2\/media\/122312"}],"wp:attachment":[{"href":"https:\/\/www.europesays.com\/de\/wp-json\/wp\/v2\/media?parent=122311"}],"wp:term":[{"taxonomy":"category","embeddable":true,"href":"https:\/\/www.europesays.com\/de\/wp-json\/wp\/v2\/categories?post=122311"},{"taxonomy":"post_tag","embeddable":true,"href":"https:\/\/www.europesays.com\/de\/wp-json\/wp\/v2\/tags?post=122311"}],"curies":[{"name":"wp","href":"https:\/\/api.w.org\/{rel}","templated":true}]}}