{"id":1223191,"date":"2026-08-08T04:04:26","date_gmt":"2026-08-08T04:04:26","guid":{"rendered":"https:\/\/www.europesays.com\/de\/1223191\/"},"modified":"2026-08-08T04:04:26","modified_gmt":"2026-08-08T04:04:26","slug":"wohin-am-wochenende-sechs-kulturtipps-fuer-kurzentschlossene-in-berlin","status":"publish","type":"post","link":"https:\/\/www.europesays.com\/de\/1223191\/","title":{"rendered":"Wohin am Wochenende?: Sechs Kulturtipps f\u00fcr Kurzentschlossene in Berlin"},"content":{"rendered":"<p class=\"tspBKln tspBKlo\">Noch keine Pl\u00e4ne f\u00fcrs Wochenende, aber spontan Lust auf Kultur? F\u00fcr zahlreiche Events in der Stadt gibt es noch Karten. Freunde der Literatur kommen zum Beispiel in Potsdam oder der Waldb\u00fchne auf ihre Kosten, wer Musik aus den 90er Jahren liebt, muss nach Prenzlauer Berg. Und ein Parkfest gibt es auch noch.<\/p>\n<p> 1  Sebastian Fitzek <img decoding=\"async\" src=\"https:\/\/www.europesays.com\/de\/wp-content\/uploads\/2026\/08\/sebastian-fitzek.jpeg\"   alt=\"ARCHIV - 03.03.2026, Berlin: Schriftsteller Sebastian Fitzek am Rande eines dpa-Interviews. (zu dpa: \u00abPauken f\u00fcr GZSZ: Thriller-Autor Fitzek spielt sich selbst\u00bb) Foto: Britta Pedersen\/dpa +++ dpa-Bildfunk +++\" aria-labelledby=\"caption-15908262\" width=\"440\" height=\"330\" loading=\"lazy\" class=\"tspAVin\"\/> Schreibt einen Bestseller nach dem anderen: Sebastian Fitzek. <\/p>\n<p class=\"tspABgk\"> \u00a9 dpa\/Britta Pedersen <\/p>\n<p class=\"tspBKln\">Dieser Mann ist ein Ph\u00e4nomen. Als Kind wollte er Rockstar werden, sp\u00e4ter studierte er kurz Tiermedizin, dann Jura. Schlie\u00dflich arbeitete er lange beim Radio. Dann kam jener Moment im Wartezimmer und die Frage: Was w\u00e4re, wenn die Person, auf die ich gerade warte, nie wieder herauskommt?<\/p>\n<p class=\"tspBKln\">Das ist Ausgangspunkt f\u00fcr seinen ersten Psychothriller \u201eDie Therapie\u201c (2006), der sofort zum Bestseller wurde und der Auftakt zu einer beispiellosen Erfolgsgeschichte war. Sebastian Fitzek, das sind mehr als 20 Millionen verkaufte B\u00fccher, \u00dcbersetzungen in 36 Sprachen und seit Jahren regelm\u00e4\u00dfig Platz 1 der Spiegel-Bestsellerliste.<\/p>\n<p class=\"tspBKln\">Ob die Fangemeinde allerdings so gro\u00df ist, dass <a href=\"https:\/\/www.tagesspiegel.de\/berlin\/literatur-fitzek-feiert-autorenjubilaum-mit-shows-in-berlin-15922838.html\" target=\"_blank\" rel=\"noopener nofollow\" class=\"link link--external\" data-gtm-class=\"article-text-link\" data-gtm-val=\"external\" aria-describedby=\"message-target-blank\">mit \u201e20 Jahre Sebastian Fitzek\u201c, einer Jubil\u00e4umsshow<\/a>, zweimal abendlich die Waldb\u00fchne gef\u00fcllt wird, am Freitag und am Samstag, wo sonst eher Nick Cave oder Gr\u00f6nemeyer die Massen ziehen? Vorlesen allein wird da nicht reichen.<\/p>\n<p class=\"tspBKln\">Angek\u00fcndigt wird eine B\u00fchnenshow unter freiem Himmel, die \u201eso viele Seiten hat, wie der erfolgreichste Autor Deutschlands selbst\u201c. Fitzek will die Geschichten hinter dem Erfolg erz\u00e4hlen und Menschen auf die B\u00fchne holen, die seine Karriere mitgepr\u00e4gt haben. Dazu Stars, Musik und, nat\u00fcrlich, auch noch eine exklusive Lesung, die es nur an diesem Abend geben wird. (meh)<\/p>\n<p class=\"tspBKln\">Waldb\u00fchne, Glockenturmstr. 1, Charlottenburg, Samstag, 8. August, 20 Uhr, 48 bis 135 Euro, Tickets finden Sie <a href=\"https:\/\/www.eventim.de\/event\/20-jahre-sebastian-fitzek-die-einmalige-jubilaeumsshow-waldbuehne-berlin-20315849\/?affiliate=WBB&amp;utm_campaign=waldbuehne&amp;utm_medium=dp&amp;utm_source=WBB\" target=\"_blank\" rel=\"noopener nofollow\" class=\"link link--external\" data-gtm-class=\"article-text-link\" data-gtm-val=\"external\" aria-describedby=\"message-target-blank\">hier.<\/a><\/p>\n<p> 2  Berlin Circus Festival <img decoding=\"async\" src=\"https:\/\/www.europesays.com\/de\/wp-content\/uploads\/2026\/08\/berlin-circus-festival.jpeg\"   alt=\"Berlin Circus Festival\" aria-labelledby=\"caption-15910361\" width=\"440\" height=\"330\" loading=\"lazy\" class=\"tspAVin\"\/> Das Berlin Circus Festival findet am Wochenende auf dem Tempelhofer Feld statt. <\/p>\n<p class=\"tspABgk\"> \u00a9 PanRay Photography <\/p>\n<p class=\"tspBKln\">Dieser Zirkus ist schon weit weg von klassischer Jonglage, Pferdedressur und Raubtiernummer: Beim laut Veranstalter \u201egr\u00f6\u00dften Festival f\u00fcr zeitgen\u00f6ssischen Zirkus\u201c kommen Acts aus ganz Europa zusammen. Drei Zelte und eine Outdoorb\u00fchne bedeuten viele Vorstellungen f\u00fcr Erwachsene.<\/p>\n<p class=\"tspBKln\">Viele eignen sich aber auch wunderbar f\u00fcr ein junges Publikum, inklusive einer j\u00e4hrlich wechselnden Kunstausstellung, Livemusik mit Sounds aus Katalonien, Beats aus Frankreich und Berliner Bands, Publikumsgespr\u00e4chen sowie einem reichhaltigen gastronomischen Angebot auf dem Gel\u00e4nde am Tempelhofer Feld.<\/p>\n<p class=\"tspBKln\">\u201eFood\u201c etwa ist ein visuell \u00fcberw\u00e4ltigendes, absurdes Festmahl,\u00a0ein lebendiges B\u00fchnenbild und eine Kettenreaktion absurder \u00dcberraschungen. \u201eYes Person\u201c feiert Ideen, die eigentlich zu verr\u00fcckt sind, um Realit\u00e4t zu werden, modisch, satirisch, ein bisschen skandal\u00f6s und unm\u00f6glich festzulegen.<\/p>\n<p class=\"tspBKln\">Und \u201eMore is More\u201c spielt in Neon und Konfetti mit dem klassischen Drahtseilakt. Beim katalanischen Fokus steigen und fallen K\u00f6rper in \u201eTenet\u201c, drehen sich \u2013\u00a0und st\u00fctzen einander. \u201eElefant\u201c soll eine Liebeserkl\u00e4rung an den Zirkus selbst sein \u2013 und fragt, wie es mit ihm weitergeht. (thp)<\/p>\n<p class=\"tspBKln\">Tempelhofer Feld, am S\/U-Bahnhof Tempelhof, bis Sonntag, 16. August, 23 Euro, erm\u00e4\u00dfigt 18 bzw. 13 Euro, Kombi- und Festivaltickets sind verf\u00fcgbar. Programm und Tickets finden Sie <a href=\"https:\/\/www.berlin-circus-festival.de\/\" target=\"_blank\" rel=\"noopener nofollow\" class=\"link link--external\" data-gtm-class=\"article-text-link\" data-gtm-val=\"external\" aria-describedby=\"message-target-blank\">hier.<\/a><\/p>\n<p> 3  Nacht der Poesie <img decoding=\"async\" src=\"https:\/\/www.europesays.com\/de\/wp-content\/uploads\/2026\/08\/nacht-der-poesie-in-der-alexandrowka.jpeg\"   alt=\"Nacht der Poesie in der Alexandrowka\" aria-labelledby=\"caption-15911370\" width=\"440\" height=\"330\" loading=\"lazy\" class=\"tspAVin\"\/> Die Nacht der Poesie steigt in der Alexandrowka <\/p>\n<p class=\"tspABgk\"> \u00a9 Wibke Thiele <\/p>\n<p class=\"tspBKln\">Das Literatur-Kollegium Brandenburg (LKB) stellt am Samstag im Garten des Alexandrowka-Museums wieder Klapp- und Liegest\u00fchle f\u00fcr die bereits 9. Nacht der Poesie auf.<\/p>\n<p class=\"tspBKln\">Der Abend steht ganz im Zeichen des 100. Geburtstags der \u00f6sterreichischen Schriftstellerin Ingeborg Bachmann: Angelehnt an eines ihrer Gedichte lesen zw\u00f6lf Brandenburger Autorinnen und Autoren Prosa und Lyrik unter dem Motto \u201ePfeil der Zeit\u201c.<\/p>\n<p class=\"tspBKln\">Die Themen reichen von fl\u00fcchtigen Momenten bis hin zu den gro\u00dfen Fragen der Welt. Begleitend spielt die Potsdamer Musikerin Silke Haase Saxofon und Klarinette. Das Herzst\u00fcck des Abends ist die Verleihung des Potsdamer Literaturpreises: \u00dcber die drei Gewinnertexte entscheidet das Publikum.<\/p>\n<p class=\"tspBKln\">Gestiftet wird der Preis erneut von dem Potsdamer Unternehmer Siegfried Grube. Unter den Lampions im Gr\u00fcnen lesen dieses Jahr Maik Altenburg, Dana Apitz, Klaus Dimar, Elke H\u00fcbener-Lipkau, Karoline Hugler, Andrea Jennert, Bernd Kebelmann, Henry-M. Klemt, Rita Mahlendorf, Wolfgang Malischewski, Tobias Radloff und Charlotte zu Kappenstein. (thp)<\/p>\n<p class=\"tspBKln\">Russische Kolonie Alexandrowka, Russische Kolonie 2, Potsdam, Samstag, 8. August, 18.30 Uhr, 5 Euro, erm. 3 Euro.<\/p>\n<p> 4  90er und 2000er Live <img decoding=\"async\" src=\"https:\/\/www.europesays.com\/de\/wp-content\/uploads\/2026\/08\/captain-hollywood.jpeg\"   alt=\"Captain Hollywood\" aria-labelledby=\"caption-15912926\" width=\"440\" height=\"330\" loading=\"lazy\" class=\"tspAVin\"\/> An Captain Hollywood war in den 1990er Jahren kein Vorbeikommen. <\/p>\n<p class=\"tspABgk\"> \u00a9 IMAGO\/Idols \/ Avalon <\/p>\n<p class=\"tspBKln\">Den in der BRD stationierten Truppen der US-Army hat die einheimische Popkultur einiges zu verdanken. Nicht nur, dass Radiosender wie AFN US-Pop bekannt machten oder Elvis seinen Wehrdienst in Hessen ableistete.<\/p>\n<p class=\"tspBKln\">Manche GIs machten nach ihrer Dienstzeit im Gastland Karriere. Neben Turbo B, der mit Snap! zum Star wurde, z\u00e4hlt Tony Harrison zu den prominentesten Paradiesv\u00f6geln. Der Rapper und Breakdancer hatte mit Twenty 4 Seven an den Fleischt\u00f6pfen der Musikindustrie geschnuppert, ehe er als Captain Hollywood (Foto von 1996) eine typische 90er-Karriere durcheilte.<\/p>\n<p>Weekender: Unsere Tipps f\u00fcr Ihr Wochenende<\/p>\n<p><img decoding=\"async\" src=\"https:\/\/www.europesays.com\/de\/wp-content\/uploads\/2026\/01\/disko-3.png\" alt=\"\" class=\"tspB1hs\"\/><\/p>\n<p class=\"tspB1ms\"> Zu viel Kultur, zu wenig Zeit? Unser \u201eWeekender\u201c-Newsletter sortiert Berlins Highlights f\u00fcr Ihr Wochenende \u2013 pers\u00f6nlich kuratiert, kostenlos im Postfach. <\/p>\n<p class=\"tspBKln\">Eurodance-Hits wie \u201eMore and More\u201c oder \u201eOnly With You\u201c, die auf MTV und Viva in Dauerrotation liefen, katapultierten ihn auf den deutschen Pop-Olymp, von dem er nach turbulenten Jahren schnell wieder runterpurzelte. Wie andere 90er-Jahre-Sternchen lebt auch Harrison, der am Sonntag 64 wird, vom Echo seines einstigen Ruhms.<\/p>\n<p class=\"tspBKln\">Gemeinsam mit Rednex (\u201eCotton Eye Joe\u201c) und Oli P., der mit Coverversionen von Gr\u00f6nemeyer (\u201eFlugzeuge im Bauch\u201c) und Peter Maffay (\u201eSo bist du\u201c) Riesenerfolge feierte, wird Captain Hollywood bei der Konzertsause 90er und 2000er Live den Hof der Kulturbrauerei in einen hochsommerlichen Hexenkessel verwandeln. (wun)<\/p>\n<p class=\"tspBKln\">Kesselhaus, Knaackstr. 97, Prenzlauer Berg, Samstag, 8. August, 14 Uhr, 25 Euro + VVK, Tickets finden Sie<a href=\"https:\/\/www.soda-berlin.de\/de\/events\/90er-2000er-live-open-air-08-08-2026\" target=\"_blank\" rel=\"noopener nofollow\" class=\"link link--external\" data-gtm-class=\"article-text-link\" data-gtm-val=\"external\" aria-describedby=\"message-target-blank\"> hier.<\/a><\/p>\n<p> 5  Bunte Pal\u00e4ste <img decoding=\"async\" src=\"https:\/\/www.europesays.com\/de\/wp-content\/uploads\/2026\/08\/bunte-palaste-humboldt-forum.jpeg\"   alt=\"Bunte Pal\u00e4ste Humboldt Forum\" aria-labelledby=\"caption-15895656\" width=\"440\" height=\"330\" loading=\"lazy\" class=\"tspAVin\"\/> Basteln im Humboldt-Forum, das geht an diesem Samstag. <\/p>\n<p class=\"tspABgk\"> \u00a9 Stefanie Loos | Stiftung Humboldt Forum im Berliner Schloss\/Stefanie Loos | Stiftung Humboldt Forum im Berliner Schloss <\/p>\n<p class=\"tspBKln\">\u201eAll palaces are temporary palaces\u201c, schreibt der britische Lichtk\u00fcnstler Robert Montgomery in einer seiner Installationen in Neonschrift: \u201eAlle Pal\u00e4ste sind verg\u00e4ngliche Pal\u00e4ste.\u201c Im Humboldt Forum \u2013\u00a0im selbst nicht ganz unumstrittenen Berliner Stadtschloss \u2013\u00a0stellt der Drop-in-Workshop \u201eBunte Pal\u00e4ste\u201c die Frage, was ein Geb\u00e4ude zu einem Palast macht.<\/p>\n<p class=\"tspBKln\">Ob sie Pal\u00e4sten kritisch gegen\u00fcberstehen oder nicht \u2013\u00a0mit Karton, Draht und anderen Materialien k\u00f6nnen Teilnehmende ab drei Jahren Miniaturversionen ganz nach ihrem Geschmack entwerfen. Inspirieren lassen k\u00f6nnen sie sich dabei von den Vorg\u00e4ngerbauten und Gestaltungsentw\u00fcrfen f\u00fcr das Humboldt Forum\u00a0\u2013 oder nat\u00fcrlich von der eigenen Fantasie.<\/p>\n<p class=\"tspSc8\">Empfohlener redaktioneller Inhalt<\/p>\n<p> An dieser Stelle finden Sie einen von unseren Redakteuren ausgew\u00e4hlten, externen Inhalt, der den Artikel f\u00fcr Sie mit zus\u00e4tzlichen Informationen anreichert. Sie k\u00f6nnen sich hier den externen Inhalt mit einem Klick anzeigen lassen oder wieder ausblenden. <\/p>\n<p> Externen Inhalt anzeigen <\/p>\n<p class=\"tspSde\"> Ich bin damit einverstanden, dass mir der externe Inhalt angezeigt wird. Damit k\u00f6nnen personenbezogene Daten an Drittplattformen \u00fcbermittelt werden.  Mehr Informationen dazu erhalten Sie in den Datenschutz-Einstellungen. Diese finden Sie ganz unten auf unserer Seite im Footer, sodass Sie Ihre Einstellungen jederzeit verwalten oder widerrufen k\u00f6nnen. <\/p>\n<p class=\"tspBKln\">Eine Ticketbuchung ist nicht n\u00f6tig. Sie k\u00f6nnen einfach direkt in die Werkr\u00e4ume im ersten Stock kommen. Kinder unter 12 Jahren k\u00f6nnen nur in Begleitung von Erwachsenen teilnehmen.<\/p>\n<p class=\"tspBKln\">Und wenn Sie ohnehin schon mal dort sind: Zwischen 14 und 15 Uhr findet eine Familienf\u00fchrung durch die Ausstellung \u201eOn Water\u201c statt (ab 6 Jahren, 5 Euro pro Person).<\/p>\n<p class=\"tspBKln\">Dabei erfahren Kinder und Familien von der Vielfalt der Forschung zum Wasser: Wie klingt es, wenn ein Baum trinkt? Wie gehen Menschen weltweit mit zunehmender Trockenheit um? Und gibt es eigentlich Wasser auf dem Mars? (thp)<\/p>\n<p class=\"tspBKln\">Humboldt-Forum, Schlossplatz, Mitte, Samstag, 8. August, 14 bis 17 Uhr, Teilnahme frei<\/p>\n<p> 6  Queeres Parkfest <img decoding=\"async\" src=\"https:\/\/www.europesays.com\/de\/wp-content\/uploads\/2026\/08\/queeres-parkfest-friedrichshain.jpeg\"   alt=\"Nur verwenden bei Berichterstattung \u00fcber das queere Parkfest Friedrichshain\" aria-labelledby=\"caption-15922117\" width=\"440\" height=\"330\" loading=\"lazy\" class=\"tspAVin\"\/> Das queere Parkfest in Friedrichshain findet am Samstag statt. <\/p>\n<p class=\"tspABgk\"> \u00a9 AWO-SPREE-WUHLE e.V. <\/p>\n<p class=\"tspBKln\">Zu seinem Beginn 1998 hie\u00df es noch \u201eLesBiSchwules Parkfest\u201c, mittlerweile hat sich die vor zwei Jahren in \u201eQueeres Parkfest\u201c umbenannte Feier zu einem festen Termin<a href=\"https:\/\/www.tagesspiegel.de\/gesellschaft\/queerspiegel\/\" target=\"_blank\" rel=\"noopener nofollow\" class=\"link link--external\" data-gtm-class=\"article-text-link\" data-gtm-val=\"external\" aria-describedby=\"message-target-blank\"> im Kalender der queeren Community<\/a> nicht nur Friedrichshains entwickelt.<\/p>\n<p>Mehr Kulturtipps finden Sie hier<a href=\"https:\/\/www.tagesspiegel.de\/kultur\/selbstvergessen-eine-ausstellung-in-der-galerie-albrecht-fordert-mehr-empathie-15923905.html?icid=topic-list_15923618___\" data-gtm-class=\"article-mzt-link\" data-hydrate-fingerprint=\"09740a54944caac75fd2c0c63fd5c5df\" data-hydrate-props=\"{&amp;escapedquot;element&amp;escapedquot;:{&amp;escapedquot;type&amp;escapedquot;:&amp;escapedquot;relatedContent&amp;escapedquot;,&amp;escapedquot;fieldMap&amp;escapedquot;:{},&amp;escapedquot;relation&amp;escapedquot;:{&amp;escapedquot;fields&amp;escapedquot;:{&amp;escapedquot;isPaid&amp;escapedquot;:true},&amp;escapedquot;href&amp;escapedquot;:&amp;escapedquot;\/kultur\/selbstvergessen-eine-ausstellung-in-der-galerie-albrecht-fordert-mehr-empathie-15923905.html&amp;escapedquot;,&amp;escapedquot;teaserTitle&amp;escapedquot;:{&amp;escapedquot;kicker&amp;escapedquot;:&amp;escapedquot;Selbstvergessen&amp;escapedquot;,&amp;escapedquot;headline&amp;escapedquot;:&amp;escapedquot;Eine Ausstellung in der Galerie Albrecht fordert mehr Empathie&amp;escapedquot;},&amp;escapedquot;id&amp;escapedquot;:&amp;escapedquot;15923905&amp;escapedquot;,&amp;escapedquot;type&amp;escapedquot;:&amp;escapedquot;story&amp;escapedquot;},&amp;escapedquot;isPartOfList&amp;escapedquot;:true,&amp;escapedquot;topicListType&amp;escapedquot;:&amp;escapedquot;topic-list&amp;escapedquot;},&amp;escapedquot;showArrow&amp;escapedquot;:true}\" data-hydrate-slots=\"{&#039;default&#039;:[]}\" class=\"tspDEr8 tspDDr6\" rel=\"nofollow noopener\" target=\"_blank\">Selbstvergessen Eine Ausstellung in der Galerie Albrecht fordert mehr Empathie <\/a><a href=\"https:\/\/www.tagesspiegel.de\/kultur\/schwimmen-literatur-und-ein-ganz-neuer-trend-die-besten-bucher-furs-freibad-10116406.html?icid=topic-list_15923618___\" data-gtm-class=\"article-mzt-link\" data-hydrate-fingerprint=\"09740a54944caac75fd2c0c63fd5c5df\" data-hydrate-props=\"{&amp;escapedquot;element&amp;escapedquot;:{&amp;escapedquot;type&amp;escapedquot;:&amp;escapedquot;relatedContent&amp;escapedquot;,&amp;escapedquot;fieldMap&amp;escapedquot;:{},&amp;escapedquot;relation&amp;escapedquot;:{&amp;escapedquot;fields&amp;escapedquot;:{&amp;escapedquot;isPaid&amp;escapedquot;:true},&amp;escapedquot;href&amp;escapedquot;:&amp;escapedquot;\/kultur\/schwimmen-literatur-und-ein-ganz-neuer-trend-die-besten-bucher-furs-freibad-10116406.html&amp;escapedquot;,&amp;escapedquot;teaserTitle&amp;escapedquot;:{&amp;escapedquot;kicker&amp;escapedquot;:&amp;escapedquot;Zum Auftakt des Berliner Theaterschwimmens&amp;escapedquot;,&amp;escapedquot;headline&amp;escapedquot;:&amp;escapedquot;Die besten B\u00fccher f\u00fcrs Volksbad&amp;escapedquot;},&amp;escapedquot;id&amp;escapedquot;:&amp;escapedquot;10116406&amp;escapedquot;,&amp;escapedquot;type&amp;escapedquot;:&amp;escapedquot;story&amp;escapedquot;},&amp;escapedquot;isPartOfList&amp;escapedquot;:true,&amp;escapedquot;topicListType&amp;escapedquot;:&amp;escapedquot;topic-list&amp;escapedquot;},&amp;escapedquot;showArrow&amp;escapedquot;:true}\" data-hydrate-slots=\"{&#039;default&#039;:[]}\" class=\"tspDEr8 tspDDr6\" rel=\"nofollow noopener\" target=\"_blank\">Zum Auftakt des Berliner Theaterschwimmens Die besten B\u00fccher f\u00fcrs Volksbad <\/a><a href=\"https:\/\/www.tagesspiegel.de\/kultur\/sommer-sonne-bucherlesen-zehn-empfehlungen-fur-den-urlaub-15802628.html?icid=topic-list_15923618___\" data-gtm-class=\"article-mzt-link\" data-hydrate-fingerprint=\"09740a54944caac75fd2c0c63fd5c5df\" data-hydrate-props=\"{&amp;escapedquot;element&amp;escapedquot;:{&amp;escapedquot;type&amp;escapedquot;:&amp;escapedquot;relatedContent&amp;escapedquot;,&amp;escapedquot;fieldMap&amp;escapedquot;:{},&amp;escapedquot;relation&amp;escapedquot;:{&amp;escapedquot;fields&amp;escapedquot;:{&amp;escapedquot;isPaid&amp;escapedquot;:true},&amp;escapedquot;href&amp;escapedquot;:&amp;escapedquot;\/kultur\/sommer-sonne-bucherlesen-zehn-empfehlungen-fur-den-urlaub-15802628.html&amp;escapedquot;,&amp;escapedquot;teaserTitle&amp;escapedquot;:{&amp;escapedquot;kicker&amp;escapedquot;:&amp;escapedquot;Sommer, Sonne, B\u00fccherlesen&amp;escapedquot;,&amp;escapedquot;headline&amp;escapedquot;:&amp;escapedquot;Zehn Empfehlungen f\u00fcr den Urlaub&amp;escapedquot;},&amp;escapedquot;id&amp;escapedquot;:&amp;escapedquot;15802628&amp;escapedquot;,&amp;escapedquot;type&amp;escapedquot;:&amp;escapedquot;story&amp;escapedquot;},&amp;escapedquot;isPartOfList&amp;escapedquot;:true,&amp;escapedquot;topicListType&amp;escapedquot;:&amp;escapedquot;topic-list&amp;escapedquot;},&amp;escapedquot;showArrow&amp;escapedquot;:true}\" data-hydrate-slots=\"{&#039;default&#039;:[]}\" class=\"tspDEr8 tspDDr6\" rel=\"nofollow noopener\" target=\"_blank\">Sommer, Sonne, B\u00fccherlesen Zehn Empfehlungen f\u00fcr den Urlaub <\/a><\/p>\n<p class=\"tspBKln\">Zwischen Livemusik, zum Beispiel von der Singer-Songwriterin W\u00e9ko und dem Rapper Graf Fidi, und Performances, Foodtrucks und Infost\u00e4nden queerer Initiativen, DJ-Sets und einem familienfreundlichen Programm kann man hier ausgelassen feiern, tanzen und entspannen. Nach dem Anschlag auf den CSD hat das Organisationsteam in Zusammenarbeit mit der Polizei das Sicherheitskonzept erweitert (ero)<\/p>\n<p class=\"tspBKln\">Freiluftkino Friedrichshain, Volkspark Friedrichshain, Samstag, 8. August, 15 bis 23 Uhr, Eintritt frei.<\/p>\n","protected":false},"excerpt":{"rendered":"Noch keine Pl\u00e4ne f\u00fcrs Wochenende, aber spontan Lust auf Kultur? F\u00fcr zahlreiche Events in der Stadt gibt es&hellip;\n","protected":false},"author":2,"featured_media":1223192,"comment_status":"","ping_status":"","sticky":false,"template":"","format":"standard","meta":{"footnotes":"","_share_on_mastodon":"0"},"categories":[1825],"tags":[296,241986,29,156,30,683,27668,107817,16811,4535],"class_list":["post-1223191","post","type-post","status-publish","format-standard","has-post-thumbnail","category-berlin","tag-berlin","tag-christopher-street-day-2026","tag-deutschland","tag-frankreich","tag-germany","tag-hollywood","tag-kunst-in-berlin","tag-tanz-in-potsdam","tag-tempelhofer-feld","tag-ticket"],"share_on_mastodon":{"url":"https:\/\/pubeurope.com\/@de\/117057912554513632","error":""},"_links":{"self":[{"href":"https:\/\/www.europesays.com\/de\/wp-json\/wp\/v2\/posts\/1223191","targetHints":{"allow":["GET"]}}],"collection":[{"href":"https:\/\/www.europesays.com\/de\/wp-json\/wp\/v2\/posts"}],"about":[{"href":"https:\/\/www.europesays.com\/de\/wp-json\/wp\/v2\/types\/post"}],"author":[{"embeddable":true,"href":"https:\/\/www.europesays.com\/de\/wp-json\/wp\/v2\/users\/2"}],"replies":[{"embeddable":true,"href":"https:\/\/www.europesays.com\/de\/wp-json\/wp\/v2\/comments?post=1223191"}],"version-history":[{"count":0,"href":"https:\/\/www.europesays.com\/de\/wp-json\/wp\/v2\/posts\/1223191\/revisions"}],"wp:featuredmedia":[{"embeddable":true,"href":"https:\/\/www.europesays.com\/de\/wp-json\/wp\/v2\/media\/1223192"}],"wp:attachment":[{"href":"https:\/\/www.europesays.com\/de\/wp-json\/wp\/v2\/media?parent=1223191"}],"wp:term":[{"taxonomy":"category","embeddable":true,"href":"https:\/\/www.europesays.com\/de\/wp-json\/wp\/v2\/categories?post=1223191"},{"taxonomy":"post_tag","embeddable":true,"href":"https:\/\/www.europesays.com\/de\/wp-json\/wp\/v2\/tags?post=1223191"}],"curies":[{"name":"wp","href":"https:\/\/api.w.org\/{rel}","templated":true}]}}