{"id":122321,"date":"2025-05-19T07:47:11","date_gmt":"2025-05-19T07:47:11","guid":{"rendered":"https:\/\/www.europesays.com\/de\/122321\/"},"modified":"2025-05-19T07:47:11","modified_gmt":"2025-05-19T07:47:11","slug":"wo-die-stadt-die-geschwindigkeit-kontrolliert","status":"publish","type":"post","link":"https:\/\/www.europesays.com\/de\/122321\/","title":{"rendered":"Wo die Stadt die Geschwindigkeit kontrolliert"},"content":{"rendered":"<p>Ordnungsamt kontrolliert <\/p>\n<p>Tempofallen in D\u00fcsseldorf: Wo diese Woche geblitzt wird<\/p>\n<p>Aktualisiert am 19.05.2025 &#8211; 09:25 UhrLesedauer: 1 Min.<\/p>\n<p><a href=\"#focus-0\" class=\"transition-colors duration-200 focus-within:text-magenta block text-current relative\" data-sctrack=\"FocusGalleryImage.Reference\"><img fetchpriority=\"high\" data-testid=\"Opener.Image\" style=\"--lqipURL:url('https:\/\/images.t-online.de\/2024\/08\/1ksgOrqvPrPa\/0x209:4000x2250\/fit-in\/150x0\/filters:blur(25)\/image.jpg')\"   loading=\"eager\" src=\"https:\/\/www.europesays.com\/de\/wp-content\/uploads\/2025\/05\/1747640830_998_image.jpg\" alt=\"imago images 116889423\" title=\"imago images 116889423\" width=\"4000\" height=\"2250\" class=\"bg-[url:var(--lqipURL)] bg-cover bg-center flex w-full max-w-full h-full\" decoding=\"async\"\/><img style=\"--width:32;--height:32\" loading=\"lazy\" src=\"https:\/\/www.europesays.com\/de\/wp-content\/uploads\/2025\/05\/zoom-in.f7dae02f.svg.svg+xml\" alt=\"Vergr\u00f6\u00dfern des Bildes\" title=\"Vergr\u00f6\u00dfern des Bildes\" class=\"&#10;        block&#10;        h-[calc(var(--height)_\/_16_*_1rem)]&#10;        w-[calc(var(--width)_\/_16_*_1rem)]&#10;        max-w-none&#10;        absolute bottom-8 right-8 rounded-4 bg-snow p-8\" decoding=\"async\"\/><\/a><\/p>\n<p>Mobiler Blitzer in D\u00fcsseldorf (Archivbild): Die Stadt liegt in ganz D\u00fcsseldorf auf der Lauer. (Quelle: Michael Gstettenbauer\/imago-images-bilder)<\/p>\n<p class=\"font-bold text-18 leading-17\">Autofahrer m\u00fcssen sich diese Woche wieder auf Geschwindigkeitskontrollen einstellen. Die Stadt ver\u00f6ffentlicht die Messstellen in den Stadtteilen.<\/p>\n<p class=\"text-18 leading-17\">Das Ordnungsamt hat sich in dieser Woche erneut Geschwindigkeitskontrollen vorgenommen. Die Stadt hat die Messstellen ver\u00f6ffentlicht, an denen geblitzt wird. Aber auch an anderen Orten sind spontane Kontrollen m\u00f6glich.<\/p>\n<p class=\"text-18 leading-17\">In verschiedenen Stadtteilen werden die Tempolimits \u00fcberwacht, um die Verkehrssicherheit zu erh\u00f6hen. Diese Woche sollten sich Autofahrer besonders auf h\u00e4ufig befahrenen Stra\u00dfen auf Geschwindigkeitsmessungen einstellen.<\/p>\n<p class=\"text-18 leading-17\">Die angek\u00fcndigten Kontrollen sollen zur Einhaltung der Verkehrsregeln und zur Sicherheit aller beitragen.<\/p>\n","protected":false},"excerpt":{"rendered":"Ordnungsamt kontrolliert Tempofallen in D\u00fcsseldorf: Wo diese Woche geblitzt wird Aktualisiert am 19.05.2025 &#8211; 09:25 UhrLesedauer: 1 Min.&hellip;\n","protected":false},"author":2,"featured_media":122322,"comment_status":"","ping_status":"","sticky":false,"template":"","format":"standard","meta":{"footnotes":""},"categories":[1831],"tags":[6027,722,2072,8182,3364,29,3405,30,3565,13673,11775,1209,8175,29221,8179],"class_list":{"0":"post-122321","1":"post","2":"type-post","3":"status-publish","4":"format-standard","5":"has-post-thumbnail","7":"category-duesseldorf","8":"tag-ordnungsamt","9":"tag-722","10":"tag-2072","11":"tag-blitzerfoto","12":"tag-de","13":"tag-deutschland","14":"tag-duesseldorf","15":"tag-germany","16":"tag-geschwindigkeitskontrolle","17":"tag-luegallee","18":"tag-messstelle","19":"tag-nordrhein-westfalen","20":"tag-radarfalle","21":"tag-tempofalle","22":"tag-tempokontrolle"},"share_on_mastodon":{"url":"https:\/\/pubeurope.com\/@de\/114533396984465519","error":""},"_links":{"self":[{"href":"https:\/\/www.europesays.com\/de\/wp-json\/wp\/v2\/posts\/122321","targetHints":{"allow":["GET"]}}],"collection":[{"href":"https:\/\/www.europesays.com\/de\/wp-json\/wp\/v2\/posts"}],"about":[{"href":"https:\/\/www.europesays.com\/de\/wp-json\/wp\/v2\/types\/post"}],"author":[{"embeddable":true,"href":"https:\/\/www.europesays.com\/de\/wp-json\/wp\/v2\/users\/2"}],"replies":[{"embeddable":true,"href":"https:\/\/www.europesays.com\/de\/wp-json\/wp\/v2\/comments?post=122321"}],"version-history":[{"count":0,"href":"https:\/\/www.europesays.com\/de\/wp-json\/wp\/v2\/posts\/122321\/revisions"}],"wp:featuredmedia":[{"embeddable":true,"href":"https:\/\/www.europesays.com\/de\/wp-json\/wp\/v2\/media\/122322"}],"wp:attachment":[{"href":"https:\/\/www.europesays.com\/de\/wp-json\/wp\/v2\/media?parent=122321"}],"wp:term":[{"taxonomy":"category","embeddable":true,"href":"https:\/\/www.europesays.com\/de\/wp-json\/wp\/v2\/categories?post=122321"},{"taxonomy":"post_tag","embeddable":true,"href":"https:\/\/www.europesays.com\/de\/wp-json\/wp\/v2\/tags?post=122321"}],"curies":[{"name":"wp","href":"https:\/\/api.w.org\/{rel}","templated":true}]}}