{"id":1223281,"date":"2026-08-08T05:08:23","date_gmt":"2026-08-08T05:08:23","guid":{"rendered":"https:\/\/www.europesays.com\/de\/1223281\/"},"modified":"2026-08-08T05:08:23","modified_gmt":"2026-08-08T05:08:23","slug":"erst-sperrung-dann-kollision-flugzeug-landet-ungeplant-in-hannover-3","status":"publish","type":"post","link":"https:\/\/www.europesays.com\/de\/1223281\/","title":{"rendered":"Erst Sperrung, dann Kollision: Flugzeug landet ungeplant in Hannover"},"content":{"rendered":"<p>\n                Stand: 06.08.2026 10:34 Uhr<\/p>\n<p class=\"preface\">Weil der Leipziger Flughafen in der Nacht zu Mittwoch nach einem Drohnenfund gesperrt wurde, wich eine Frachtmaschine auf den Flughafen in Hannover aus. Unterwegs kollidierte sie mutma\u00dflich mit einer weiteren Drohne.<\/p>\n<p class=\"\">Das teilte die Bundesstelle f\u00fcr Flugunfalluntersuchungen dem NDR mit. Das Flugzeug sei sicher in Hannover gelandet. Der Flughafen habe weder vor noch im Anschluss an die Landung gesperrt werden m\u00fcssen, sagte ein Sprecher des Flughafens Hannover dem NDR Niedersachsen. Die Bundespolizei dokumentierte eigenen Angaben zufolge leichte Besch\u00e4digungen an der Front der Maschine. Von der Polizei in Niedersachsen hei\u00dft es, man unterst\u00fctze die Ermittlerinnen und Ermittler in Leipzig. Weitere Informationen gab die Polizei mit Verweis auf die laufenden Ermittlungen nicht bekannt.<\/p>\n<p>        <img decoding=\"async\" src=\"https:\/\/www.europesays.com\/de\/wp-content\/uploads\/2026\/08\/1786165696_579_danielabehrens106.webp\" alt=\"Daniela Behrens (SPD), Innenministerin Niedersachsen, spricht bei einer Pressekonferenz.\" title=\"Daniela Behrens (SPD), Innenministerin Niedersachsen, spricht bei einer Pressekonferenz. | picture alliance\/dpa, Julian Stratenschulte\" class=\"responsive\" loading=\"lazy\"\/><\/p>\n<p>Sicherheitsma\u00dfnahmen m\u00fcssten konsequenter werden, sagte die nieders\u00e4chsische Innenministerin Daniela Behrens (SPD) auf NDR Info.<\/p>\n<p>    Drohnenfund: Flugzeuge m\u00fcssen nach Hannover ausweichen<\/p>\n<p class=\"\">In der Nacht zu Mittwoch war auf der Start- und Landebahn &#8222;S\u00fcdpiste&#8220; am Flughafen Leipzig\/Halle eine Drohne mit einer Sprengvorrichtung entdeckt worden. Sie habe sich nahe einer ukrainischen Transportmaschine vom Typ Antonow AN-124 Condor befunden, hie\u00df es sp\u00e4ter. Der Vorfall wird mittlerweile als &#8222;<a href=\"https:\/\/www.tagesschau.de\/inland\/drohnenvorfall-leipzig-dobrindt-100.html\" title=\"Drohne am Flughafen Leipzig\/Halle: Dobrindt sieht &quot;hybrides Anschlagsszenario&quot;\" rel=\"nofollow noopener\" target=\"_blank\">hybrides Anschlagsszenario<\/a>&#8220; bewertet, wie Bundesinnenminister Alexander Dobrindt (CSU) sagte. Dahinter m\u00fcssten hochprofessionelle T\u00e4ter stecken, denn bei dem verwendeten Sprengstoff habe es sich vermutlich um milit\u00e4rischen Sprengstoff gehandelt. Recherchen von NDR, WDR und &#8222;S\u00fcddeutscher Zeitung&#8220; hatten dies zuvor ebenfalls nahegelegt. Wie aus vertraulichen Beh\u00f6rdenunterlagen hervorgeht, entdeckten Experten der Landespolizei Sachsen die hochexplosiven Sprengstoffe PETN und Semtex. Beide waren in einem Paket deponiert, in dem sich &#8222;ein Z\u00fcnder&#8220; befunden haben soll.<\/p>\n<p>    Sprengstoff auch auf Norderney gefunden<\/p>\n<p class=\"\">Der Flugbetrieb in Leipzig\/Halle war daraufhin eingestellt worden, mehrere Frachtmaschinen wurden nach Hannover umgeleitet. Eine von ihnen kollidierte daraufhin in einigen Hundert Metern H\u00f6he \u00fcber dem Leipziger Flughafen mutma\u00dflich mit einer weiteren Drohne. Inwiefern die Vorf\u00e4lle in Zusammenhang stehen, dazu machte die Polizei zun\u00e4chst keine Angaben. Am Mittwochnachmittag war auch auf Norderney (Landkreis Aurich) <a href=\"https:\/\/www.ndr.de\/nachrichten\/niedersachsen\/oldenburg_ostfriesland\/sprengstoff-auf-norderney-strand-wieder-freigegeben,norderney-154.html\" title=\"Sprengstoff vor Norderney angesp\u00fclt: Strand wieder freigegeben\" rel=\"nofollow noopener\" target=\"_blank\">Sprengstoff<\/a> gefunden worden. Das explosive Material war laut Polizei in H\u00f6he des bekannten Restaurants &#8222;Milchbar&#8220; angesp\u00fclt worden.<\/p>\n<p>    Ministerium h\u00e4lt sich zu Details von Drohnensichtungen bedeckt<\/p>\n<p class=\"\">In Niedersachsen sind in diesem Jahr bis zum 30. Juni &#8222;260 Vorkommnisse mit auff\u00e4lligen Positionslichtern bzw. Drohnensichtungen&#8220; gemeldet worden, teilte das Innenministerium in Hannover mit. Ob es sich bei den beobachteten Flugobjekten tats\u00e4chlich um Drohnen oder um andere Luftfahrzeuge handelt, k\u00f6nne nicht in jedem Fall sicher verifiziert werden. Weitere Details will das Ministerium nicht nennen. &#8222;Eine Ver\u00f6ffentlichung k\u00f6nnte R\u00fcckschl\u00fcsse auf die polizeilichen Meldeprozesse und Ermittlungsf\u00e4higkeiten erm\u00f6glichen und dadurch Planungen rechtswidriger Aktionen erleichtern&#8220;, hie\u00df es.<\/p>\n<p>        <img decoding=\"async\" src=\"https:\/\/www.europesays.com\/de\/wp-content\/uploads\/2026\/08\/dobrindt-502.webp\" alt=\"Alexander Dobrindt\" title=\"Alexander Dobrindt | AFP\" class=\"responsive\" loading=\"lazy\"\/><\/p>\n<p>Drohne am Flughafen Leipzig\/Halle<\/p>\n<p>Nach dem Fund einer Drohne mit Sprengstoff am Flughafen Leipzig\/Halle zeigen sich die Beh\u00f6rden alarmiert. Bundesinnenminister Dobrindt sprach von einer &#8222;neuen Gefahrenqualit\u00e4t&#8220;.<\/p>\n<p>        <img decoding=\"async\" src=\"https:\/\/www.europesays.com\/de\/wp-content\/uploads\/2026\/08\/polizei-leipzig-flughafen-100.webp\" alt=\"Einsatzfahrzeuge der Polizei stehen am Flughafen Leipzig\/Halle.\" title=\"Einsatzfahrzeuge der Polizei stehen am Flughafen Leipzig\/Halle. | Tobias Junghanns\/dpa\" class=\"responsive\" loading=\"lazy\"\/><\/p>\n<p>Flughafen Leipzig\/Halle<\/p>\n<p>Am Flughafen Leipzig\/Halle wurde ein verd\u00e4chtiger Gegenstand gefunden. Nach Informationen von NDR, WDR und S\u00fcddeutscher Zeitung handelt es sich um eine mit den Sprengstoffen PETN und Semtex pr\u00e4parierte Drohne.<\/p>\n<p>        <img decoding=\"async\" src=\"https:\/\/www.europesays.com\/de\/wp-content\/uploads\/2026\/08\/pistorius-624.webp\" alt=\"Verteidigungsminister Boris Pistorius (SPD) informiert sich bei einem Objektschutzregiment auf dem Fliegerhorst Upjever zu einem Abwehrsystem f\u00fcr Drohnen\" title=\"Verteidigungsminister Boris Pistorius (SPD) informiert sich bei einem Objektschutzregiment auf dem Fliegerhorst Upjever zu einem Abwehrsystem f\u00fcr Drohnen | dpa-Bildfunk, Hauke-Christian Dittrich\" class=\"responsive\" loading=\"lazy\"\/><\/p>\n<p>Das k\u00fcndigte der Bundesverteidigungsminister bei einem Besuch auf dem Fliegerhorst Upjever in Schortens an.<\/p>\n<p>        <img decoding=\"async\" src=\"https:\/\/www.europesays.com\/de\/wp-content\/uploads\/2026\/08\/drohnen-220.webp\" alt=\"Eine Drohne in der Luft. (Themenbild)\" title=\"Eine Drohne in der Luft. (Themenbild) | Julian Stratenschulte\/dpa\" class=\"responsive\" loading=\"lazy\"\/><\/p>\n<p>Die Deutsche Polizeigewerkschaft Niedersachsen fordert mehr Tempo beim Schutz. F\u00fcr &#8222;langwierige Debatten&#8220; sei keine Zeit.<\/p>\n","protected":false},"excerpt":{"rendered":"Stand: 06.08.2026 10:34 Uhr Weil der Leipziger Flughafen in der Nacht zu Mittwoch nach einem Drohnenfund gesperrt wurde,&hellip;\n","protected":false},"author":2,"featured_media":946912,"comment_status":"","ping_status":"","sticky":false,"template":"","format":"standard","meta":{"footnotes":"","_share_on_mastodon":"0"},"categories":[1836],"tags":[3364,29,1478,2109,844,10074,105849,30,46,71,1411,9426],"class_list":["post-1223281","post","type-post","status-publish","format-standard","has-post-thumbnail","category-hannover","tag-de","tag-deutschland","tag-drohne","tag-flughafen","tag-flugverkehr","tag-flugzeug","tag-frachtmaschine","tag-germany","tag-hannover","tag-leipzig","tag-niedersachsen","tag-zusammenstoss"],"share_on_mastodon":{"url":"","error":""},"_links":{"self":[{"href":"https:\/\/www.europesays.com\/de\/wp-json\/wp\/v2\/posts\/1223281","targetHints":{"allow":["GET"]}}],"collection":[{"href":"https:\/\/www.europesays.com\/de\/wp-json\/wp\/v2\/posts"}],"about":[{"href":"https:\/\/www.europesays.com\/de\/wp-json\/wp\/v2\/types\/post"}],"author":[{"embeddable":true,"href":"https:\/\/www.europesays.com\/de\/wp-json\/wp\/v2\/users\/2"}],"replies":[{"embeddable":true,"href":"https:\/\/www.europesays.com\/de\/wp-json\/wp\/v2\/comments?post=1223281"}],"version-history":[{"count":0,"href":"https:\/\/www.europesays.com\/de\/wp-json\/wp\/v2\/posts\/1223281\/revisions"}],"wp:featuredmedia":[{"embeddable":true,"href":"https:\/\/www.europesays.com\/de\/wp-json\/wp\/v2\/media\/946912"}],"wp:attachment":[{"href":"https:\/\/www.europesays.com\/de\/wp-json\/wp\/v2\/media?parent=1223281"}],"wp:term":[{"taxonomy":"category","embeddable":true,"href":"https:\/\/www.europesays.com\/de\/wp-json\/wp\/v2\/categories?post=1223281"},{"taxonomy":"post_tag","embeddable":true,"href":"https:\/\/www.europesays.com\/de\/wp-json\/wp\/v2\/tags?post=1223281"}],"curies":[{"name":"wp","href":"https:\/\/api.w.org\/{rel}","templated":true}]}}