{"id":1223314,"date":"2026-08-08T05:27:14","date_gmt":"2026-08-08T05:27:14","guid":{"rendered":"https:\/\/www.europesays.com\/de\/1223314\/"},"modified":"2026-08-08T05:27:14","modified_gmt":"2026-08-08T05:27:14","slug":"deutlich-mehr-mitglieder-im-dombauverein-seit-eintrittspreis","status":"publish","type":"post","link":"https:\/\/www.europesays.com\/de\/1223314\/","title":{"rendered":"Deutlich mehr Mitglieder im Dombauverein seit Eintrittspreis"},"content":{"rendered":"<p>Seitdem die Einf\u00fchrung eines Eintrittspreises f\u00fcr den K\u00f6lner Dom im M\u00e4rz angek\u00fcndigt wurde, ist die Zahl der Mitglieder im Zentral-Dombauverein stark gestiegen. Das teilte der Dombauverein auf Anfrage der Nachrichtenagentur dpa mit. F\u00fcr die Mitglieder des Vereins ist der Zugang zum Dom nach wie vor kostenlos. Sie zahlen j\u00e4hrlich 20 Euro Mindestbetrag, der Verein bittet aber darum, mehr zu zahlen. <\/p>\n<p>F\u00fcr den einmaligen Eintritt in den K\u00f6lner Dom werden seit dem 1. Juli zw\u00f6lf Euro f\u00e4llig. \u201eSeit der Bekanntgabe der Besichtigungsgeb\u00fchr im M\u00e4rz haben uns bisher knapp 10.000 Beitrittsgesuche erreicht\u201c, teilte der Dombauverein mit. Vorher seien es nur rund 100 pro Monat gewesen. \u201eDie meisten Anmeldungen haben uns bereits im Juni erreicht.\u201c Da seien es rund 4.500 gewesen, im Juli nach der Einf\u00fchrung dann weitere 2.500. Insgesamt stehe man nun bei etwa 27.000 Mitgliedern. <\/p>\n","protected":false},"excerpt":{"rendered":"Seitdem die Einf\u00fchrung eines Eintrittspreises f\u00fcr den K\u00f6lner Dom im M\u00e4rz angek\u00fcndigt wurde, ist die Zahl der Mitglieder&hellip;\n","protected":false},"author":2,"featured_media":1223315,"comment_status":"","ping_status":"","sticky":false,"template":"","format":"standard","meta":{"footnotes":"","_share_on_mastodon":"0"},"categories":[1828],"tags":[3274,29,30,1420,1209,828],"class_list":["post-1223314","post","type-post","status-publish","format-standard","has-post-thumbnail","category-koeln","tag-kirche","tag-deutschland","tag-germany","tag-koeln","tag-nordrhein-westfalen","tag-preis"],"share_on_mastodon":{"url":"","error":""},"_links":{"self":[{"href":"https:\/\/www.europesays.com\/de\/wp-json\/wp\/v2\/posts\/1223314","targetHints":{"allow":["GET"]}}],"collection":[{"href":"https:\/\/www.europesays.com\/de\/wp-json\/wp\/v2\/posts"}],"about":[{"href":"https:\/\/www.europesays.com\/de\/wp-json\/wp\/v2\/types\/post"}],"author":[{"embeddable":true,"href":"https:\/\/www.europesays.com\/de\/wp-json\/wp\/v2\/users\/2"}],"replies":[{"embeddable":true,"href":"https:\/\/www.europesays.com\/de\/wp-json\/wp\/v2\/comments?post=1223314"}],"version-history":[{"count":0,"href":"https:\/\/www.europesays.com\/de\/wp-json\/wp\/v2\/posts\/1223314\/revisions"}],"wp:featuredmedia":[{"embeddable":true,"href":"https:\/\/www.europesays.com\/de\/wp-json\/wp\/v2\/media\/1223315"}],"wp:attachment":[{"href":"https:\/\/www.europesays.com\/de\/wp-json\/wp\/v2\/media?parent=1223314"}],"wp:term":[{"taxonomy":"category","embeddable":true,"href":"https:\/\/www.europesays.com\/de\/wp-json\/wp\/v2\/categories?post=1223314"},{"taxonomy":"post_tag","embeddable":true,"href":"https:\/\/www.europesays.com\/de\/wp-json\/wp\/v2\/tags?post=1223314"}],"curies":[{"name":"wp","href":"https:\/\/api.w.org\/{rel}","templated":true}]}}