{"id":1223359,"date":"2026-08-08T05:54:18","date_gmt":"2026-08-08T05:54:18","guid":{"rendered":"https:\/\/www.europesays.com\/de\/1223359\/"},"modified":"2026-08-08T05:54:18","modified_gmt":"2026-08-08T05:54:18","slug":"vor-vier-jahren-verschwunden-zeugen-wollen-vermisste-frau-aus-bayern-an-der-ostsee-gesehen-haben","status":"publish","type":"post","link":"https:\/\/www.europesays.com\/de\/1223359\/","title":{"rendered":"Vor vier Jahren verschwunden: Zeugen wollen vermisste Frau aus Bayern an der Ostsee gesehen haben"},"content":{"rendered":"<p>Vor vier Jahren verschwundenZeugen wollen vermisste Frau aus Bayern an der Ostsee gesehen haben<\/p>\n<p>08.08.2026, 04:39 Uhr <\/p>\n<p>Artikel anh\u00f6ren(02:46 min)<\/p>\n<p><img decoding=\"async\" class=\"Image_img__fQCi0 Image_Img_16_9__4BLfH widget-picture-inline_maximizable__t_E7h\" loading=\"eager\" fetchpriority=\"high\" src=\"https:\/\/www.europesays.com\/de\/wp-content\/uploads\/2026\/08\/Huber_Teaserbild.webp\" alt=\"Huber_Teaserbild\"\/>Die Frau aus Unterhaching verschwand nach einem Streit mit ihrem Mann spurlos. (Foto: Bundeskriminalamt)TeilenFolgen auf:<a href=\"https:\/\/www.whatsapp.com\/channel\/0029Va5cdVJD8SDp5YZgYF01\" title=\"Auf WhatsApp folgen\" target=\"_blank\" rel=\"nofollow noopener\"><img decoding=\"async\" src=\"https:\/\/www.n-tv.de\/socialIcons\/whatsapp.svg\" alt=\"whatsapp\" class=\"ArticleShare_icon__FsrC2\"\/><\/a><a href=\"https:\/\/www.google.com\/preferences\/source?q=n-tv.de\" title=\"ntv als bevorzugte Quelle auf Google hinzuf\u00fcgen\" target=\"_blank\" rel=\"nofollow noopener\"><img decoding=\"async\" src=\"https:\/\/www.n-tv.de\/socialIcons\/google.svg\" alt=\"whatsapp\" class=\"ArticleShare_icon__FsrC2\"\/><\/a><\/p>\n<p class=\"Typography_text-m__XI0da Typography_weight-bold__uT6mq storyline_lead_text_leadtext__q_wg8\">Seit vier Jahren wird eine Frau aus Bayern vermisst. Die Polizei h\u00e4lt ein Gewaltverbrechen ebenso f\u00fcr m\u00f6glich wie einen Suizid oder ein Untertauchen. Jetzt gibt es eine neue Spur &#8211; und die f\u00fchrt in den Norden des Landes. <\/p>\n<p class=\"Typography_text-default__P3otY Typography_weight-normal__pqUbH storyline_paragraph_p__qSR5N\">Eine seit Jahren vermisste Frau aus Unterhaching bei M\u00fcnchen k\u00f6nnte sich im Bereich Rostock-Warnem\u00fcnde aufhalten. Mehrere Zeugen hatten die Frau vermeintlich erkannt und sich an die \u00f6rtliche Polizei gewandt. Eine Sprecherin der Staatsanwaltschaft M\u00fcnchen I best\u00e4tigte zudem, dass ein Video gesichert worden sei. Auf dem sei eine Person zu sehen, bei der es sich m\u00f6glicherweise um die Vermisste handele. &#8222;Diesen Hinweisen wird derzeit mit Hochdruck nachgegangen&#8220;, schilderte die Sprecherin. <\/p>\n<p class=\"Typography_text-default__P3otY Typography_weight-normal__pqUbH storyline_paragraph_p__qSR5N\">\u00dcber die Video-Aufnahme hatte zuerst die &#8222;Bild&#8220;-Zeitung berichtet. Demnach w\u00fcrden derzeit sogenannte Super-Recognizer, also Menschen, die sich Gesichter extrem gut einpr\u00e4gen k\u00f6nnen, die Bilder analysieren.<\/p>\n<p class=\"Typography_text-default__P3otY Typography_weight-normal__pqUbH storyline_paragraph_p__qSR5N\">Die damals 39-j\u00e4hrige Frau wird seit November 2022 vermisst. Sie hatte sich Ende Oktober 2022 heftig mit ihrem Ehemann gestritten und dann wieder vers\u00f6hnt. Am 5. November soll sie nach einem neuen Streit die gemeinsame Wohnung verlasssen haben. Am 7. November meldete der Mann die Frau als vermisst. <\/p>\n<p>Ehemann inzwischen gestorben<\/p>\n<p class=\"Typography_text-default__P3otY Typography_weight-normal__pqUbH storyline_paragraph_p__qSR5N\">Weil die Kriminalpolizei ein Gewaltverbrechen nicht ausschloss, <a class=\"inline_link\" href=\"https:\/\/www.bka.de\/DE\/IhreSicherheit\/Fahndungen\/Personen\/Vermisste\/Huber\/Sachverhalt_Huber.html?nn=26874#ergaenzendeInformationen232710\" target=\"_blank\" rel=\"nofollow noopener\">schrieb sie die Vermisste zur Fahndung aus. <\/a>In der Wohnung des Paares fand die Polizei Bank- und Kreditkarten, Brille, Geldb\u00f6rse, Handys, Verlobungs- und Ehering sowie den Ausweis der Verschwundenen. Der Ehemann geriet unter Tatverdacht, allerdings gab es keine konkreten Hinweise auf ein Gewaltverbrechen. Nach seinem Tod 2024 wurden die Ermittlungen eingestellt. <\/p>\n<p class=\"Typography_text-default__P3otY Typography_weight-normal__pqUbH storyline_paragraph_p__qSR5N\">Als die Beamten den Fall wenige Monate sp\u00e4ter in der ZDF-Sendung &#8222;Aktenzeichen XY&#8230; ungel\u00f6st&#8220;  vorstellten, hielten sie ein Gewaltdelikt ebenso f\u00fcr m\u00f6glich wie einen Suizid oder ein Untertauchen. Mitte Juli wurde der Fall zum zweiten Mal  im Fernsehen thematisiert. Nun gibt es einige Hinweise, die nach Norden f\u00fchren. Nach Angaben des Polizeipr\u00e4sidiums Rostock wurde eine Frau, die der Vermissten \u00e4hnelt, Anfang der Woche von mehreren Zeugen in Mecklenburg-Vorpommern im Bereich Stoltera\/Diedrichshagen an der Ostseek\u00fcste gesehen. Nach Informationen des NDR soll sie unter anderem ein Gespr\u00e4ch mit einem Ehepaar gef\u00fchrt haben. Dieses hatte sich anschlie\u00dfend an die Polizei gewandt.<\/p>\n<p class=\"Typography_text-s__wu_cm Typography_weight-normal__pqUbH Typography_color-darkgrey__sZEnP article-detail-footer_source__KslPc\">Quelle: ntv.de, ino\/dpa<\/p>\n","protected":false},"excerpt":{"rendered":"Vor vier Jahren verschwundenZeugen wollen vermisste Frau aus Bayern an der Ostsee gesehen haben 08.08.2026, 04:39 Uhr Artikel&hellip;\n","protected":false},"author":2,"featured_media":1223360,"comment_status":"","ping_status":"","sticky":false,"template":"","format":"standard","meta":{"footnotes":"","_share_on_mastodon":"0"},"categories":[5],"tags":[772,13,984,14,15,121,12,10,8,9,11,22407],"class_list":["post-1223359","post","type-post","status-publish","format-standard","has-post-thumbnail","category-nachrichten","tag-bayern","tag-headlines","tag-international","tag-nachrichten","tag-news","tag-polizei","tag-schlagzeilen","tag-top-news","tag-top-meldungen","tag-topmeldungen","tag-topnews","tag-vermisste"],"share_on_mastodon":{"url":"https:\/\/pubeurope.com\/@de\/117058345036536599","error":""},"_links":{"self":[{"href":"https:\/\/www.europesays.com\/de\/wp-json\/wp\/v2\/posts\/1223359","targetHints":{"allow":["GET"]}}],"collection":[{"href":"https:\/\/www.europesays.com\/de\/wp-json\/wp\/v2\/posts"}],"about":[{"href":"https:\/\/www.europesays.com\/de\/wp-json\/wp\/v2\/types\/post"}],"author":[{"embeddable":true,"href":"https:\/\/www.europesays.com\/de\/wp-json\/wp\/v2\/users\/2"}],"replies":[{"embeddable":true,"href":"https:\/\/www.europesays.com\/de\/wp-json\/wp\/v2\/comments?post=1223359"}],"version-history":[{"count":0,"href":"https:\/\/www.europesays.com\/de\/wp-json\/wp\/v2\/posts\/1223359\/revisions"}],"wp:featuredmedia":[{"embeddable":true,"href":"https:\/\/www.europesays.com\/de\/wp-json\/wp\/v2\/media\/1223360"}],"wp:attachment":[{"href":"https:\/\/www.europesays.com\/de\/wp-json\/wp\/v2\/media?parent=1223359"}],"wp:term":[{"taxonomy":"category","embeddable":true,"href":"https:\/\/www.europesays.com\/de\/wp-json\/wp\/v2\/categories?post=1223359"},{"taxonomy":"post_tag","embeddable":true,"href":"https:\/\/www.europesays.com\/de\/wp-json\/wp\/v2\/tags?post=1223359"}],"curies":[{"name":"wp","href":"https:\/\/api.w.org\/{rel}","templated":true}]}}