{"id":1223515,"date":"2026-08-08T07:37:27","date_gmt":"2026-08-08T07:37:27","guid":{"rendered":"https:\/\/www.europesays.com\/de\/1223515\/"},"modified":"2026-08-08T07:37:27","modified_gmt":"2026-08-08T07:37:27","slug":"wiedersehen-in-wiesbaden-preussen-brennt-auf-den-liga-start","status":"publish","type":"post","link":"https:\/\/www.europesays.com\/de\/1223515\/","title":{"rendered":"Wiedersehen in Wiesbaden &#8211; Preu\u00dfen brennt auf den Liga-Start"},"content":{"rendered":"<p>Wenn der SC Preu\u00dfen morgen um 14 Uhr in der BRITA-Arena in Wiesbaden in die neue Drittliga-Saison startet \u2013 es ist dann die elfte Spielzeit der Adlertr\u00e4ger in dieser Klasse seit ihrer Einf\u00fchrung in der Saison 2008\/09 \u2013 dann liegt das letzte Punktspiel, der unr\u00fchmliche Abschied aus dem Bundesliga-Unterhaus beim 0:3 in Elversberg, bereits 83 Tage zur\u00fcck. Viel hat sich seither getan an der Hammer Stra\u00dfe. Eine halbe Mannschaft wurde ausgetauscht und mit Thomas W\u00f6rle steht ein neuer \u00dcbungsleiter an der Seitenlinie. <\/p>\n<p>Unter der Woche wurden dann noch die Leihe von Jojo Schenk zum SK Beveren, sowie die Verpflichtung des 20-j\u00e4hrigen Mittelfeldspielers Samuel Althaus von 1860 M\u00fcnchen verk\u00fcndet. Zum neuen Mannschaftskapit\u00e4n wurde, wie von vielen erwartet, Niko Koulis gek\u00fcrt, den Mannschaftsrat bilden jetzt Joshua Mees, Morten Behrens, Rico Prei\u00dfinger und Torge Paetow.<\/p>\n<p>Vorfreude auf den Auftakt und die Qual der Wahl<\/p>\n<p>Der SCP ist also bereit, das Abenteuer 3. Liga anzugehen, und es ist so ein wenig, als w\u00fcrde man einen dunklen Raum betreten, man wei\u00df nicht so genau, was einen dort erwartet. Zu ausgeglichen wirkt die Liga, und nach oben, wie nach unten, scheint alles m\u00f6glich zu sein. Zum Auftakt wartet mit dem SV Wehen Wiesbaden in der hessischen Landeshauptstadt direkt ein Schwergewicht und der Tabellenf\u00fchrer der ewigen Tabelle der 3. Liga (15 Spielzeiten, 834 Punkte).<\/p>\n<p>Doch Neu-Trainer W\u00f6rle gibt sich nach sechs Wochen Vorbereitung optimistisch und voller Tatendrang: \u201eIch sp\u00fcre nat\u00fcrlich eine Vorfreude auf den Auftakt, die will ich auch vorleben. Dazu eine Neugier auf das, was kommt, und ein Kribbeln, eine gute Anspannung\u201c. Dabei kann W\u00f6rle personell aus dem Vollen sch\u00f6pfen, denn mit Neuzugang Althaus stehen ihm 25 gesunde Spieler zur Verf\u00fcgung. Da wird es bei der Nominierung des Kaders sicher zu H\u00e4rtef\u00e4llen kommen, doch betont der Trainer, dass jeder im Kader gebraucht wird, da direkt zu Beginn mit dem Pokalspiel in Vreden unter der Woche, dem Heimspiel gegen Ingolstadt und der Erstrunden-Begegnung im DFB-Pokal gegen den KSC, intensive Wochen anstehen.<\/p>\n<p>Trainer Thomas W\u00f6rle l\u00e4sst sich nicht in die Karten schauen<\/p>\n<p>Verzichten muss W\u00f6rle beim SVWW lediglich auf die verletzten Simon Scherder, Marvin Schulz, Luca Bolay und Malik Batmaz. Wie genau er spielen lassen wird, l\u00e4sst der Trainer dabei offen. In Ulm bevorzugte er ein 3-4-3-System, das in der Defensive zu einem kompakten 5-4-1 werden kann. Aber auch eine defensive Ausrichtung wie ein 5-3-2 w\u00e4re denkbar. Auch beim Personal l\u00e4sst er sich nicht in die Karten schauen. Mit dem wieder genesenen Ryan Johansson, der wegen einer Kn\u00f6chel-Blessur die Generalprobe gegen Southampton verpasste, und dem endlich wieder vollst\u00e4ndig gesundeten Oscar Vilhelmsson, stehen ihm auf jeden Fall zwei weitere Optionen im Sturm zur Verf\u00fcgung. <\/p>\n<p>Gesichert d\u00fcrfte dagegen sein, dass er die Start-Elf um die Achse Behrens, Koulis, Mees und Felix Higl als Anker-St\u00fcrmer aufstellen wird. Zudem sollten Charalambos Makridis, Wesley Adeh und Mikail Demirhan als \u201eGewinner\u201c der Vorbereitung gute Chancen haben, zum Anpfiff auf dem Platz zu stehen. Genaues erfahren wir dann, ebenso, wie der Trainer der Gastgeber, am Samstag um 14 Uhr.<\/p>\n<p>Der SVWW setzt auf Konstanz<\/p>\n<p>Vor dem morgigen Gegner, die letzte Saison schlossen die Hessen auf Tabellenplatz acht ab, hat Thomas W\u00f6rle gr\u00f6\u00dften Respekt: \u201eWir bekommen es mit einer Mannschaft zu tun, die sehr geschlossen agiert, sehr gewachsen und eingespielt ist. Sie ist dadurch in ihren Abl\u00e4ufen schon sehr weit, entwickelt sowohl mit als auch gegen den Ball eine gewisse Spielkontrolle.\u201c Und tats\u00e4chlich hielt man sich in Wiesbaden auf dem Transfermarkt auff\u00e4llig zur\u00fcck. Zehn Abg\u00e4ngen stehen mit Philipp Hercher (Abwehr\/Magdeburg), Max Brandt (Mittelfeld\/Ulm) und Sinan Karweina (Sturm\/Luzern) erst drei Neuzug\u00e4nge gegen\u00fcber. <\/p>\n<p>Stattdessen setzt Trainer Daniel Scherning auf Eingespieltheit und mannschaftliche Geschlossenheit als Schl\u00fcssel zum Erfolg. So erwartet unser Coach dann auch von Anfang an einen intensiven Fight. Hoffentlich mit dem besseren Ende f\u00fcr unsere Farben, denn ein guter Saisonstart w\u00e4re schon wichtig, um die b\u00f6sen Geister der abgelaufenen Spielzeit endg\u00fcltig zu verjagen.<\/p>\n<p>Die Bilanz darf gerne aufpoliert werden<\/p>\n<p>Im direkten Vergleich hat der SVWW die Nase leicht vorne: Bei 16 Aufeinandertreffen gab es f\u00fcnf Siege f\u00fcr die Hessen und vier f\u00fcr unsere Preu\u00dfen bei sieben Unentschieden. Letztmalig traf man am 16.03.2019 in Wiesbaden aufeinander. Damals unterlagen die Adler mit 0:2 und Wiesbaden stieg sp\u00e4ter in die 2. Liga auf. Diese Statistik darf morgen gerne aufpoliert werden.<\/p>\n<p>Geleitet wird die Partie an der Berliner Stra\u00dfe morgen von Hauptschiedsrichter Assad Nouhoum sowie seinen Assistenten Alexander Roppelt und Kadir Yagic. Mit merkw\u00fcrdigen Interventionen aus dubiosen K\u00f6lner Kellern ist dabei nicht zu rechnen. Das kann dem Spiel zugutekommen.<\/p>\n<p>Bis gestern hatten sich 1319 Anh\u00e4nger der Schwarz-Wei\u00df-Gr\u00fcnen mit Tickets eingedeckt, weitere 1000 Pl\u00e4tze im G\u00e4stebereich st\u00fcnden noch zur Verf\u00fcgung. F\u00fcr diese wird morgen am G\u00e4steblock eine Tageskasse ge\u00f6ffnet sein. Also, auf geht\u2019s, auf drei Punkte!<\/p>\n<p><strong>Alle zusammen f\u00fcr Preu\u00dfen M\u00fcnster!<\/strong><\/p><\/p>\n","protected":false},"excerpt":{"rendered":"Wenn der SC Preu\u00dfen morgen um 14 Uhr in der BRITA-Arena in Wiesbaden in die neue Drittliga-Saison startet&hellip;\n","protected":false},"author":2,"featured_media":1223516,"comment_status":"","ping_status":"","sticky":false,"template":"","format":"standard","meta":{"footnotes":"","_share_on_mastodon":"0"},"categories":[1847],"tags":[995,6923,3364,29,548,663,3934,30,13,2052,14,15,232593,3377,16376,12,22506,22509,1339,4544],"class_list":["post-1223515","post","type-post","status-publish","format-standard","has-post-thumbnail","category-wiesbaden","tag-3-liga","tag-auswaertsspiel","tag-de","tag-deutschland","tag-eu","tag-europa","tag-europe","tag-germany","tag-headlines","tag-hessen","tag-nachrichten","tag-news","tag-saison-2026-27","tag-saisonstart","tag-sc-preussen-muenster","tag-schlagzeilen","tag-sv-wehen-wiesbaden","tag-thomas-woerle","tag-vorschau","tag-wiesbaden"],"share_on_mastodon":{"url":"https:\/\/pubeurope.com\/@de\/117058748098291995","error":""},"_links":{"self":[{"href":"https:\/\/www.europesays.com\/de\/wp-json\/wp\/v2\/posts\/1223515","targetHints":{"allow":["GET"]}}],"collection":[{"href":"https:\/\/www.europesays.com\/de\/wp-json\/wp\/v2\/posts"}],"about":[{"href":"https:\/\/www.europesays.com\/de\/wp-json\/wp\/v2\/types\/post"}],"author":[{"embeddable":true,"href":"https:\/\/www.europesays.com\/de\/wp-json\/wp\/v2\/users\/2"}],"replies":[{"embeddable":true,"href":"https:\/\/www.europesays.com\/de\/wp-json\/wp\/v2\/comments?post=1223515"}],"version-history":[{"count":0,"href":"https:\/\/www.europesays.com\/de\/wp-json\/wp\/v2\/posts\/1223515\/revisions"}],"wp:featuredmedia":[{"embeddable":true,"href":"https:\/\/www.europesays.com\/de\/wp-json\/wp\/v2\/media\/1223516"}],"wp:attachment":[{"href":"https:\/\/www.europesays.com\/de\/wp-json\/wp\/v2\/media?parent=1223515"}],"wp:term":[{"taxonomy":"category","embeddable":true,"href":"https:\/\/www.europesays.com\/de\/wp-json\/wp\/v2\/categories?post=1223515"},{"taxonomy":"post_tag","embeddable":true,"href":"https:\/\/www.europesays.com\/de\/wp-json\/wp\/v2\/tags?post=1223515"}],"curies":[{"name":"wp","href":"https:\/\/api.w.org\/{rel}","templated":true}]}}