{"id":1223539,"date":"2026-08-08T07:54:22","date_gmt":"2026-08-08T07:54:22","guid":{"rendered":"https:\/\/www.europesays.com\/de\/1223539\/"},"modified":"2026-08-08T07:54:22","modified_gmt":"2026-08-08T07:54:22","slug":"ukraine-aktuell-russland-meldet-treffer-auf-fire-point-fabrik-in-kiew","status":"publish","type":"post","link":"https:\/\/www.europesays.com\/de\/1223539\/","title":{"rendered":"Ukraine aktuell \u2013 Russland meldet Treffer auf Fire Point-Fabrik in Kiew"},"content":{"rendered":"<p>Newsblog zum Krieg in der Ukraine <\/p>\n<p>Russland meldet Treffer auf wichtige R\u00fcstungsfabrik in Kiew<\/p>\n<p>Von <a href=\"https:\/\/www.t-online.de\/author\/id_100237118\/simon-cleven.html\" class=\"transition-colors cursor-pointer no-underline md:hover:text-magenta md:focus:text-magenta text-inherit\" rel=\"nofollow noopener\" target=\"_blank\">S. Cleven<\/a>, <a href=\"https:\/\/www.t-online.de\/author\/id_92437676\/julian-seiferth.html\" class=\"transition-colors cursor-pointer no-underline md:hover:text-magenta md:focus:text-magenta text-inherit\" rel=\"nofollow noopener\" target=\"_blank\">J. Seiferth<\/a>, <a href=\"https:\/\/www.t-online.de\/author\/id_100490570\/finn-michalski.html\" class=\"transition-colors cursor-pointer no-underline md:hover:text-magenta md:focus:text-magenta text-inherit\" rel=\"nofollow noopener\" target=\"_blank\">F. Michalski<\/a>, <a href=\"https:\/\/www.t-online.de\/author\/id_92328834\/charlotta-siemer.html\" class=\"transition-colors cursor-pointer no-underline md:hover:text-magenta md:focus:text-magenta text-inherit\" rel=\"nofollow noopener\" target=\"_blank\">C. Siemer<\/a>, <a href=\"https:\/\/www.t-online.de\/author\/id_83634734\/anna-lena-janzen.html\" class=\"transition-colors cursor-pointer no-underline md:hover:text-magenta md:focus:text-magenta text-inherit\" rel=\"nofollow noopener\" target=\"_blank\">A. Janzen<\/a>, <a href=\"https:\/\/www.t-online.de\/author\/id_90737704\/christoph-coeln.html\" class=\"transition-colors cursor-pointer no-underline md:hover:text-magenta md:focus:text-magenta text-inherit\" rel=\"nofollow noopener\" target=\"_blank\">C. C\u00f6ln<\/a>, <a href=\"https:\/\/www.t-online.de\/author\/id_89234910\/thomas-wanhoff.html\" class=\"transition-colors cursor-pointer no-underline md:hover:text-magenta md:focus:text-magenta text-inherit\" rel=\"nofollow noopener\" target=\"_blank\">T. Wanhoff<\/a>, <a href=\"https:\/\/www.t-online.de\/author\/id_83403284\/martin-kueper.html\" class=\"transition-colors cursor-pointer no-underline md:hover:text-magenta md:focus:text-magenta text-inherit\" rel=\"nofollow noopener\" target=\"_blank\">M. K\u00fcper<\/a>, <a href=\"https:\/\/www.t-online.de\/author\/id_100402234\/jakob-hartung.html\" class=\"transition-colors cursor-pointer no-underline md:hover:text-magenta md:focus:text-magenta text-inherit\" rel=\"nofollow noopener\" target=\"_blank\">J. Hartung<\/a>, <a href=\"https:\/\/www.t-online.de\/author\/id_87278814\/mauritius-kloft.html\" class=\"transition-colors cursor-pointer no-underline md:hover:text-magenta md:focus:text-magenta text-inherit\" rel=\"nofollow noopener\" target=\"_blank\">M. Kloft<\/a>, <a href=\"https:\/\/www.t-online.de\/author\/id_100365168\/julian-alexander-fischer.html\" class=\"transition-colors cursor-pointer no-underline md:hover:text-magenta md:focus:text-magenta text-inherit\" rel=\"nofollow noopener\" target=\"_blank\">J. Fischer<\/a><\/p>\n<p>Aktualisiert am 08.08.2026 &#8211; 09:40 UhrLesedauer: 17 Min.<\/p>\n<p><a href=\"#focus-0\" class=\"transition-colors block text-current relative\" data-sctrack=\"FocusGalleryImage.Reference\"><img fetchpriority=\"high\" data-testid=\"Opener.Image\"   loading=\"eager\" src=\"https:\/\/www.europesays.com\/de\/wp-content\/uploads\/2026\/08\/a-cruise-missile-flamingo-developed-by-ukrainian-company-fire-point-at-eurosatory-international-defe.jpeg\" alt=\"imago images 0859581199\" title=\"imago images 0859581199\" width=\"5418\" height=\"3048\" class=\"bg-[url:var(--lqipURL)] bg-cover bg-center flex h-full w-full max-w-full\" style=\"--lqipURL:url('https:\/\/images.t-online.de\/2026\/08\/RoMAgnkeNsH2\/299x487:5418x3048\/fit-in\/150x0\/filters:blur(25)\/a-cruise-missile-flamingo-developed-by-ukrainian-company-fire-point-at-eurosatory-international-defence-and-security-exhibition-on-june-15-2026-15-06-2026-france-villepinte-publicationxnotxinxfraxrus-antoninxburatx-xlexpictorium-lepictorium-0336893.jpg')\" decoding=\"async\"\/><img loading=\"lazy\" src=\"https:\/\/www.t-online.de\/s\/paper\/_next\/static\/media\/zoom-in.f7dae02f.svg\" alt=\"Vergr\u00f6\u00dfern des Bildes\" title=\"Vergr\u00f6\u00dfern des Bildes\" class=\"block h-[calc(var(--height)_\/_16_*_1rem)] w-[calc(var(--width)_\/_16_*_1rem)] max-w-none absolute right-8 bottom-8 rounded-4 bg-snow p-8\" style=\"--width:32;--height:32\" decoding=\"async\"\/><\/a><\/p>\n<p>Ein Flamingo-Marschflugk\u00f6rper von Fire Point auf einer Waffenmesse (Archivbild): Russland gibt an, eine Fabrik des Herstellers getroffen zu haben. (Quelle: IMAGO\/Antonin Burat \/ Le Pictorium\/imago)<\/p>\n<p class=\"text-center\">Jetzt neu bei t-online:<\/p>\n<p class=\"text-center\">Schriftgr\u00f6\u00dfe anpassen!<\/p>\n<p><img loading=\"lazy\" src=\"https:\/\/www.t-online.de\/s\/paper\/_next\/static\/media\/font-sizes.32942e33.svg\" alt=\"\" title=\"\" class=\"block h-[calc(var(--height)_\/_16_*_1rem)] w-[calc(var(--width)_\/_16_*_1rem)] max-w-none group-hover:hidden group-aria-expanded:hidden\" style=\"--width:16;--height:16\" decoding=\"async\"\/><img loading=\"lazy\" src=\"https:\/\/www.t-online.de\/s\/paper\/_next\/static\/media\/font-sizes-dark-mode.e382645c.svg\" alt=\"\" title=\"\" class=\"block h-[calc(var(--height)_\/_16_*_1rem)] w-[calc(var(--width)_\/_16_*_1rem)] max-w-none hidden group-hover:block group-aria-expanded:block\" style=\"--width:16;--height:16\" decoding=\"async\"\/><img loading=\"lazy\" src=\"https:\/\/www.t-online.de\/s\/paper\/_next\/static\/media\/sharing-menu-icon.1eb71368.svg\" alt=\"\" title=\"\" class=\"block h-[calc(var(--height)_\/_16_*_1rem)] w-[calc(var(--width)_\/_16_*_1rem)] max-w-none group-hover:brightness-0 group-hover:invert\" style=\"--width:16;--height:16\" decoding=\"async\"\/>Artikel teilen<\/p>\n<p class=\"font-bold text-18 leading-17 user-text-lg:text-22 user-text-xl:text-24\">In Kiew will Russland eine R\u00fcstungsfabrik getroffen haben. In Odessa schl\u00e4gt eine Rakete im Fu\u00dfballstadion ein. Alle Entwicklungen im Newsblog.<\/p>\n<p>Russland meldet Treffer auf wichtige R\u00fcstungsfabrik in Kiew<\/p>\n<p class=\"text-18 leading-17 user-text-lg:text-22 user-text-xl:text-24\">Das russische Milit\u00e4r spricht nach dem n\u00e4chtlichen Luftangriff auf <a href=\"https:\/\/www.t-online.de\/themen\/kiew\/\" class=\"transition-colors cursor-pointer no-underline md:hover:text-magenta md:focus:text-magenta border-b border-solid border-current text-salemsfur md:hover:border-magenta\" data-tracking=\"{&quot;action&quot;:&quot;click&quot;,&quot;category&quot;:&quot;intextLink&quot;,&quot;label&quot;:&quot;\/themen\/kiew\/&quot;}\" data-sctrack=\"BodyAnchor\" rel=\"nofollow noopener\" target=\"_blank\">Kiew<\/a> von einem Schlag gegen den ukrainischen R\u00fcstungshersteller Fire Point. Das Verteidigungsministerium in <a href=\"https:\/\/www.t-online.de\/themen\/moskau\/\" class=\"transition-colors cursor-pointer no-underline md:hover:text-magenta md:focus:text-magenta border-b border-solid border-current text-salemsfur md:hover:border-magenta\" data-tracking=\"{&quot;action&quot;:&quot;click&quot;,&quot;category&quot;:&quot;intextLink&quot;,&quot;label&quot;:&quot;\/themen\/moskau\/&quot;}\" data-sctrack=\"BodyAnchor\" rel=\"nofollow noopener\" target=\"_blank\">Moskau<\/a> teilte mit, es sei eine Produktionsst\u00e4tte getroffen worden, die Teile und Sprengk\u00f6pfe f\u00fcr den ukrainischen Marschflugk\u00f6rper FP-5 Flamingo herstelle. Au\u00dferdem sei ein Treibstofflager vernichtet worden, das die ukrainische Armee beliefere.<\/p>\n<p class=\"text-18 leading-17 user-text-lg:text-22 user-text-xl:text-24\">Belege f\u00fcr diese Darstellung lieferte die russische Seite nicht. Der Kiewer B\u00fcrgermeister <a href=\"https:\/\/www.t-online.de\/themen\/vitali-klitschko\/\" class=\"transition-colors cursor-pointer no-underline md:hover:text-magenta md:focus:text-magenta border-b border-solid border-current text-salemsfur md:hover:border-magenta\" data-tracking=\"{&quot;action&quot;:&quot;click&quot;,&quot;category&quot;:&quot;intextLink&quot;,&quot;label&quot;:&quot;\/themen\/vitali-klitschko\/&quot;}\" data-sctrack=\"BodyAnchor\" rel=\"nofollow noopener\" target=\"_blank\">Vitali Klitschko<\/a> schrieb auf Telegram von Berichten \u00fcber brennende \u00d6ltanks im Stadtteil Obolon. Schwerpunkt des Luftangriffs mit Raketen und Kampfdrohnen war nach ukrainischen Angaben wie schon am Donnerstag der Vorort Browary mit seinen Logistikzentren. Drei Menschen wurden nach Beh\u00f6rdenangaben get\u00f6tet, aber nicht in Browary, sondern weit au\u00dferhalb im Dorf Puchiwka, wo eine Drohne das Wohnhaus einer Familie traf.<\/p>\n<p class=\"text-18 leading-17 user-text-lg:text-22 user-text-xl:text-24\">Die russische Armee listet seit einiger Zeit die angeblichen milit\u00e4rischen oder milit\u00e4rindustriellen Ziele ihrer Luftangriffe auf. \u00dcberpr\u00fcfen l\u00e4sst sich dies in den vielen F\u00e4llen nicht. Fire Point ist mit dem Marschflugk\u00f6rper Flamingo, der Langstreckendrohne FP-1 und der Mittelstreckendrohnen FP-2 einer der wichtigsten einheimischen Lieferanten der ukrainischen Armee.<\/p>\n<p>Schwere Angriffe auf Kiew<\/p>\n<p class=\"text-18 leading-17 user-text-lg:text-22 user-text-xl:text-24\">In zwei Bezirken der ukrainischen Hauptstadt Kiew werden nach einem Luftalarm Br\u00e4nde gemeldet, wie der B\u00fcrgermeister mitteilt. Reuters-Reporter h\u00f6rten mehrere heftige Explosionen. Der Stadt fehlt es chronisch an Flugabwehrsystemen, die russische ballistische Raketen abfangen k\u00f6nnen. Nach offiziellen Angaben sind drei Menschen ums Leben, darunter ein Kind. Getroffen wurden drei Orte im nahe Kiew gelegenen Bezirk Boryspil, wie der Leiter der regionalen Verwaltung, Tymur Tkatschenko, mitteilt. Drei weitere Menschen werden demnach verletzt.<\/p>\n<p><a href=\"#focus-1\" class=\"transition-colors block text-current relative\" data-sctrack=\"FocusGalleryImage.Reference\"><img   loading=\"lazy\" src=\"https:\/\/www.europesays.com\/de\/wp-content\/uploads\/2026\/08\/eine-russische-iskander-rakete-beim-start-ein-geschoss-traf-ein-stadion-in-odessa-archivbild.jpg\" alt=\"Eine russische Iskander-Rakete beim Start: Ein Geschoss traf ein Stadion in Odessa. (Archivbild)\" title=\"Eine russische Iskander-Rakete beim Start: Ein Geschoss traf ein Stadion in Odessa. (Archivbild)\" width=\"1218\" height=\"685\" class=\"h-full w-full max-w-full rounded-8\" decoding=\"async\"\/><img loading=\"lazy\" src=\"https:\/\/www.t-online.de\/s\/paper\/_next\/static\/media\/zoom-in.f7dae02f.svg\" alt=\"Vergr\u00f6\u00dfern des Bildes\" title=\"Vergr\u00f6\u00dfern des Bildes\" class=\"block h-[calc(var(--height)_\/_16_*_1rem)] w-[calc(var(--width)_\/_16_*_1rem)] max-w-none absolute right-8 bottom-8 rounded-4 bg-snow p-8\" style=\"--width:32;--height:32\" decoding=\"async\"\/>Eine russische Iskander-Rakete beim Start. (Archivbild) (Quelle: IMAGO\/Russian Defence Ministry\/imago)<\/a><\/p>\n<p>Rakete rei\u00dft Loch in Dach von Fu\u00dfballstadion<\/p>\n<p class=\"text-18 leading-17 user-text-lg:text-22 user-text-xl:text-24\">Eine russische Rakete hat das Fu\u00dfballstadion von Odessa getroffen und ein Loch in das Dach gerissen. Auch auf den R\u00e4ngen, vor allem im VIP-Bereich, gab es Sch\u00e4den, meldet die Milit\u00e4rverwaltung der Stadt. Eine Person sei verletzt worden. Aufnahmen zeigen das Loch im Dach und zersplittertes Glas auf den Sitzen. Zum Zeitpunkt des Angriffs seien keine Zuschauer im Stadion gewesen.<\/p>\n<p class=\"text-18 leading-17 user-text-lg:text-22 user-text-xl:text-24\">Das Stadion, das Platz f\u00fcr mehr als 34.000 Fans bietet, ist die Heimspielst\u00e4tte sowohl von Chornomorets Odessa als auch von den Seasters. Das n\u00e4chste dort geplante Spiel findet soll am heutigen Samstag stattfinden. Ob aber angepfiffen werden kann ist unklar.<\/p>\n","protected":false},"excerpt":{"rendered":"Newsblog zum Krieg in der Ukraine Russland meldet Treffer auf wichtige R\u00fcstungsfabrik in Kiew Von S. Cleven, J.&hellip;\n","protected":false},"author":2,"featured_media":1223540,"comment_status":"","ping_status":"","sticky":false,"template":"","format":"standard","meta":{"footnotes":"","_share_on_mastodon":"0"},"categories":[4013],"tags":[1217,326,6079,331,332,4541,2919,163545,106,1478,548,152992,13,72570,5793,1460,32794,451,308,14,15,3129,18223,254254,3186,4043,4044,850,307,211631,41599,6402,12,317,312,8329,183068,107],"class_list":["post-1223539","post","type-post","status-publish","format-standard","has-post-thumbnail","category-russland","tag-1217","tag-326","tag-6079","tag-aktuelle-nachrichten","tag-aktuelle-news","tag-armenien","tag-brand","tag-browary","tag-donald-trump","tag-drohne","tag-eu","tag-fussballstadion","tag-headlines","tag-jekaterinburg","tag-kiew","tag-kind","tag-lindsey-graham","tag-militaer","tag-moskau","tag-nachrichten","tag-news","tag-newsblog","tag-odessa","tag-puchiwka","tag-reuters","tag-russia","tag-russian-federation","tag-russische-foederation","tag-russland","tag-ruestungsfabrik","tag-sankt-petersburg","tag-schiff","tag-schlagzeilen","tag-ukraine","tag-ukrainekrieg","tag-vitali-klitschko","tag-waffenmesse","tag-wolodymyr-selenskyj"],"share_on_mastodon":{"url":"","error":"Validation failed: Text character limit of 500 exceeded"},"_links":{"self":[{"href":"https:\/\/www.europesays.com\/de\/wp-json\/wp\/v2\/posts\/1223539","targetHints":{"allow":["GET"]}}],"collection":[{"href":"https:\/\/www.europesays.com\/de\/wp-json\/wp\/v2\/posts"}],"about":[{"href":"https:\/\/www.europesays.com\/de\/wp-json\/wp\/v2\/types\/post"}],"author":[{"embeddable":true,"href":"https:\/\/www.europesays.com\/de\/wp-json\/wp\/v2\/users\/2"}],"replies":[{"embeddable":true,"href":"https:\/\/www.europesays.com\/de\/wp-json\/wp\/v2\/comments?post=1223539"}],"version-history":[{"count":0,"href":"https:\/\/www.europesays.com\/de\/wp-json\/wp\/v2\/posts\/1223539\/revisions"}],"wp:featuredmedia":[{"embeddable":true,"href":"https:\/\/www.europesays.com\/de\/wp-json\/wp\/v2\/media\/1223540"}],"wp:attachment":[{"href":"https:\/\/www.europesays.com\/de\/wp-json\/wp\/v2\/media?parent=1223539"}],"wp:term":[{"taxonomy":"category","embeddable":true,"href":"https:\/\/www.europesays.com\/de\/wp-json\/wp\/v2\/categories?post=1223539"},{"taxonomy":"post_tag","embeddable":true,"href":"https:\/\/www.europesays.com\/de\/wp-json\/wp\/v2\/tags?post=1223539"}],"curies":[{"name":"wp","href":"https:\/\/api.w.org\/{rel}","templated":true}]}}