{"id":1223555,"date":"2026-08-08T08:02:15","date_gmt":"2026-08-08T08:02:15","guid":{"rendered":"https:\/\/www.europesays.com\/de\/1223555\/"},"modified":"2026-08-08T08:02:15","modified_gmt":"2026-08-08T08:02:15","slug":"rente-viele-renten-trotz-45-versicherungsjahren-unter-armutsrisikoschwelle","status":"publish","type":"post","link":"https:\/\/www.europesays.com\/de\/1223555\/","title":{"rendered":"Rente: Viele Renten trotz 45 Versicherungsjahren unter Armutsrisikoschwelle"},"content":{"rendered":"<p class=\"paragraph article__item\">In Deutschland kommen viele Rentner nach 45 Versicherungsjahren nicht \u00fcber die Armutsrisikoschwelle. Wie aus einer Antwort der Bundesregierung auf eine Anfrage der Linken hervorgeht, liegt deutschlandweit die <a class=\"rtr-entity\" href=\"https:\/\/www.zeit.de\/thema\/rente\" rel=\"nofollow noopener\" target=\"_blank\">Rente<\/a> von <a href=\"https:\/\/www.zeit.de\/video\/2023-03\/6322480570112\/rentenluecke-warum-altersarmut-weiblich-ist\" target=\"_blank\" rel=\"nofollow noopener\">53 Prozent der Frauen<\/a> und 23 Prozent der M\u00e4nner nach 45 Jahren Rentenversicherung unter der <a href=\"https:\/\/www.zeit.de\/gesellschaft\/2026-02\/armutsgefaehrdungsquote-deutschland-armutsgrenze-einkommen-gxe\" target=\"_blank\" rel=\"nofollow noopener\">Armutsgef\u00e4hrdungsgrenze<\/a>. Diese lag laut Statistischem Bundesamt zuletzt bei 1.446 Euro im Monat.\n<\/p>\n<p class=\"paragraph article__item\">Mit Werten von bis zu 41 Prozent war in s\u00e4mtlichen ostdeutschen Bundesl\u00e4ndern der Anteil der M\u00e4nner unter der Armutsrisikoschwelle deutlich h\u00f6her als in den westdeutschen Bundesl\u00e4ndern. In Baden-W\u00fcrttemberg lag der Wert nur bei rund 16 Prozent.\n<\/p>\n<p class=\"paragraph article__item\">Weit geringer ist der Unterschied bei den Frauen. So gilt f\u00fcr die meisten Bundesl\u00e4nder, dass mehr als die H\u00e4lfte aller Frauen auch nach 45 Jahren Rentenversicherung eine Rente unter der Armutsgef\u00e4hrdungsgrenze bezieht.\n<\/p>\n<p>            Linke kritisiert Abschaffung der abschlagsfreien Rente            <\/p>\n<p class=\"paragraph article__item\">Die Bundesregierung schreibt in ihrer Antwort, aus einer niedrigen<br \/>\nAltersrente in der gesetzlichen Rentenversicherung k\u00f6nne grunds\u00e4tzlich\u00a0nicht auf ein<br \/>\nniedriges Alterseinkommen geschlossen werden. Sie verweist etwa darauf,<br \/>\ndass der Haushaltskontext der Rentenbezieher betrachtet werden m\u00fcsse. Zu<br \/>\n den 45 Versicherungsjahren k\u00f6nnten zudem auch beitragsfreie Zeiten wie Ausbildung oder Arbeitslosigkeit ohne Arbeitslosengeldbezug z\u00e4hlen.\n<\/p>\n<p>\n                                        Newsletter<br \/>\n                                        Was jetzt, im Osten?<\/p>\n<p class=\"newsletter-signup__text\">Anl\u00e4sslich der bevorstehenden Landtagswahlen erhalten Sie ab dem 15. Juli w\u00f6chentlich Nachrichten und Stimmungsbilder zum Wahlkampf sowie zum Alltagsleben und zur Kultur im Osten der Republik.<\/p>\n<p class=\"newsletter-signup__datapolicy\" hidden=\"\">\n            Mit Ihrer Registrierung nehmen Sie die <a href=\"https:\/\/datenschutz.zeit.de\/zon#Newsletter\" target=\"_blank\" rel=\"nofollow noopener\">Datenschutzerkl\u00e4rung<\/a> zur Kenntnis.\n        <\/p>\n<p>    Vielen Dank! Wir haben Ihnen eine E-Mail geschickt.<\/p>\n<p>Pr\u00fcfen Sie Ihr Postfach und best\u00e4tigen Sie das Newsletter-Abonnement.<\/p>\n<p class=\"paragraph article__item\">Kritik an den Zahlen kommt von der Linken. Janina B\u00f6ttger, Abgeordnete der Linken aus Halle, hob dabei besonders den Unterschied<br \/>\nzwischen Ost- und Westdeutschland hervor. Von Armutsrenten seien in<br \/>\nallen ostdeutschen Fl\u00e4chenl\u00e4ndern M\u00e4nner doppelt so h\u00e4ufig betroffen wie<br \/>\n im Bundesschnitt. Dies sei das Ergebnis jahrelanger Ungleichheit.\n<\/p>\n<p class=\"paragraph article__item\">Sarah Vollath, rentenpolitische Sprecherin der Linken im Bundestag, sagte: \u00bbVorschl\u00e4ge wie die Abschaffung der abschlagsfreien Rente nach 45 Versicherungsjahren treffen genau die Menschen hart, die schon jetzt mit viel zu niedrigen Renten auskommen m\u00fcssen.\u00ab\n<\/p>\n<p>Mehr zum Thema<\/p>\n<p>            Rentenreform        <\/p>\n<p>                <a href=\"https:\/\/www.zeit.de\/politik\/deutschland\/2026-06\/rentenreform-rentenkommission-vorschlaege-auswirkungen-beitraege-jahrgang\" data-ct-label=\"Rentenreform: Was bedeutet die Rentenreform f\u00fcr Sie? Unser Tool zeigt es Ihnen\" data-uuid=\"091568ad-dd08-4ee4-b864-c86adf5ed2ca\" rel=\"nofollow noopener\" target=\"_blank\"><\/p>\n<p>        Z+ (abopflichtiger Inhalt);<\/p>\n<p>    Rentenreform:<br \/>\n                        Was bedeutet die Rentenreform f\u00fcr Sie? Unser Tool zeigt es Ihnen<\/p>\n<p>                <\/a><\/p>\n<p>                <a href=\"https:\/\/www.zeit.de\/2026\/34\/rente-mit-63-abschaffung-rentenreform-ostdeutschland-kosten\" data-ct-label=\"Rente mit 63: Fr\u00fchrentner, wir k\u00e4mpfen f\u00fcr euch!\" data-uuid=\"af40659a-9be5-4365-bbdf-f1f1c6fc6b29\" rel=\"nofollow noopener\" target=\"_blank\"><\/p>\n<p>        Z+ (abopflichtiger Inhalt);<\/p>\n<p>    Rente mit 63:<br \/>\n                        Fr\u00fchrentner, wir k\u00e4mpfen f\u00fcr euch!<\/p>\n<p>                <\/a><\/p>\n<p>                <a href=\"https:\/\/www.zeit.de\/politik\/deutschland\/2026-08\/rente-45-beitragsjahre-rentenreform-ostdeutschland-ministerpraesidenten\" data-ct-label=\"Rente nach 45 Beitragsjahren: Der Osten macht den S\u00f6der\" data-uuid=\"343e77c0-318c-4ea1-95d8-96efba538a24\" rel=\"nofollow noopener\" target=\"_blank\"><\/p>\n<p>        Z+ (abopflichtiger Inhalt);<\/p>\n<p>    Rente nach 45 Beitragsjahren:<br \/>\n                        Der Osten macht den S\u00f6der<\/p>\n<p>                <\/a><\/p>\n","protected":false},"excerpt":{"rendered":"In Deutschland kommen viele Rentner nach 45 Versicherungsjahren nicht \u00fcber die Armutsrisikoschwelle. Wie aus einer Antwort der Bundesregierung&hellip;\n","protected":false},"author":2,"featured_media":1223556,"comment_status":"","ping_status":"","sticky":false,"template":"","format":"standard","meta":{"footnotes":"","_share_on_mastodon":"0"},"categories":[5],"tags":[331,332,8434,1165,1634,3364,43,29,536,30,13,14,15,16,379,12,924,874],"class_list":["post-1223555","post","type-post","status-publish","format-standard","has-post-thumbnail","category-nachrichten","tag-aktuelle-nachrichten","tag-aktuelle-news","tag-alter","tag-armut","tag-baden-wuerttemberg","tag-de","tag-deutscher-bundestag","tag-deutschland","tag-die-linke","tag-germany","tag-headlines","tag-nachrichten","tag-news","tag-politik","tag-rente","tag-schlagzeilen","tag-statistik","tag-statistisches-bundesamt"],"share_on_mastodon":{"url":"","error":""},"_links":{"self":[{"href":"https:\/\/www.europesays.com\/de\/wp-json\/wp\/v2\/posts\/1223555","targetHints":{"allow":["GET"]}}],"collection":[{"href":"https:\/\/www.europesays.com\/de\/wp-json\/wp\/v2\/posts"}],"about":[{"href":"https:\/\/www.europesays.com\/de\/wp-json\/wp\/v2\/types\/post"}],"author":[{"embeddable":true,"href":"https:\/\/www.europesays.com\/de\/wp-json\/wp\/v2\/users\/2"}],"replies":[{"embeddable":true,"href":"https:\/\/www.europesays.com\/de\/wp-json\/wp\/v2\/comments?post=1223555"}],"version-history":[{"count":0,"href":"https:\/\/www.europesays.com\/de\/wp-json\/wp\/v2\/posts\/1223555\/revisions"}],"wp:featuredmedia":[{"embeddable":true,"href":"https:\/\/www.europesays.com\/de\/wp-json\/wp\/v2\/media\/1223556"}],"wp:attachment":[{"href":"https:\/\/www.europesays.com\/de\/wp-json\/wp\/v2\/media?parent=1223555"}],"wp:term":[{"taxonomy":"category","embeddable":true,"href":"https:\/\/www.europesays.com\/de\/wp-json\/wp\/v2\/categories?post=1223555"},{"taxonomy":"post_tag","embeddable":true,"href":"https:\/\/www.europesays.com\/de\/wp-json\/wp\/v2\/tags?post=1223555"}],"curies":[{"name":"wp","href":"https:\/\/api.w.org\/{rel}","templated":true}]}}