{"id":1223771,"date":"2026-08-08T10:19:15","date_gmt":"2026-08-08T10:19:15","guid":{"rendered":"https:\/\/www.europesays.com\/de\/1223771\/"},"modified":"2026-08-08T10:19:15","modified_gmt":"2026-08-08T10:19:15","slug":"berlin-gruene-neuer-verkehrsminister-muss-mehr-fuers-klima-tun","status":"publish","type":"post","link":"https:\/\/www.europesays.com\/de\/1223771\/","title":{"rendered":"Berlin | Gr\u00fcne: Neuer Verkehrsminister muss mehr f\u00fcrs Klima tun"},"content":{"rendered":"<p>Berlin (dpa) &#8211; Die Gr\u00fcnen verlangen vom neuen Verkehrsminister Steffen Bilger mehr Einsatz f\u00fcr den Klimaschutz. Er d\u00fcrfe nicht l\u00e4nger CDU-Parteipolitik machen, sondern m\u00fcssen \u00abweitblickend Entscheidungen zum Wohle der Menschen treffen\u00bb, sagte Fraktionsvize Julia Verlinden der Deutschen Presse-Agentur. Dazu geh\u00f6re etwa die Einf\u00fchrung eines Tempolimits auf Autobahnen und die St\u00e4rkung der Bahn statt neuer Autobahnen.\u00a0<\/p>\n<p>Au\u00dferdem m\u00fcsse Bilger \u00f6ffentlich anerkennen, dass die Niedrigwasser-Lage am Rhein und an anderen Fl\u00fcssen kein Wetterph\u00e4nomen, sondern direkte Folge der Klimaerhitzung sei. Wenn er seinen Amtseid ernst nehme, m\u00fcsse er hier handeln &#8211; auch weil der Verkehr die Klimaschutzvorgaben am weitesten verfehle.\u00a0<\/p>\n<p>\u00abSteffen Bilger tritt einen wichtigen und schweren Job an. Wir Gr\u00fcnen unterst\u00fctzen ihn gerne, wenn er echte Probleme angehen m\u00f6chte\u00bb, betonte Verlinden. Dazu wollten die Gr\u00fcnen dringend mit dem CDU-Politiker ins Gespr\u00e4ch kommen.<\/p>\n","protected":false},"excerpt":{"rendered":"Berlin (dpa) &#8211; Die Gr\u00fcnen verlangen vom neuen Verkehrsminister Steffen Bilger mehr Einsatz f\u00fcr den Klimaschutz. Er d\u00fcrfe&hellip;\n","protected":false},"author":2,"featured_media":1223772,"comment_status":"","ping_status":"","sticky":false,"template":"","format":"standard","meta":{"footnotes":"","_share_on_mastodon":"0"},"categories":[1825],"tags":[296,29,30,2013,1563,601],"class_list":["post-1223771","post","type-post","status-publish","format-standard","has-post-thumbnail","category-berlin","tag-berlin","tag-deutschland","tag-germany","tag-gruene","tag-klima","tag-verkehr"],"share_on_mastodon":{"url":"https:\/\/pubeurope.com\/@de\/117059385096664317","error":""},"_links":{"self":[{"href":"https:\/\/www.europesays.com\/de\/wp-json\/wp\/v2\/posts\/1223771","targetHints":{"allow":["GET"]}}],"collection":[{"href":"https:\/\/www.europesays.com\/de\/wp-json\/wp\/v2\/posts"}],"about":[{"href":"https:\/\/www.europesays.com\/de\/wp-json\/wp\/v2\/types\/post"}],"author":[{"embeddable":true,"href":"https:\/\/www.europesays.com\/de\/wp-json\/wp\/v2\/users\/2"}],"replies":[{"embeddable":true,"href":"https:\/\/www.europesays.com\/de\/wp-json\/wp\/v2\/comments?post=1223771"}],"version-history":[{"count":0,"href":"https:\/\/www.europesays.com\/de\/wp-json\/wp\/v2\/posts\/1223771\/revisions"}],"wp:featuredmedia":[{"embeddable":true,"href":"https:\/\/www.europesays.com\/de\/wp-json\/wp\/v2\/media\/1223772"}],"wp:attachment":[{"href":"https:\/\/www.europesays.com\/de\/wp-json\/wp\/v2\/media?parent=1223771"}],"wp:term":[{"taxonomy":"category","embeddable":true,"href":"https:\/\/www.europesays.com\/de\/wp-json\/wp\/v2\/categories?post=1223771"},{"taxonomy":"post_tag","embeddable":true,"href":"https:\/\/www.europesays.com\/de\/wp-json\/wp\/v2\/tags?post=1223771"}],"curies":[{"name":"wp","href":"https:\/\/api.w.org\/{rel}","templated":true}]}}