{"id":1223785,"date":"2026-08-08T10:27:20","date_gmt":"2026-08-08T10:27:20","guid":{"rendered":"https:\/\/www.europesays.com\/de\/1223785\/"},"modified":"2026-08-08T10:27:20","modified_gmt":"2026-08-08T10:27:20","slug":"wintersport-skisprung-ass-agnes-reisch-gibt-koerperliches-update","status":"publish","type":"post","link":"https:\/\/www.europesays.com\/de\/1223785\/","title":{"rendered":"Wintersport: Skisprung-Ass Agnes Reisch gibt k\u00f6rperliches Update"},"content":{"rendered":"<p>Skisprung-Ass gibt Einblicke <\/p>\n<p>&#8222;Was die anderen leisten, kann ich nicht leisten mit meinem K\u00f6rper&#8220;<\/p>\n<p>08.08.2026 &#8211; 11:49 UhrLesedauer: 1 Min.<\/p>\n<p><a href=\"#focus-0\" class=\"transition-colors block text-current relative\" data-sctrack=\"FocusGalleryImage.Reference\"><img fetchpriority=\"high\" data-testid=\"Opener.Image\"   loading=\"eager\" src=\"https:\/\/www.europesays.com\/de\/wp-content\/uploads\/2026\/08\/agnes-reisch-die-deutsche-skispringerin-blieb-genau-wie-ihre-teamkolleginnen-am-samstag-ohne-medaill.jpeg\" alt=\"Agnes Reisch: Die deutsche Skispringerin blieb \u2013 genau wie ihre Teamkolleginnen \u2013 am Samstag ohne Medaille.\" title=\"Agnes Reisch: Die deutsche Skispringerin blieb \u2013 genau wie ihre Teamkolleginnen \u2013 am Samstag ohne Medaille.\" width=\"3291\" height=\"1851\" class=\"bg-[url:var(--lqipURL)] bg-cover bg-center flex h-full w-full max-w-full\" style=\"--lqipURL:url('https:\/\/images.t-online.de\/2026\/02\/R31P3fzNafTe\/18x123:3291x1851\/fit-in\/150x0\/filters:blur(25)\/agnes-reisch-die-deutsche-skispringerin-blieb-genau-wie-ihre-teamkolleginnen-am-samstag-ohne-medaille.jpg')\" decoding=\"async\"\/><img loading=\"lazy\" src=\"https:\/\/www.t-online.de\/s\/paper\/_next\/static\/media\/zoom-in.f7dae02f.svg\" alt=\"Vergr\u00f6\u00dfern des Bildes\" title=\"Vergr\u00f6\u00dfern des Bildes\" class=\"block h-[calc(var(--height)_\/_16_*_1rem)] w-[calc(var(--width)_\/_16_*_1rem)] max-w-none absolute right-8 bottom-8 rounded-4 bg-snow p-8\" style=\"--width:32;--height:32\" decoding=\"async\"\/><\/a><\/p>\n<p>Agnes Reisch: Die deutsche Skispringerin blieb bei Olympia 2026 ohne Medaille. (Quelle: IMAGO\/GEPA pictures\/ Oliver Lerch)<\/p>\n<p class=\"font-bold text-18 leading-17 user-text-lg:text-22 user-text-xl:text-24\">Agnes Reisch gibt in einem Interview tiefe Einblicke, wie es k\u00f6rperlich um sie steht. Zudem gibt sie eine Einsch\u00e4tzung \u00fcber ihre sportliche Zukunft ab.<\/p>\n<p class=\"text-18 leading-17 user-text-lg:text-22 user-text-xl:text-24\">Ihr gr\u00f6\u00dfter z\u00e4hlbarer Erfolg war bisher WM-Bronze in Trondheim 2025. Allerdings war Agnes Reisch auch bei <a href=\"https:\/\/www.t-online.de\/sport\/olympia\/\" class=\"transition-colors cursor-pointer no-underline md:hover:text-magenta md:focus:text-magenta border-b border-solid border-current text-salemsfur md:hover:border-magenta\" data-tracking=\"{&quot;action&quot;:&quot;click&quot;,&quot;category&quot;:&quot;intextLink&quot;,&quot;label&quot;:&quot;\/sport\/olympia\/&quot;}\" data-sctrack=\"BodyAnchor\" rel=\"nofollow noopener\" target=\"_blank\">Olympia<\/a> in Mailand und Cortina zu Beginn dieses Jahres dabei \u2013 ein weiteres Highlight ihrer Karriere. Danach hatte sie jedoch mit k\u00f6rperlichen Problemen und Schmerzen zu k\u00e4mpfen.<\/p>\n<p class=\"text-18 leading-17 user-text-lg:text-22 user-text-xl:text-24\">Wegen anhaltender R\u00fcckenprobleme konnte die Skispringerin erst versp\u00e4tet mit dem Sommertraining starten. In einem Interview mit BR24 sprach sie nun \u00fcber ihre Gef\u00fchlswelt. &#8222;Ich hatte im Winter noch R\u00fcckenprobleme und die haben sich bis jetzt durch den Sommer gezogen&#8220;, sagte Reisch. &#8222;Jetzt geht es langsam wieder aufw\u00e4rts. Ich habe meine eigenen Trainer, mein eigenes Team um mich.&#8220;<\/p>\n<p class=\"text-18 leading-17 user-text-lg:text-22 user-text-xl:text-24\">Wegen ihrer Verletzungshistorie verzichtet sie momentan allerdings auf das Teamtraining, wie sie erkl\u00e4rte: &#8222;Ich muss nat\u00fcrlich individuell trainieren mit meinem R\u00fccken und irgendwie schauen, dass es besser wird. Da kann ich nicht wie die anderen im Team mittrainieren.&#8220;<\/p>\n<p class=\"text-18 leading-17 user-text-lg:text-22 user-text-xl:text-24\">&#8222;Die letzten Jahre war ich immer viel verletzt. Ich bin da so ein bisschen meinen eigenen Weg gegangen&#8220;, so Agnes Reisch. &#8222;Das, was die anderen leisten, kann ich gar nicht mehr leisten mit meinem K\u00f6rper.&#8220;<\/p>\n","protected":false},"excerpt":{"rendered":"Skisprung-Ass gibt Einblicke &#8222;Was die anderen leisten, kann ich nicht leisten mit meinem K\u00f6rper&#8220; 08.08.2026 &#8211; 11:49 UhrLesedauer:&hellip;\n","protected":false},"author":2,"featured_media":1223786,"comment_status":"","ping_status":"","sticky":false,"template":"","format":"standard","meta":{"footnotes":"","_share_on_mastodon":"0"},"categories":[136],"tags":[254286,29,30,12305,656,50901,265,26544],"class_list":["post-1223785","post","type-post","status-publish","format-standard","has-post-thumbnail","category-sport","tag-agnes-reisch","tag-deutschland","tag-germany","tag-mailand","tag-olympia","tag-olympia-2026","tag-sport","tag-trondheim"],"share_on_mastodon":{"url":"","error":""},"_links":{"self":[{"href":"https:\/\/www.europesays.com\/de\/wp-json\/wp\/v2\/posts\/1223785","targetHints":{"allow":["GET"]}}],"collection":[{"href":"https:\/\/www.europesays.com\/de\/wp-json\/wp\/v2\/posts"}],"about":[{"href":"https:\/\/www.europesays.com\/de\/wp-json\/wp\/v2\/types\/post"}],"author":[{"embeddable":true,"href":"https:\/\/www.europesays.com\/de\/wp-json\/wp\/v2\/users\/2"}],"replies":[{"embeddable":true,"href":"https:\/\/www.europesays.com\/de\/wp-json\/wp\/v2\/comments?post=1223785"}],"version-history":[{"count":0,"href":"https:\/\/www.europesays.com\/de\/wp-json\/wp\/v2\/posts\/1223785\/revisions"}],"wp:featuredmedia":[{"embeddable":true,"href":"https:\/\/www.europesays.com\/de\/wp-json\/wp\/v2\/media\/1223786"}],"wp:attachment":[{"href":"https:\/\/www.europesays.com\/de\/wp-json\/wp\/v2\/media?parent=1223785"}],"wp:term":[{"taxonomy":"category","embeddable":true,"href":"https:\/\/www.europesays.com\/de\/wp-json\/wp\/v2\/categories?post=1223785"},{"taxonomy":"post_tag","embeddable":true,"href":"https:\/\/www.europesays.com\/de\/wp-json\/wp\/v2\/tags?post=1223785"}],"curies":[{"name":"wp","href":"https:\/\/api.w.org\/{rel}","templated":true}]}}