{"id":1223787,"date":"2026-08-08T10:28:22","date_gmt":"2026-08-08T10:28:22","guid":{"rendered":"https:\/\/www.europesays.com\/de\/1223787\/"},"modified":"2026-08-08T10:28:22","modified_gmt":"2026-08-08T10:28:22","slug":"amira-aly-gibt-einblick-in-schwangerschaft-ex-oliver-pocher-uebt-kritik","status":"publish","type":"post","link":"https:\/\/www.europesays.com\/de\/1223787\/","title":{"rendered":"Amira Aly gibt Einblick in Schwangerschaft \u2013 Ex Oliver Pocher \u00fcbt Kritik"},"content":{"rendered":"<p>Gro\u00dfe Oberweite und Kritik vom Ex <\/p>\n<p>Amira Aly spricht \u00fcber Schwangerschaftsprobleme<\/p>\n<p>08.08.2026 &#8211; 11:38 UhrLesedauer: 2 Min.<\/p>\n<p><a href=\"#focus-0\" class=\"transition-colors block text-current relative\" data-sctrack=\"FocusGalleryImage.Reference\"><img fetchpriority=\"high\" data-testid=\"Opener.Image\"   loading=\"eager\" src=\"https:\/\/www.europesays.com\/de\/wp-content\/uploads\/2026\/08\/make-me-feel-filmpremiere-im-zoo-palast-berlin-29-102025-amira-aly-filmpremiere-make-me-feel-im-zoo-.jpeg\" alt=\"imago images 0839046249\" title=\"imago images 0839046249\" width=\"4477\" height=\"2518\" class=\"bg-[url:var(--lqipURL)] bg-cover bg-center flex h-full w-full max-w-full\" style=\"--lqipURL:url('https:\/\/images.t-online.de\/2026\/08\/hemfcqumYOOj\/1523x500:4477x2518\/fit-in\/150x0\/filters:blur(25)\/make-me-feel-filmpremiere-im-zoo-palast-berlin-29-102025-amira-aly-filmpremiere-make-me-feel-im-zoo-palast-berlin-29-102025-berlin-zoo-palast-make-me-feel-film-premiere-at-the-zoo-palast-berlin-29-10-2025-amira-aly-film-premiere-make-me-feel-at-the-zoo-palast-berlin-29-10-2025-berlin-zoo-palast-copyright-xrenzxduxvinagex.jpg')\" decoding=\"async\"\/><img loading=\"lazy\" src=\"https:\/\/www.t-online.de\/s\/paper\/_next\/static\/media\/zoom-in.f7dae02f.svg\" alt=\"Vergr\u00f6\u00dfern des Bildes\" title=\"Vergr\u00f6\u00dfern des Bildes\" class=\"block h-[calc(var(--height)_\/_16_*_1rem)] w-[calc(var(--width)_\/_16_*_1rem)] max-w-none absolute right-8 bottom-8 rounded-4 bg-snow p-8\" style=\"--width:32;--height:32\" decoding=\"async\"\/><\/a><\/p>\n<p>Amira Aly: Die Moderatorin bekommt ihr drittes Kind mit ihrem Partner Christian D\u00fcren. (Quelle: IMAGO\/Ren\u017d du Vinage\/imago)<\/p>\n<p><img loading=\"lazy\" src=\"https:\/\/www.t-online.de\/s\/paper\/_next\/static\/media\/audio-volume.6689034c.svg\" alt=\"\" title=\"\" class=\"block h-[calc(var(--height)_\/_16_*_1rem)] w-[calc(var(--width)_\/_16_*_1rem)] max-w-none group-hover:brightness-0 group-hover:invert\" style=\"--width:16;--height:16\" decoding=\"async\"\/>Vorlesen<\/p>\n<p>Aktuelle Zeit:0:00Gesamtdauer:0:00<\/p>\n<p>1x<\/p>\n<p class=\"text-center\">Jetzt neu bei t-online:<\/p>\n<p class=\"text-center\">Schriftgr\u00f6\u00dfe anpassen!<\/p>\n<p><img loading=\"lazy\" src=\"https:\/\/www.t-online.de\/s\/paper\/_next\/static\/media\/font-sizes.32942e33.svg\" alt=\"\" title=\"\" class=\"block h-[calc(var(--height)_\/_16_*_1rem)] w-[calc(var(--width)_\/_16_*_1rem)] max-w-none group-hover:hidden group-aria-expanded:hidden\" style=\"--width:16;--height:16\" decoding=\"async\"\/><img loading=\"lazy\" src=\"https:\/\/www.t-online.de\/s\/paper\/_next\/static\/media\/font-sizes-dark-mode.e382645c.svg\" alt=\"\" title=\"\" class=\"block h-[calc(var(--height)_\/_16_*_1rem)] w-[calc(var(--width)_\/_16_*_1rem)] max-w-none hidden group-hover:block group-aria-expanded:block\" style=\"--width:16;--height:16\" decoding=\"async\"\/><img loading=\"lazy\" src=\"https:\/\/www.t-online.de\/s\/paper\/_next\/static\/media\/sharing-menu-icon.1eb71368.svg\" alt=\"\" title=\"\" class=\"block h-[calc(var(--height)_\/_16_*_1rem)] w-[calc(var(--width)_\/_16_*_1rem)] max-w-none group-hover:brightness-0 group-hover:invert\" style=\"--width:16;--height:16\" decoding=\"async\"\/>Artikel teilen<\/p>\n<p class=\"font-bold text-18 leading-17 user-text-lg:text-22 user-text-xl:text-24\">Oliver Pocher und Amira Aly haben offiziell ein Wechselmodell f\u00fcr ihre gemeinsamen Kinder vereinbart. Hat die Schwangerschaft der Moderatorin darauf Auswirkungen?<\/p>\n<p class=\"text-18 leading-17 user-text-lg:text-22 user-text-xl:text-24\">W\u00e4hrend bei <a href=\"https:\/\/www.t-online.de\/themen\/amira-aly\/\" class=\"transition-colors cursor-pointer no-underline md:hover:text-magenta md:focus:text-magenta border-b border-solid border-current text-salemsfur md:hover:border-magenta\" data-tracking=\"{&quot;action&quot;:&quot;click&quot;,&quot;category&quot;:&quot;intextLink&quot;,&quot;label&quot;:&quot;\/themen\/amira-aly\/&quot;}\" data-sctrack=\"BodyAnchor\" rel=\"nofollow noopener\" target=\"_blank\">Amira Aly<\/a> die Geburt ihres dritten Kindes n\u00e4herr\u00fcckt, meldet sich ihr Ex-Mann <a href=\"https:\/\/www.t-online.de\/themen\/oliver-pocher\/\" class=\"transition-colors cursor-pointer no-underline md:hover:text-magenta md:focus:text-magenta border-b border-solid border-current text-salemsfur md:hover:border-magenta\" data-tracking=\"{&quot;action&quot;:&quot;click&quot;,&quot;category&quot;:&quot;intextLink&quot;,&quot;label&quot;:&quot;\/themen\/oliver-pocher\/&quot;}\" data-sctrack=\"BodyAnchor\" rel=\"nofollow noopener\" target=\"_blank\">Oliver Pocher<\/a> mit kritischen Anmerkungen zu Wort. Das einstige Paar habe nach der Trennung vereinbart, die zwei gemeinsamen S\u00f6hne im Wechsel zu betreuen, berichtet dieser jetzt in einem Podcast. Demnach handle es sich bei der Absprache um ein 50:50-Wechselmodell, welches laut Pocher zu seinen Lasten ausfalle.<\/p>\n<p class=\"text-18 leading-17 user-text-lg:text-22 user-text-xl:text-24\">&#8222;Die Regelung ist, dass immer, wenn es Amira passt und sie die Kinder nicht braucht, nehme ich sie.&#8220; Seine S\u00f6hne h\u00e4tten zuletzt viel Zeit mit ihm verbracht. Da Amira Aly wegen ihrer <a href=\"https:\/\/www.t-online.de\/gesundheit\/schwangerschaft\/id_20672212\/schwangerschaftsanzeichen-diese-fruehen-symptome-deuten-auf-ein-baby-hin.html\" class=\"transition-colors cursor-pointer no-underline md:hover:text-magenta md:focus:text-magenta border-b border-solid border-current text-salemsfur md:hover:border-magenta\" data-tracking=\"{&quot;action&quot;:&quot;click&quot;,&quot;category&quot;:&quot;intextLink&quot;,&quot;label&quot;:&quot;\/gesundheit\/schwangerschaft\/id_20672212\/schwangerschaftsanzeichen-diese-fruehen-symptome-deuten-auf-ein-baby-hin.html&quot;}\" data-sctrack=\"BodyAnchor\" rel=\"nofollow noopener\" target=\"_blank\">Schwangerschaft<\/a> weniger gereist sei, habe er die Zeit genutzt, um mit den Kindern zu reisen. &#8222;Die waren jetzt mit mir in <a href=\"https:\/\/www.t-online.de\/themen\/mexiko\/\" class=\"transition-colors cursor-pointer no-underline md:hover:text-magenta md:focus:text-magenta border-b border-solid border-current text-salemsfur md:hover:border-magenta\" data-tracking=\"{&quot;action&quot;:&quot;click&quot;,&quot;category&quot;:&quot;intextLink&quot;,&quot;label&quot;:&quot;\/themen\/mexiko\/&quot;}\" data-sctrack=\"BodyAnchor\" rel=\"nofollow noopener\" target=\"_blank\">Mexiko<\/a> und <a href=\"https:\/\/www.t-online.de\/themen\/australien\/\" class=\"transition-colors cursor-pointer no-underline md:hover:text-magenta md:focus:text-magenta border-b border-solid border-current text-salemsfur md:hover:border-magenta\" data-tracking=\"{&quot;action&quot;:&quot;click&quot;,&quot;category&quot;:&quot;intextLink&quot;,&quot;label&quot;:&quot;\/themen\/australien\/&quot;}\" data-sctrack=\"BodyAnchor\" rel=\"nofollow noopener\" target=\"_blank\">Australien<\/a> und Japan und jetzt sind wir auf Mallorca&#8220;, sagt er. Demn\u00e4chst stehe noch ein weiterer Trip an: &#8222;Dann fliegen wir auch nochmal in die <a href=\"https:\/\/www.t-online.de\/themen\/usa\/\" class=\"transition-colors cursor-pointer no-underline md:hover:text-magenta md:focus:text-magenta border-b border-solid border-current text-salemsfur md:hover:border-magenta\" data-tracking=\"{&quot;action&quot;:&quot;click&quot;,&quot;category&quot;:&quot;intextLink&quot;,&quot;label&quot;:&quot;\/themen\/usa\/&quot;}\" data-sctrack=\"BodyAnchor\" rel=\"nofollow noopener\" target=\"_blank\">USA<\/a>, wo alle Kinder dann sind.&#8220;<\/p>\n<p><a href=\"#focus-1\" class=\"transition-colors block text-current relative\" data-sctrack=\"FocusGalleryImage.Reference\"><img   loading=\"lazy\" src=\"https:\/\/www.europesays.com\/de\/wp-content\/uploads\/2026\/01\/amira-aly-und-christian-dueren-l-und-der-koelner-comedian-oiiver-pocher-r-montage-ein-streit-der-mae.jpeg\" alt=\"Amira Aly und Christian D\u00fcren (l.) und der K\u00f6lner Comedian OIiver Pocher (r.) (Montage): Ein Streit der M\u00e4nner wird in K\u00f6ln vor Gericht verhandelt.\" title=\"Amira Aly und Christian D\u00fcren (l.) und der K\u00f6lner Comedian OIiver Pocher (r.) (Montage): Ein Streit der M\u00e4nner wird in K\u00f6ln vor Gericht verhandelt.\" width=\"2419\" height=\"1361\" class=\"h-full w-full max-w-full rounded-8\" decoding=\"async\"\/><img loading=\"lazy\" src=\"https:\/\/www.t-online.de\/s\/paper\/_next\/static\/media\/zoom-in.f7dae02f.svg\" alt=\"Vergr\u00f6\u00dfern des Bildes\" title=\"Vergr\u00f6\u00dfern des Bildes\" class=\"block h-[calc(var(--height)_\/_16_*_1rem)] w-[calc(var(--width)_\/_16_*_1rem)] max-w-none absolute right-8 bottom-8 rounded-4 bg-snow p-8\" style=\"--width:32;--height:32\" decoding=\"async\"\/>Amira Aly und Christian D\u00fcren (l.) und der K\u00f6lner Comedian OIiver Pocher (r.) (Quelle: Imago-Montage\/t-online)<\/a><\/p>\n<p class=\"text-18 leading-17 user-text-lg:text-22 user-text-xl:text-24\">F\u00fcr ihn sei solch ein Urlaub nicht erholsam, sondern sehr anstrengend. Pocher beschreibt in dem Podcast-Gespr\u00e4ch mit seinem Kollegen <a href=\"https:\/\/www.t-online.de\/themen\/pietro-lombardi\/\" class=\"transition-colors cursor-pointer no-underline md:hover:text-magenta md:focus:text-magenta border-b border-solid border-current text-salemsfur md:hover:border-magenta\" data-tracking=\"{&quot;action&quot;:&quot;click&quot;,&quot;category&quot;:&quot;intextLink&quot;,&quot;label&quot;:&quot;\/themen\/pietro-lombardi\/&quot;}\" data-sctrack=\"BodyAnchor\" rel=\"nofollow noopener\" target=\"_blank\">Pietro Lombardi<\/a>, wie st\u00e4ndig jemand nach ihm rufe oder Hilfe brauche: &#8222;Du kommst nicht dazu.&#8220;<\/p>\n<p><img loading=\"lazy\" src=\"https:\/\/www.t-online.de\/s\/paper\/_next\/static\/media\/video-carousel-play.6f25714b.svg\" alt=\"\" title=\"\" class=\"block h-[calc(var(--height)_\/_16_*_1rem)] w-[calc(var(--width)_\/_16_*_1rem)] max-w-none undefined\" style=\"--height:12\" decoding=\"async\"\/><\/p>\n<p>Amira Aly beklagt sich \u00fcber gro\u00dfe Oberweite<\/p>\n<p class=\"text-18 leading-17 user-text-lg:text-22 user-text-xl:text-24\">W\u00e4hrenddessen plagen Amira Aly ganz andere Probleme. Die Schwangerschaft mit ihrem dritten Kind, das sie gemeinsam mit ihrem neuen Partner Christian D\u00fcren bekommt, geht voran. Auf Instagram berichtet die 33-J\u00e4hrige \u00fcber ihren sich ver\u00e4ndernden K\u00f6rper.<\/p>\n<p class=\"text-18 leading-17 user-text-lg:text-22 user-text-xl:text-24\">&#8222;Ich wachse, oh mein Gott, es wird anstrengend.&#8220; Neben ihrem Bauch betreffe das besonders ihre Busen. &#8222;Es nervt mich. Ich mag keine gro\u00dfe Oberweite bei mir. Ich finde es sch\u00f6n bei anderen Frauen, aber ich mag es einfach bei mir nicht, ich finde das tr\u00e4gt direkt auf&#8220;, beklagt sie. Bislang habe sie in der Schwangerschaft &#8222;erst sechs oder sieben&#8220; Kilo zugenommen, so Amira Aly.<\/p>\n","protected":false},"excerpt":{"rendered":"Gro\u00dfe Oberweite und Kritik vom Ex Amira Aly spricht \u00fcber Schwangerschaftsprobleme 08.08.2026 &#8211; 11:38 UhrLesedauer: 2 Min. Amira&hellip;\n","protected":false},"author":2,"featured_media":1223788,"comment_status":"","ping_status":"","sticky":false,"template":"","format":"standard","meta":{"footnotes":"","_share_on_mastodon":"0"},"categories":[155],"tags":[722,17161,52807,29,9056,214,30,1460,254289,34379,834,254287,215,254288],"class_list":["post-1223787","post","type-post","status-publish","format-standard","has-post-thumbnail","category-unterhaltung","tag-722","tag-17161","tag-amira-aly","tag-deutschland","tag-dueren","tag-entertainment","tag-germany","tag-kind","tag-oberweite","tag-oliver-pocher","tag-schwangerschaft","tag-schwangerschaftsproblem","tag-unterhaltung","tag-wechselmodell"],"share_on_mastodon":{"url":"https:\/\/pubeurope.com\/@de\/117059423685818910","error":""},"_links":{"self":[{"href":"https:\/\/www.europesays.com\/de\/wp-json\/wp\/v2\/posts\/1223787","targetHints":{"allow":["GET"]}}],"collection":[{"href":"https:\/\/www.europesays.com\/de\/wp-json\/wp\/v2\/posts"}],"about":[{"href":"https:\/\/www.europesays.com\/de\/wp-json\/wp\/v2\/types\/post"}],"author":[{"embeddable":true,"href":"https:\/\/www.europesays.com\/de\/wp-json\/wp\/v2\/users\/2"}],"replies":[{"embeddable":true,"href":"https:\/\/www.europesays.com\/de\/wp-json\/wp\/v2\/comments?post=1223787"}],"version-history":[{"count":0,"href":"https:\/\/www.europesays.com\/de\/wp-json\/wp\/v2\/posts\/1223787\/revisions"}],"wp:featuredmedia":[{"embeddable":true,"href":"https:\/\/www.europesays.com\/de\/wp-json\/wp\/v2\/media\/1223788"}],"wp:attachment":[{"href":"https:\/\/www.europesays.com\/de\/wp-json\/wp\/v2\/media?parent=1223787"}],"wp:term":[{"taxonomy":"category","embeddable":true,"href":"https:\/\/www.europesays.com\/de\/wp-json\/wp\/v2\/categories?post=1223787"},{"taxonomy":"post_tag","embeddable":true,"href":"https:\/\/www.europesays.com\/de\/wp-json\/wp\/v2\/tags?post=1223787"}],"curies":[{"name":"wp","href":"https:\/\/api.w.org\/{rel}","templated":true}]}}