{"id":1223793,"date":"2026-08-08T10:31:22","date_gmt":"2026-08-08T10:31:22","guid":{"rendered":"https:\/\/www.europesays.com\/de\/1223793\/"},"modified":"2026-08-08T10:31:22","modified_gmt":"2026-08-08T10:31:22","slug":"jetzt-koennen-wir-nur-auf-marco-rubio-hoffen-das-szenario-das-taiwan-nervoes-macht-welt","status":"publish","type":"post","link":"https:\/\/www.europesays.com\/de\/1223793\/","title":{"rendered":"\u201eJetzt k\u00f6nnen wir nur auf Marco Rubio hoffen\u201c \u2013 Das Szenario, das Taiwan nerv\u00f6s macht &#8211; WELT"},"content":{"rendered":"<ol>\n<li><a href=\"https:\/\/news.google.com\/rss\/articles\/CBMikAJBVV95cUxQOGpHWFhWQ2VsNDdMRW0yS2tSc1ppYnd3dW83emJwY0FaM3hTSGlNZXJqZmNmUjJLMW1iR3dSc1FCY2tST2l5Smg1N041eUNRaXlMSU1CR05ab2tNbjhjU3UzZjcyMld4X0Q2bEVXVGJPTzhOUHpyRXVWRVdxVmFsVHdyUEVzSWZUNlg0THROSVE2OC1UYXJxWFdXQUFZM0lkMVBnWC1aWWlVQVQzc1pvVkFfSTZvY1RobDY0WDZURTNIWXYzb0FKMXBDNERJU0tFSUtuWFdBUVlnZ3lJek51MEJrcWRWcllPODFSa2JvMTZzX2lwWEIxMXhFWDlaS3BkZzBQQ1VIUWxKN3daZm9ZYg?oc=5\" target=\"_blank\" rel=\"nofollow noopener\">\u201eJetzt k\u00f6nnen wir nur auf Marco Rubio hoffen\u201c \u2013 Das Szenario, das Taiwan nerv\u00f6s macht<\/a>&nbsp;&nbsp;WELT<\/li>\n<li><a href=\"https:\/\/news.google.com\/rss\/articles\/CBMikwFBVV95cUxOc1RVdndobUxDd3h2RGJHbkdHTlVzeS1NMV9vNDdLdFdRQkduVFRQYkswd2w4emRuY2gxalRpakF5R1h2dmlXU01xWGpINDl5V0JocEJINlVMaVZ4WTdWc21yR3FjMW45TEtyM3pWMTNUb1NiZXc3c0l0bUJZZjFvYndzWW91YUQ3d0NUNm5aRUZuN3M?oc=5\" target=\"_blank\" rel=\"nofollow noopener\">Man\u00f6ver in Taiwan: Taiwans Pr\u00e4sident Lai \u00fcberwacht Gro\u00dfman\u00f6ver des Milit\u00e4rs<\/a>&nbsp;&nbsp;DIE ZEIT<\/li>\n<li><a href=\"https:\/\/news.google.com\/rss\/articles\/CBMiiAFBVV95cUxOU3N3Zk00Y0lEejBic0ZYUkNkUV9Ibk9KdFRpcV9WaFRCTEkzYlRfQ0R3WnBSUXRWUkx5M1JkZlVmQXV5NnBWQjRiaC1VZGFtZXZJcW8tRF9XUG1mbmpQQ0Fqc1lXTXFQOHhYRFA0NnpZQmIzOEFWcnpnN1RjdGRYWTh0WWRWby10?oc=5\" target=\"_blank\" rel=\"nofollow noopener\">Ein-China-Politik: Taiwan probt Krieg<\/a>&nbsp;&nbsp;jungewelt.de<\/li>\n<li><a href=\"https:\/\/news.google.com\/rss\/articles\/CBMi3gFBVV95cUxPaHh0ZFl0MXhRRnhEZlU1WUFRNmNxQzQtWWVyQ0xYcEFJMlM1ZGxGUVFQM2F4dGdKRWtLbUw2aE1OMFRVR1lKQndXNDdfd2dDVjFqS1lnQTVIN3RZU3c2UVRVdS1Eem5nMUtUcXBmc01GRTU5aFE0OVh3Y0tJeEFkWTdiOVg0UktUci1wT091eTlvQVpwLXhQZTVIa3BtSHhOeHVsRHZ4ejBDd2xqRDZwYnhmZkhKZDhacHk3NDVYR2VzSE5VODNZdzgwTnhMXzA4OGQ0T2x2ZXpxVnAxVGc?oc=5\" target=\"_blank\" rel=\"nofollow noopener\">Das Schwein zeigt seine Stachel: So \u00fcbt Taiwan eine Invasion durch China<\/a>&nbsp;&nbsp;T-Online<\/li>\n<li><a href=\"https:\/\/news.google.com\/rss\/articles\/CBMirAFBVV95cUxQb0FQZ2k5LUVlQTF5aUNwbnN2UWc3aV9GSWNLLXZpN1VyQzdLcTV6cFdOQk11WDJGR2w5Y1NhOTlSRXJzZjJpVzdOOXh5STVnUWZjN3pVSzdFVGlSeWQ0Ymx3SERDYWhHYUI2bVNSdENPcGxJSll6WTgxWGRITDY4NGFTNHNlMGkxazdrNHVPdlV2d1FpVEYtRlIwQlNxWW16U2V2djg2Zm11OERw?oc=5\" target=\"_blank\" rel=\"nofollow noopener\">Taiwanesischer Pr\u00e4sident Lai bei Gro\u00dfman\u00f6ver an K\u00fcste<\/a>&nbsp;&nbsp;Der Standard<\/li>\n<\/ol>\n","protected":false},"excerpt":{"rendered":"\u201eJetzt k\u00f6nnen wir nur auf Marco Rubio hoffen\u201c \u2013 Das Szenario, das Taiwan nerv\u00f6s macht&nbsp;&nbsp;WELT Man\u00f6ver in Taiwan:&hellip;\n","protected":false},"author":2,"featured_media":1223794,"comment_status":"","ping_status":"","sticky":false,"template":"","format":"standard","meta":{"footnotes":"","_share_on_mastodon":"0"},"categories":[3],"tags":[21990,54962,254297,13,14,15,12,650,45,10,8,9,11,14981,4136,103,104,10257],"class_list":["post-1223793","post","type-post","status-publish","format-standard","has-post-thumbnail","category-welt","tag-china-volksrepublik","tag-china-politik","tag-halbleiterindustrie-ks","tag-headlines","tag-nachrichten","tag-news","tag-schlagzeilen","tag-taiwan","tag-texttospeech","tag-top-news","tag-top-meldungen","tag-topmeldungen","tag-topnews","tag-wams-online","tag-wams-auswahl","tag-welt","tag-world","tag-xi-jinping"],"share_on_mastodon":{"url":"https:\/\/pubeurope.com\/@de\/117059432474405444","error":""},"_links":{"self":[{"href":"https:\/\/www.europesays.com\/de\/wp-json\/wp\/v2\/posts\/1223793","targetHints":{"allow":["GET"]}}],"collection":[{"href":"https:\/\/www.europesays.com\/de\/wp-json\/wp\/v2\/posts"}],"about":[{"href":"https:\/\/www.europesays.com\/de\/wp-json\/wp\/v2\/types\/post"}],"author":[{"embeddable":true,"href":"https:\/\/www.europesays.com\/de\/wp-json\/wp\/v2\/users\/2"}],"replies":[{"embeddable":true,"href":"https:\/\/www.europesays.com\/de\/wp-json\/wp\/v2\/comments?post=1223793"}],"version-history":[{"count":0,"href":"https:\/\/www.europesays.com\/de\/wp-json\/wp\/v2\/posts\/1223793\/revisions"}],"wp:featuredmedia":[{"embeddable":true,"href":"https:\/\/www.europesays.com\/de\/wp-json\/wp\/v2\/media\/1223794"}],"wp:attachment":[{"href":"https:\/\/www.europesays.com\/de\/wp-json\/wp\/v2\/media?parent=1223793"}],"wp:term":[{"taxonomy":"category","embeddable":true,"href":"https:\/\/www.europesays.com\/de\/wp-json\/wp\/v2\/categories?post=1223793"},{"taxonomy":"post_tag","embeddable":true,"href":"https:\/\/www.europesays.com\/de\/wp-json\/wp\/v2\/tags?post=1223793"}],"curies":[{"name":"wp","href":"https:\/\/api.w.org\/{rel}","templated":true}]}}