{"id":1223843,"date":"2026-08-08T11:03:20","date_gmt":"2026-08-08T11:03:20","guid":{"rendered":"https:\/\/www.europesays.com\/de\/1223843\/"},"modified":"2026-08-08T11:03:20","modified_gmt":"2026-08-08T11:03:20","slug":"moegliche-russische-einflussnahme-franzoesische-politiker-warnen-vor-desinformationskampagne-im-wahlkampf","status":"publish","type":"post","link":"https:\/\/www.europesays.com\/de\/1223843\/","title":{"rendered":"M\u00f6gliche russische Einflussnahme: Franz\u00f6sische Politiker warnen vor Desinformationskampagne im Wahlkampf"},"content":{"rendered":"<p class=\"paragraph article__item\">Franz\u00f6sische Sicherheitsbeh\u00f6rden haben rund acht Monate vor der Pr\u00e4sidentschaftswahl eine mutma\u00dflich russische <a href=\"https:\/\/www.zeit.de\/politik\/deutschland\/2026-07\/desinformation-russland-medien-wahl-berlin\" target=\"_blank\" rel=\"nofollow noopener\">Desinformationskampagne<\/a> gegen mehrere Politiker festgestellt. Im Umlauf waren unter anderem gef\u00e4lschte Dokumente, manipulierte Videos und KI-generierte Tonaufnahmen mit vermeintlichen Aussagen m\u00f6glicher Pr\u00e4sidentschaftskandidaten. Die Beh\u00f6rden vermuteten eine m\u00f6gliche Einmischung <a class=\"rtr-entity\" href=\"https:\/\/www.zeit.de\/thema\/russland\" rel=\"nofollow noopener\" target=\"_blank\">Russlands<\/a> in den Wahlkampf, Frankreichs Justiz ermittelt.\n<\/p>\n<p class=\"paragraph article__item\">Von den Attacken betroffen sind insbesondere drei m\u00f6gliche Pr\u00e4sidentschaftskandidaten.\u00a0<a href=\"https:\/\/www.zeit.de\/thema\/edouard-philippe\" target=\"_blank\" rel=\"nofollow noopener\">\u00c9douard Philippe<\/a> und <a href=\"https:\/\/www.zeit.de\/thema\/gabriel-attal\" target=\"_blank\" rel=\"nofollow noopener\">Gabriel Attal<\/a> geh\u00f6ren dem Mitte-Rechts-Spektrum an; sie haben ihre Kandidatur f\u00fcr die Nachfolge von Amtsinhaber <a class=\"rtr-entity\" href=\"https:\/\/www.zeit.de\/thema\/emmanuel-macron\" rel=\"nofollow noopener\" target=\"_blank\">Emmanuel Macron<\/a> bereits angek\u00fcndigt. Zudem wird voraussichtlich auch Rapha\u00ebl Glucksmann kandidieren. Er ist ein linksgerichteter Europaabgeordneter und Kritiker der russischen Politik. Die Fake-Kampagnen zeigen Informationen aus Sicherheitskreisen zufolge vermeintliche Schw\u00e4chen der Kandidaten und zielen darauf ab, ihrem \u00f6ffentlichen Bild zu schaden.\n<\/p>\n<p>            Falschbehauptungen \u00fcber Gesundheitszustand und Bestechungsversuche            <\/p>\n<p class=\"paragraph article__item\">Unter den drei Politikern gilt Philippe als derjenige mit den besten Chancen gegen den rechtspopulistischen Rassemblement National (RN). In der <a class=\"rtr-entity\" href=\"https:\/\/www.zeit.de\/thema\/fake-news\" rel=\"nofollow noopener\" target=\"_blank\">Desinformationskampagne<\/a> wurden falsche Behauptungen \u00fcber seinen Gesundheitszustand verbreitet. So hie\u00df es etwa, er leide an <a href=\"https:\/\/www.zeit.de\/2026\/29\/demenz-gottesdienst-altenheim-kirche-oliver-besch\" target=\"_blank\" rel=\"nofollow noopener\">Demenz<\/a> oder erlebe einen erheblichen kognitiven Abbau.\n<\/p>\n<p class=\"paragraph article__item\">Bei Glucksmann richtete sich die Kampagne auch gegen seine Lebensgef\u00e4hrtin, die Journalistin L\u00e9a Salam\u00e9. In den Falschbehauptungen hie\u00df es, Salam\u00e9 habe Medien bestochen, um die Kandidatur ihres Partners zu unterst\u00fctzen.\n<\/p>\n<p>                            \u00a9\u00a0Lea Dohle<\/p>\n<p>\n                                        Newsletter<br \/>\n                                        Was jetzt? \u2013 Der t\u00e4gliche Morgen\u00fcberblick<\/p>\n<p class=\"newsletter-signup__text\">Starten Sie mit unserem kurzen Nachrichten-Newsletter in den Tag. Erhalten Sie zudem freitags das digitale Magazin ZEIT am Wochenende.<\/p>\n<p class=\"newsletter-signup__datapolicy\" hidden=\"\">\n            Mit Ihrer Registrierung nehmen Sie die <a href=\"https:\/\/datenschutz.zeit.de\/zon#Newsletter\" target=\"_blank\" rel=\"nofollow noopener\">Datenschutzerkl\u00e4rung<\/a> zur Kenntnis.\n        <\/p>\n<p>    Vielen Dank! Wir haben Ihnen eine E-Mail geschickt.<\/p>\n<p>Pr\u00fcfen Sie Ihr Postfach und best\u00e4tigen Sie das Newsletter-Abonnement.<\/p>\n<p class=\"paragraph article__item\">Eine gegen Glucksmann gerichtete erfundene Geschichte erschien laut seinen Angaben auf einer Website, die das franz\u00f6sische Onlinemedium Blast imitierte. Sie enthielt gef\u00e4lschte Dokumente, KI-generierte Tonaufnahmen und ein vollst\u00e4ndig gef\u00e4lschtes Video. Die Pariser Staatsanwaltschaft ermittelt, ob Glucksmann Ziel einer Destabilisierungskampagne geworden ist.\n<\/p>\n<p class=\"paragraph article__item\">Attal ist in einem KI-generierten Video so dargestellt, als behaupte er, sein Vater sei an einer \u00dcberdosis Kokain gestorben und er selbst k\u00e4mpfe mit einer Drogenabh\u00e4ngigkeit. In anderen Videos hei\u00dft es, Attal leide an <a href=\"https:\/\/www.zeit.de\/arbeit\/2025-03\/parkinson-erkrankung-auswirkung-karriere-alltag-beruf\" target=\"_blank\" rel=\"nofollow noopener\">Parkinson<\/a>. Auch werden ihm Aussagen zugeschrieben, die nicht von ihm stammen \u2013 etwa, dass der Anteil schwuler M\u00e4nner unter Muslimen h\u00f6her sei. Die gegen Attal gerichtete Aktion wurde nach Angaben seines Umfelds nur wenige tausendmal aufgerufen und blieb damit zun\u00e4chst \u00bbkaum sichtbar\u00ab.\n<\/p>\n<p>                                    Regierung fordert st\u00e4rkere Regulierung von Plattformen            <\/p>\n<p class=\"paragraph article__item\">Attal, der auch Vorsitzender der von Macron gegr\u00fcndeten Partei Renaissance ist, warf Russland vor, den Franzosen diese Wahl \u00bbstehlen\u00ab zu wollen. \u00bbWenn wir nichts tun, um uns zu sch\u00fctzen, k\u00f6nnte die Wahl verf\u00e4lscht werden\u00ab, sagte er.\n<\/p>\n<p class=\"paragraph article__item\">Auch Glucksmann warf Russland eine Destabilisierung des Wahlkampfs vor. \u00bbDie russischen Sicherheitsdienste haben ihre Operationen zur Destabilisierung des Wahlkampfs f\u00fcr 2027 begonnen\u00ab, schrieb er auf X. Er warnte davor, der <a class=\"rtr-entity\" href=\"https:\/\/www.zeit.de\/thema\/wahlkampf\" rel=\"nofollow noopener\" target=\"_blank\">Wahlkampf<\/a> werde \u00bbvon massiven Einmischungen gepr\u00e4gt sein\u00ab. Ihm zufolge ist das Ziel der russischen F\u00fchrung, Pers\u00f6nlichkeiten zu diskreditieren, die als feindlich angesehen werden. Glucksmann forderte die franz\u00f6sischen und europ\u00e4ischen Beh\u00f6rden auf, gegen die mutma\u00dflich beteiligten Netzwerke vorzugehen.\n<\/p>\n<p class=\"paragraph article__item\">Die franz\u00f6sische Regierung k\u00fcndigte Gegenma\u00dfnahmen an. Au\u00dfenminister Jean-No\u00ebl Barrot sagte, <a class=\"rtr-entity\" href=\"https:\/\/www.zeit.de\/thema\/frankreich\" rel=\"nofollow noopener\" target=\"_blank\">Frankreich<\/a> werde keinen Versuch ausl\u00e4ndischer Einmischung in seine demokratischen Debatten oder Wahlprozesse dulden. Als Teil der L\u00f6sung nannte er eine st\u00e4rkere <a href=\"https:\/\/www.zeit.de\/2026\/33\/ki-regulierung-sicherheit-openai-entwickler-europa\" target=\"_blank\" rel=\"nofollow noopener\">Regulierung gro\u00dfer Onlineplattformen<\/a>.\n<\/p>\n<p class=\"paragraph article__item\">Die Gr\u00fcnen-Chefin Marine Tondelier forderte f\u00fcr den Fall nachgewiesener Wahleinmischung ein vor\u00fcbergehendes Verbot von Onlinediensten wie X w\u00e4hrend des Wahlkampfs. X-Eigent\u00fcmer Elon Musk warf ihr daraufhin \u00bbVerrat an Frankreich\u00ab vor.\n<\/p>\n<p>                                    Russlands Destabilisierungsversuche sind nicht neu            <\/p>\n<p class=\"paragraph article__item\">Russland wird <a href=\"https:\/\/www.zeit.de\/politik\/deutschland\/2026-07\/desinformation-russland-medien-wahl\" target=\"_blank\" rel=\"nofollow noopener\">seit Jahren vorgeworfen<\/a>, sich in Wahlen westlicher Demokratien einzumischen. Ein Bericht des franz\u00f6sischen Parlaments aus dem Jahr 2023 verwies zudem auf enge Verbindungen zwischen dem Rassemblement National und der russischen Regierung.\n<\/p>\n<p class=\"paragraph article__item\">Die erste Runde der franz\u00f6sischen Pr\u00e4sidentschaftswahlen findet im April 2027 statt. Amtsinhaber Macron tritt nach zwei Amtszeiten nicht erneut an. Die besten Chancen auf einen Wahlsieg werden derzeit dem RN um die Rechtspopulistin Marine Le Pen zugeschrieben.\n<\/p>\n<p>Mehr zum Thema <\/p>\n<p>            Mehr zum Thema        <\/p>\n<p>                <a href=\"https:\/\/www.zeit.de\/politik\/deutschland\/2026-07\/desinformation-russland-medien-wahl\" data-ct-label=\"Landtagswahl Sachsen-Anhalt: L\u00fcgengr\u00fc\u00dfe aus Moskau\" data-uuid=\"8a8083ae-268f-4f41-af6b-efcabc23f55c\" rel=\"nofollow noopener\" target=\"_blank\"><\/p>\n<p>        Z+ (abopflichtiger Inhalt);<\/p>\n<p>    Landtagswahl Sachsen-Anhalt:<br \/>\n                        L\u00fcgengr\u00fc\u00dfe aus Moskau<\/p>\n<p>                <\/a><\/p>\n<p>                <a href=\"https:\/\/www.zeit.de\/politik\/ausland\/2026-08\/wladimir-putin-rede-hybrider-krieg-westen-leipzig-5vor8\" data-ct-label=\"Wladimir Putin: Putin will nicht nur z\u00fcndeln. Er sieht uns als Feind\" data-uuid=\"c806ea45-23e5-4351-8767-8d55ae68745f\" rel=\"nofollow noopener\" target=\"_blank\"><\/p>\n<p>        Z+ (abopflichtiger Inhalt);<\/p>\n<p>    Wladimir Putin:<br \/>\n                        Putin will nicht nur z\u00fcndeln. Er sieht uns als Feind<\/p>\n<p>                <\/a><\/p>\n<p>                <a href=\"https:\/\/www.zeit.de\/politik\/deutschland\/2026-07\/desinformation-russland-medien-wahl-berlin\" data-ct-label=\"Abgeordnetenhauswahl Berlin: Desinformationskampagne zu den Landtagswahlen weitet sich aus\" data-uuid=\"b6361c00-6d8f-4ca5-a7a0-fd9c95ca096f\" rel=\"nofollow noopener\" target=\"_blank\"><\/p>\n<p>        Z+ (abopflichtiger Inhalt);<\/p>\n<p>    Abgeordnetenhauswahl Berlin:<br \/>\n                        Desinformationskampagne zu den Landtagswahlen weitet sich aus<\/p>\n<p>                <\/a><\/p>\n","protected":false},"excerpt":{"rendered":"Franz\u00f6sische Sicherheitsbeh\u00f6rden haben rund acht Monate vor der Pr\u00e4sidentschaftswahl eine mutma\u00dflich russische Desinformationskampagne gegen mehrere Politiker festgestellt. Im&hellip;\n","protected":false},"author":2,"featured_media":1223844,"comment_status":"","ping_status":"","sticky":false,"template":"","format":"standard","meta":{"footnotes":"","_share_on_mastodon":"0"},"categories":[3974],"tags":[331,332,107304,1356,548,663,3934,3980,156,107306,13,201950,254306,308,14,15,319,16,25114,1323,307,12],"class_list":["post-1223843","post","type-post","status-publish","format-standard","has-post-thumbnail","category-frankreich","tag-aktuelle-nachrichten","tag-aktuelle-news","tag-edouard-philippe","tag-emmanuel-macron","tag-eu","tag-europa","tag-europe","tag-france","tag-frankreich","tag-gabriel-attal","tag-headlines","tag-lea-salame","tag-moegliche-russische-einflussnahme","tag-moskau","tag-nachrichten","tag-news","tag-paris","tag-politik","tag-raphael-glucksmann","tag-rassemblement-national","tag-russland","tag-schlagzeilen"],"share_on_mastodon":{"url":"","error":""},"_links":{"self":[{"href":"https:\/\/www.europesays.com\/de\/wp-json\/wp\/v2\/posts\/1223843","targetHints":{"allow":["GET"]}}],"collection":[{"href":"https:\/\/www.europesays.com\/de\/wp-json\/wp\/v2\/posts"}],"about":[{"href":"https:\/\/www.europesays.com\/de\/wp-json\/wp\/v2\/types\/post"}],"author":[{"embeddable":true,"href":"https:\/\/www.europesays.com\/de\/wp-json\/wp\/v2\/users\/2"}],"replies":[{"embeddable":true,"href":"https:\/\/www.europesays.com\/de\/wp-json\/wp\/v2\/comments?post=1223843"}],"version-history":[{"count":0,"href":"https:\/\/www.europesays.com\/de\/wp-json\/wp\/v2\/posts\/1223843\/revisions"}],"wp:featuredmedia":[{"embeddable":true,"href":"https:\/\/www.europesays.com\/de\/wp-json\/wp\/v2\/media\/1223844"}],"wp:attachment":[{"href":"https:\/\/www.europesays.com\/de\/wp-json\/wp\/v2\/media?parent=1223843"}],"wp:term":[{"taxonomy":"category","embeddable":true,"href":"https:\/\/www.europesays.com\/de\/wp-json\/wp\/v2\/categories?post=1223843"},{"taxonomy":"post_tag","embeddable":true,"href":"https:\/\/www.europesays.com\/de\/wp-json\/wp\/v2\/tags?post=1223843"}],"curies":[{"name":"wp","href":"https:\/\/api.w.org\/{rel}","templated":true}]}}