{"id":1223939,"date":"2026-08-08T12:03:21","date_gmt":"2026-08-08T12:03:21","guid":{"rendered":"https:\/\/www.europesays.com\/de\/1223939\/"},"modified":"2026-08-08T12:03:21","modified_gmt":"2026-08-08T12:03:21","slug":"steven-gaetjen-statt-mama-war-ploetzlich-stefan-raab-am-telefon-unterhaltung","status":"publish","type":"post","link":"https:\/\/www.europesays.com\/de\/1223939\/","title":{"rendered":"Steven G\u00e4tjen: Statt Mama war pl\u00f6tzlich Stefan Raab am Telefon | Unterhaltung"},"content":{"rendered":"<p><a class=\"skip-content skip-content--link\" href=\"#in-content-skip-link-target-v-0-0\">TTS-Player \u00fcberspringen\u21b5<\/a><a id=\"in-content-skip-link-target-v-0-0\" class=\"skip-content--target-link-hidden skip-content skip-content--target-link\" href=\"#in-content-skip-link-target-v-0-0\">Artikel weiterlesen<\/a><\/p>\n<p data-32581ace=\"0-2057\">Hamburg \u2013<b> Von 2006 bis 2015 war \u201eSchlag den Raab\u201c DER Samstagabend-Hit auf ProSieben. In 55 Ausgaben bewies Stefan Raab (59) vor Millionen Zuschauern sein Wissen, seine Athletik und sein Geschick. Moderator Steven G\u00e4tjen (53) f\u00fchrte vier Jahre durch die Show und wurde f\u00fcr viele Fans ein unverzichtbarer Teil des Formats.<\/b><\/p>\n<p data-32581ace=\"0-2057\">Inzwischen ist G\u00e4tjen auch YouTuber \u2013 und blickt in seinem <a href=\"https:\/\/youtu.be\/3NoiOMkEoGE?si=PI2uJ7ARc4-Y_3lp\" target=\"_blank\" rel=\"nofollow noopener\" class=\"text-link\">ersten Video<\/a> auf die turbulente Zeit vor seinem Raab-Deb\u00fct zur\u00fcck. Ein kurioses Telefonat im Mai 2011 ist ihm dabei besonders in Erinnerung geblieben.<\/p>\n<p><img decoding=\"async\" width=\"992\" height=\"1178\" alt=\"TV-Moderator, Podcast-Host und seit Neuestem auch YouTuber: Steven G\u00e4tjen ist ein echter Entertainment-Allrounder\" loading=\"lazy\" src=\"https:\/\/www.europesays.com\/de\/wp-content\/uploads\/2026\/08\/829f752e20988dfba14d658368e10c08,493337de.jpeg\"   class=\"portrait\"\/><\/p>\n<p class=\"fig__caption__text\">TV-Moderator, Podcast-Host und seit Neuestem auch YouTuber: Steven G\u00e4tjen ist ein echter Entertainment-Allrounder<\/p>\n<p>Foto: picture alliance\/Geisler-Fotopress<\/p>\n<p>\u201eMama? Nee, hier ist Stefan Raab!\u201c<\/p>\n<p data-32581ace=\"0-2057\">\u201eMein Telefon klingelte. Ein anonymer Anruf. Die einzige Person, die mich mit unterdr\u00fcckter Nummer anruft, ist meine Mutter. Und dann bin ich rangegangen und meinte so: \u201aHallo Mama, alles gut?\u2018\u201c, erinnert sich G\u00e4tjen. Doch Mama befand sich gar nicht am anderen Ende der Leitung: \u201eNee, hier ist <a href=\"https:\/\/www.bild.de\/themen\/personen\/stefan-raab\/moderator-entertainer-alleskoenner-15816586.bild.html\" class=\"text-link\" rel=\"nofollow noopener\" target=\"_blank\">Stefan Raab<\/a>.\u201c Der habe ihm dann gesagt: \u201eH\u00f6r zu, Steven. Ich finde, du bist ein cooler Typ. Ich habe eine Frage: Hast du Bock, \u201aSchlag den Raab\u2018 zu moderieren?\u201c<\/p>\n<p><img decoding=\"async\" width=\"992\" height=\"1178\" alt=\"Auch wenn Stefan bei \u201eSchlag den Raab\u201c\u00a0nie Geld gewinnen, sondern nur den Jackpot f\u00fcr die n\u00e4chste Show erh\u00f6hen konnte: Gnade lie\u00df der Entertainer in dem Wettkampf-Format nie walten. 38 Sendungen konnte er f\u00fcr sich entscheiden\" loading=\"lazy\" src=\"https:\/\/www.europesays.com\/de\/wp-content\/uploads\/2026\/08\/fd4b13dd7dae747eba15f8787bf31c78,711b6ddf.jpeg\"   class=\"portrait\"\/><\/p>\n<p class=\"fig__caption__text\">Auch wenn er bei \u201eSchlag den Raab\u201c\u00a0nie Geld gewinnen, sondern nur den Jackpot f\u00fcr die n\u00e4chste Show erh\u00f6hen konnte: Gnade lie\u00df der Entertainer in dem Wettkampf-Format nie walten. 38 Sendungen konnte er f\u00fcr sich entscheiden<\/p>\n<p>Foto: picture-alliance\/dpa<\/p>\n<p data-32581ace=\"0-2057\">G\u00e4tjen sagte begeistert zu. Noch am selben Tag ging die Pressemitteilung raus. Doch nicht nur das ging schnell: Auch die erste Sendung fand bereits zwei Wochen sp\u00e4ter statt. Raab habe vorher zu <a href=\"https:\/\/www.bild.de\/unterhaltung\/stars-und-leute\/steven-gaetjen-im-steckbrief-sein-internationaler-werdegang-671f75e86063df6906927b79\" class=\"text-link\" rel=\"nofollow noopener\" target=\"_blank\">G\u00e4tjen<\/a> gesagt: \u201eIch bin fest davon \u00fcberzeugt, dass du es super machen wirst. Aber du musst dich jetzt schon mal damit auseinandersetzen, dass du nur kritisiert wirst. Alle wollen Matthias wiederhaben. Aber ich glaube an dich.\u201c<\/p>\n<p>Mehr zum ThemaStevens schwere Premiere<\/p>\n<p data-32581ace=\"0-2057\">Und er sollte recht behalten. <a href=\"https:\/\/www.bild.de\/unterhaltung\/stars-und-leute\/matthias-opdenhoevel-im-steckbrief-wo-ist-er-als-naechstes-zu-sehen-642591b981a1e70a27ebfa99\" class=\"text-link\" rel=\"nofollow noopener\" target=\"_blank\">Matthias Opdenh\u00f6vel<\/a> moderierte \u201eSchlag den Raab\u201c\u00a0von 2006 bis 2011 und begeisterte dabei Kritiker sowie Zuschauer. In seiner Zeit als Moderator r\u00e4umte das Format zahlreiche Preise ab. Dementsprechend gro\u00df waren die Fu\u00dfstapfen, die er G\u00e4tjen hinterlie\u00df. Nach seinem Deb\u00fct hie\u00df es von Zuschauern und Kritikern, \u201eich sei zu steif, zu spie\u00dfig, zu gro\u00df, zu klein, zu doof, zu dick, zu blond\u201c, so G\u00e4tjen. <\/p>\n<p><img decoding=\"async\" width=\"992\" height=\"558\" alt=\"Matthias Opdenh\u00f6vel (l.) moderierte 28 Ausgaben und somit knapp mehr als die H\u00e4lfte aller \u201eSchlag den Raab\u201c-Shows. Die Dynamik von Stefan und ihm begeisterte \u00fcber Jahre ein Millionenpublikum\" loading=\"lazy\" src=\"https:\/\/www.europesays.com\/de\/wp-content\/uploads\/2026\/08\/bc6a044409ce2516404e2306962de657,9203e917.jpeg\"   class=\"landscape\"\/><\/p>\n<p class=\"fig__caption__text\">Matthias Opdenh\u00f6vel (l.) moderierte 28 Ausgaben und somit knapp mehr als die H\u00e4lfte aller \u201eSchlag den Raab\u201c-Shows. Die Dynamik von Stefan und ihm begeisterte \u00fcber Jahre ein Millionenpublikum<\/p>\n<p>Foto: picture-alliance\/dpa<\/p>\n<p data-32581ace=\"0-2057\">Doch Fans der Sendung schlossen ihn schnell ins Herz und er moderierte die Show am Ende erfolgreich bis zur letzten Ausgabe im Dezember 2015.<\/p>\n","protected":false},"excerpt":{"rendered":"TTS-Player \u00fcberspringen\u21b5Artikel weiterlesen Hamburg \u2013 Von 2006 bis 2015 war \u201eSchlag den Raab\u201c DER Samstagabend-Hit auf ProSieben. In&hellip;\n","protected":false},"author":2,"featured_media":1223940,"comment_status":"","ping_status":"","sticky":false,"template":"","format":"standard","meta":{"footnotes":"","_share_on_mastodon":"0"},"categories":[155],"tags":[29,214,192984,30,1307,41077,46632,138370,1504,215,1506],"class_list":["post-1223939","post","type-post","status-publish","format-standard","has-post-thumbnail","category-unterhaltung","tag-deutschland","tag-entertainment","tag-gaetjen-steven","tag-germany","tag-prosieben","tag-raab-stefan","tag-schlag-den-raab","tag-team-first","tag-twitch","tag-unterhaltung","tag-youtube"],"share_on_mastodon":{"url":"https:\/\/pubeurope.com\/@de\/117059796363889765","error":""},"_links":{"self":[{"href":"https:\/\/www.europesays.com\/de\/wp-json\/wp\/v2\/posts\/1223939","targetHints":{"allow":["GET"]}}],"collection":[{"href":"https:\/\/www.europesays.com\/de\/wp-json\/wp\/v2\/posts"}],"about":[{"href":"https:\/\/www.europesays.com\/de\/wp-json\/wp\/v2\/types\/post"}],"author":[{"embeddable":true,"href":"https:\/\/www.europesays.com\/de\/wp-json\/wp\/v2\/users\/2"}],"replies":[{"embeddable":true,"href":"https:\/\/www.europesays.com\/de\/wp-json\/wp\/v2\/comments?post=1223939"}],"version-history":[{"count":0,"href":"https:\/\/www.europesays.com\/de\/wp-json\/wp\/v2\/posts\/1223939\/revisions"}],"wp:featuredmedia":[{"embeddable":true,"href":"https:\/\/www.europesays.com\/de\/wp-json\/wp\/v2\/media\/1223940"}],"wp:attachment":[{"href":"https:\/\/www.europesays.com\/de\/wp-json\/wp\/v2\/media?parent=1223939"}],"wp:term":[{"taxonomy":"category","embeddable":true,"href":"https:\/\/www.europesays.com\/de\/wp-json\/wp\/v2\/categories?post=1223939"},{"taxonomy":"post_tag","embeddable":true,"href":"https:\/\/www.europesays.com\/de\/wp-json\/wp\/v2\/tags?post=1223939"}],"curies":[{"name":"wp","href":"https:\/\/api.w.org\/{rel}","templated":true}]}}