{"id":1223966,"date":"2026-08-08T12:20:18","date_gmt":"2026-08-08T12:20:18","guid":{"rendered":"https:\/\/www.europesays.com\/de\/1223966\/"},"modified":"2026-08-08T12:20:18","modified_gmt":"2026-08-08T12:20:18","slug":"weingarten-by-forum-vom-donnerstag-bis-samstag-24-26-09-2026","status":"publish","type":"post","link":"https:\/\/www.europesays.com\/de\/1223966\/","title":{"rendered":"WEINGARTEN by FORUM vom Donnerstag bis Samstag 24.-26.09.2026"},"content":{"rendered":"<p>Veranstalter: Congressforum Frankenthal | K.W. Team Deidesheim<\/p>\n<p><strong>Frankenthal.<\/strong> Ein Glas Pf\u00e4lzer Wein in der Hand, entspannte Live-Musik und nette Gespr\u00e4che unter freiem Himmel \u2013 so f\u00fchlt sich Sp\u00e4tsommer in der Pfalz an. Vom 24. bis 26. September 2026 l\u00e4dt das Congressforum Frankenthal gemeinsam mit dem K.W. Team aus Deidesheim zum Weingarten am FORUM ein.\u00a0<\/p>\n<p>Freuen Sie sich auf erlesene Weine aus der Pfalz, entspannte Atmosph\u00e4re und gesellige Stunden. Die Weing\u00fcter Geheimer Rat Dr. von Bassermann-Jordan, Weingut am Nil, Weingut Andres und Weingut Mehling pr\u00e4sentieren ihre Weine und laden dazu ein, die Vielfalt der Pfalz Glas f\u00fcr Glas zu entdecken.<\/p>\n<p>F\u00fcr das leibliche Wohl sorgen die Metzgerei Hambel mit Pf\u00e4lzer Spezialit\u00e4ten und Uschis Knusperhaus mit frisch zubereiteten Cr\u00eapes.\u00a0<\/p>\n<p>Kommen Sie vorbei, genie\u00dfen Sie die Pfalz und verbringen Sie genussvolle Stunden beim Weingarten am FORUM.<\/p>\n<p><strong>\u00d6ffnungszeiten:\u00a0<\/strong> \u00a0\u00a0\u00a0\u00a0\u00a0\u00a0\u00a0 DO 16:00 &#8211; 21:00 Uhr<\/p>\n<p>\u00a0\u00a0\u00a0\u00a0\u00a0\u00a0\u00a0\u00a0\u00a0\u00a0\u00a0\u00a0\u00a0\u00a0\u00a0\u00a0\u00a0\u00a0\u00a0\u00a0\u00a0\u00a0\u00a0 FR 16:00 -21:00 Uhr<\/p>\n<p>\u00a0\u00a0\u00a0\u00a0\u00a0\u00a0\u00a0\u00a0\u00a0\u00a0\u00a0\u00a0\u00a0\u00a0\u00a0\u00a0\u00a0\u00a0\u00a0\u00a0\u00a0\u00a0\u00a0\u00a0SA 14:00 -21:00 Uhr<\/p>\n<p><strong>Der Eintritt ist frei!<\/strong><\/p>\n<p>Text und Plakat: CONGRESSFORUM FRANKENTHAL GMBH<\/p>\n","protected":false},"excerpt":{"rendered":"Veranstalter: Congressforum Frankenthal | K.W. Team Deidesheim Frankenthal. Ein Glas Pf\u00e4lzer Wein in der Hand, entspannte Live-Musik und&hellip;\n","protected":false},"author":2,"featured_media":1223967,"comment_status":"","ping_status":"","sticky":false,"template":"","format":"standard","meta":{"footnotes":"","_share_on_mastodon":"0"},"categories":[1845],"tags":[16222,17310,1634,17312,17302,17311,3364,29,17317,17309,548,663,3934,17313,30,13,17306,14835,7011,17304,2096,14,15,16935,17314,17316,17305,12,17315,17308,17303,17300,17301,17307,571,1986],"class_list":["post-1223966","post","type-post","status-publish","format-standard","has-post-thumbnail","category-mannheim","tag-dom","tag-altpoertel","tag-baden-wuerttemberg","tag-bistum-speyer","tag-brezelfest","tag-brezelkracher","tag-de","tag-deutschland","tag-dudenhofen","tag-eger","tag-eu","tag-europa","tag-europe","tag-evangelische-kirche-der-pfalz","tag-germany","tag-headlines","tag-historisches-museum","tag-hockenheim","tag-kirchen","tag-kurpfalz","tag-mannheim","tag-nachrichten","tag-news","tag-pfalz","tag-protestantische-landeskirche","tag-roemerberg","tag-salier","tag-schlagzeilen","tag-schwetzingen","tag-sealife","tag-speyer","tag-speyer-kurier","tag-tageszeitung","tag-technik-museum","tag-wochenzeitung","tag-zeitung"],"share_on_mastodon":{"url":"","error":"Validation failed: Text character limit of 500 exceeded"},"_links":{"self":[{"href":"https:\/\/www.europesays.com\/de\/wp-json\/wp\/v2\/posts\/1223966","targetHints":{"allow":["GET"]}}],"collection":[{"href":"https:\/\/www.europesays.com\/de\/wp-json\/wp\/v2\/posts"}],"about":[{"href":"https:\/\/www.europesays.com\/de\/wp-json\/wp\/v2\/types\/post"}],"author":[{"embeddable":true,"href":"https:\/\/www.europesays.com\/de\/wp-json\/wp\/v2\/users\/2"}],"replies":[{"embeddable":true,"href":"https:\/\/www.europesays.com\/de\/wp-json\/wp\/v2\/comments?post=1223966"}],"version-history":[{"count":0,"href":"https:\/\/www.europesays.com\/de\/wp-json\/wp\/v2\/posts\/1223966\/revisions"}],"wp:featuredmedia":[{"embeddable":true,"href":"https:\/\/www.europesays.com\/de\/wp-json\/wp\/v2\/media\/1223967"}],"wp:attachment":[{"href":"https:\/\/www.europesays.com\/de\/wp-json\/wp\/v2\/media?parent=1223966"}],"wp:term":[{"taxonomy":"category","embeddable":true,"href":"https:\/\/www.europesays.com\/de\/wp-json\/wp\/v2\/categories?post=1223966"},{"taxonomy":"post_tag","embeddable":true,"href":"https:\/\/www.europesays.com\/de\/wp-json\/wp\/v2\/tags?post=1223966"}],"curies":[{"name":"wp","href":"https:\/\/api.w.org\/{rel}","templated":true}]}}