{"id":1223977,"date":"2026-08-08T12:26:20","date_gmt":"2026-08-08T12:26:20","guid":{"rendered":"https:\/\/www.europesays.com\/de\/1223977\/"},"modified":"2026-08-08T12:26:20","modified_gmt":"2026-08-08T12:26:20","slug":"jetzt-im-liveticker-arminia-bielefeld-liegt-beim-karlsruher-sc-zur-pause-zurueck","status":"publish","type":"post","link":"https:\/\/www.europesays.com\/de\/1223977\/","title":{"rendered":"Jetzt im Liveticker: Arminia Bielefeld liegt beim Karlsruher SC zur Pause zur\u00fcck"},"content":{"rendered":"<ul>\n<li>\n<b class=\"bold\">Aufstellung Karlsruhe:<\/b> Bernat &#8211; S. Jung, Kobald, M. Franke, Ofli &#8211; Egloff, Zor, Pinto Pedrosa, Wanitzek &#8211; Broschinski, Eichinger<\/li>\n<li>\n<b class=\"bold\">Aufstellung<\/b> <b class=\"bold\">Arminia:<\/b> Kersken &#8211; Koudossou, Bauer, Gro\u00dfer, Handwerker &#8211; Russo &#8211; Schreck, W\u00f6rl &#8211; Momuluh, Grodowski, Rochelt.<\/li>\n<li>\n<b class=\"bold\">Schiedsrichter:<\/b> Geleitet wird die Begegnung vom Unparteiischen Michael Bacher aus Rosenheim.<\/li>\n<\/ul>\n<p>        <a href=\"https:\/\/www.nw.de\/_em_daten\/_cache\/image\/1xay90VnNUSm5Jak04MUlHRUU3QWhsUXcwWjkxbTU2VXEwZmxTbEUyNkp1SENWVUlIVC9SUjNpUDZ0Z3JXeWpZaVdDZ2NsdE92bktqK2hDZXRERFE1TXRzRGxlN2d6SDZJN3U0SUpQeG83ME09\/260808-1352-920580933.jpg\" class=\"nw-article-image\" title=\"Der Karlsruher Noel Eichinger (l) im Duell mit Henri Koudossou.\" data-glightbox=\"type: image; description: Der Karlsruher Noel Eichinger (l) im Duell mit Henri Koudossou.  | \u00a9 Uli Deck\/dpa bildfunk \" rel=\"nofollow noopener\" target=\"_blank\"><br \/>\n            <img decoding=\"async\" src=\"https:\/\/www.europesays.com\/de\/wp-content\/uploads\/2026\/08\/260808-1352-920580933.jpg\" class=\"nw-img-fluid nw-w-full nw-lazy nw-rounded-t-md\" alt=\"Der Karlsruher Noel Eichinger (l) im Duell mit Henri Koudossou. - \u00a9 Uli Deck\/dpa bildfunk\" data-format=\"16:9\"\/><br \/>\n        <\/a><\/p>\n<p>                Der Karlsruher Noel Eichinger (l) im Duell mit Henri Koudossou.<br \/>\n                                    | \u00a9 Uli Deck\/dpa bildfunk<\/p>\n<p>Duell der Zweitliga-Trainer-Novizen<\/p>\n<p class=\"em_text\">Es geht wieder los: Die neue Zweitliga-Saison startet f\u00fcr Arminia Bielefeld mit einem Ausw\u00e4rtsspiel in Karlsruhe. Dabei d\u00fcrfte vielen Fans die vergangene Saison noch allzu gut in Erinnerung sein: Noch am vorletzten Spieltag k\u00e4mpften acht Teams um den Klassenerhalt \u2013 der DSC schaffte ihn mit einem furiosen 6:1 gegen Hertha BSC am letzten Spieltag. Auch in dieser Saison soll es wieder mit dem Klassenerhalt klappen. Dieses Ziel hat Sport-Gesch\u00e4ftsf\u00fchrer Michael Mutzel ausgegeben. Der Grundstein soll daf\u00fcr in Karlsruhe gelegt werden.<\/p>\n<p id=\"absatz3\" class=\"em_text\">26-mal trafen Arminia und der KSC bisher in der Zweiten Liga aufeinander. Zehn Spiele gewannen die Badenser, sieben die Ostwestfalen, neun endeten unentschieden. Das Spiel im Wildpark ist auch ein Duell der Zweitliga-Novizen auf den Trainerb\u00e4nken. F\u00fcr DSC-Coach und Kniat-Nachfolger Oliver Kirch ist es das erste Pflichtspiel im Profifu\u00dfball. Beim KSC hat Maximilian Senft im Sommer von Langzeittrainer Christian Eichner \u00fcbernommen.<\/p>\n<p>\n        \u00d7\n    <\/p>\n<p>\n            Sie erhalten in wenigen Minuten eine E-Mail zur Best\u00e4tigung Ihrer Anmeldung.\n        <\/p>\n<p>Erst danach ist diese abgeschlossen.<\/p>\n<p>Bitte pr\u00fcfen Sie auch den Spam-Ordner.<\/p>\n<p>\n        \u00d7\n    <\/p>\n<p>\n            Sie haben bisher Ihre E-Mail-Adresse noch nicht best\u00e4tigt.\n        <\/p>\n<p>Erst danach ist diese abgeschlossen.<\/p>\n<p>Bitte pr\u00fcfen Sie auch den Spam-Ordner.<\/p>\n<p>\n        \u00d7\n    <\/p>\n<p>\n            Es ist einen Fehler aufgetreten\n        <\/p>\n<p>Bei Fragen hilft unser Newsletter-Support<\/p>\n<p> Newsletter<\/p>\n<p> DSC Arminia Bielefeld<\/p>\n<p>W\u00f6chentlich alle News rund um Arminia Bielefeld.<\/p>\n<p>                Jetzt anmelden<\/p>\n<p id=\"absatz4\" class=\"em_text\">Der 37-j\u00e4hrige \u00d6sterreicher legte von Beginn an Wert auf eine klare Spielidee und intensives Pressing. Die Vorbereitung lief jedoch durchwachsen: Gegen unterklassige Gegner pr\u00e4sentierte sich der KSC torhungrig. Die klare 0:3-Niederlage in der Generalprobe gegen Hoffenheim zeigte, dass vor allem gegen spielstarke Gegner noch Defizite bestehen.<\/p>\n<p>Das Spiel im Liveticker:<br \/>\n Alle Infos vor dem Spiel des DSC in Karlsruhe:<\/p>\n","protected":false},"excerpt":{"rendered":"Aufstellung Karlsruhe: Bernat &#8211; S. Jung, Kobald, M. Franke, Ofli &#8211; Egloff, Zor, Pinto Pedrosa, Wanitzek &#8211; Broschinski,&hellip;\n","protected":false},"author":2,"featured_media":1223978,"comment_status":"","ping_status":"","sticky":false,"template":"","format":"standard","meta":{"footnotes":"","_share_on_mastodon":"0"},"categories":[1841],"tags":[2368,2658,1605,3364,29,30,8903,3850,4281,732,1611,16345,2379,2377,16344,254328,198343,2381,229797,2380,1613,253793,1209,151797,124769,15041,16343,254329],"class_list":["post-1223977","post","type-post","status-publish","format-standard","has-post-thumbnail","category-bielefeld","tag-arminia-bielefeld","tag-aufstellung","tag-bielefeld","tag-de","tag-deutschland","tag-germany","tag-karlsruhe","tag-karlsruher-sc","tag-label_arminia","tag-label_frei","tag-label_informiere-mich","tag-label_liveticker","tag-label_push","tag-label_startseite","tag-label_ticker","tag-m-franke","tag-meta_artikelklasse_aboanker","tag-meta_copyrights_rgowl_freier_mitarbeiter","tag-meta_prio_1","tag-meta_themen_arminia_bielefeld","tag-meta_userneeds_informieremich","tag-michael-bacher","tag-nordrhein-westfalen","tag-oliver-kirch","tag-pinto","tag-rosenheim","tag-russo","tag-s-jung"],"share_on_mastodon":{"url":"","error":"Validation failed: Text character limit of 500 exceeded"},"_links":{"self":[{"href":"https:\/\/www.europesays.com\/de\/wp-json\/wp\/v2\/posts\/1223977","targetHints":{"allow":["GET"]}}],"collection":[{"href":"https:\/\/www.europesays.com\/de\/wp-json\/wp\/v2\/posts"}],"about":[{"href":"https:\/\/www.europesays.com\/de\/wp-json\/wp\/v2\/types\/post"}],"author":[{"embeddable":true,"href":"https:\/\/www.europesays.com\/de\/wp-json\/wp\/v2\/users\/2"}],"replies":[{"embeddable":true,"href":"https:\/\/www.europesays.com\/de\/wp-json\/wp\/v2\/comments?post=1223977"}],"version-history":[{"count":0,"href":"https:\/\/www.europesays.com\/de\/wp-json\/wp\/v2\/posts\/1223977\/revisions"}],"wp:featuredmedia":[{"embeddable":true,"href":"https:\/\/www.europesays.com\/de\/wp-json\/wp\/v2\/media\/1223978"}],"wp:attachment":[{"href":"https:\/\/www.europesays.com\/de\/wp-json\/wp\/v2\/media?parent=1223977"}],"wp:term":[{"taxonomy":"category","embeddable":true,"href":"https:\/\/www.europesays.com\/de\/wp-json\/wp\/v2\/categories?post=1223977"},{"taxonomy":"post_tag","embeddable":true,"href":"https:\/\/www.europesays.com\/de\/wp-json\/wp\/v2\/tags?post=1223977"}],"curies":[{"name":"wp","href":"https:\/\/api.w.org\/{rel}","templated":true}]}}