{"id":1223983,"date":"2026-08-08T12:31:16","date_gmt":"2026-08-08T12:31:16","guid":{"rendered":"https:\/\/www.europesays.com\/de\/1223983\/"},"modified":"2026-08-08T12:31:16","modified_gmt":"2026-08-08T12:31:16","slug":"bochums-trainer-uwe-roesler-pampt-sky-reporter-an-du-warst-nicht-beim-spiel-sport","status":"publish","type":"post","link":"https:\/\/www.europesays.com\/de\/1223983\/","title":{"rendered":"Bochums Trainer Uwe R\u00f6sler pampt Sky-Reporter an! \u201eDu warst nicht beim Spiel\u201c | Sport"},"content":{"rendered":"<p><a class=\"skip-content skip-content--link\" href=\"#in-content-skip-link-target-v-0-0\">TTS-Player \u00fcberspringen\u21b5<\/a><a id=\"in-content-skip-link-target-v-0-0\" class=\"skip-content--target-link-hidden skip-content skip-content--target-link\" href=\"#in-content-skip-link-target-v-0-0\">Artikel weiterlesen<\/a><\/p>\n<p data-21134c99=\"0-1953\"><b>Da sa\u00df der Frust nach der Zweitliga-Auftaktpleite sichtlich tief &#8230; <\/b><a href=\"https:\/\/www.bild.de\/sport\/fussball\/vfl-bochum\/startseite-bochum-31148910.bild.html\" class=\"text-link\" rel=\"nofollow noopener\" target=\"_blank\"><b>Bochum<\/b><\/a><b>-Trainer Uwe R\u00f6sler (57) war <\/b><a href=\"https:\/\/www.bild.de\/sport\/fussball\/traumstart-beim-vfl-bochum-aetsch-hertha-bsc-ueberrascht-alle-6a762d08383e8a08fe878b56\" class=\"text-link\" rel=\"nofollow noopener\" target=\"_blank\"><b>am Freitagabend nach dem 0:1 zu Hause gegen Hertha BSC <\/b><\/a><b>noch ordentlich angefressen. Und das entlud sich am Sky-Mikro im Interview mit Reporter Dirk gro\u00dfe Schlarmann.<\/b><\/p>\n<p data-21134c99=\"0-1953\">Seine erste Antwort hatte es bereits ordentlich in sich. \u201eDu musst ein anderes Spiel gesehen haben\u201c, so der Trainer. \u201eWenn du sagst, dass das verdient war, dann warst du nicht hier beim Spiel.\u201c Dabei hatte der Sky-Mann nur seine Meinung kundgetan, dass das 1:0 f\u00fcr Hertha f\u00fcr ihn so in Ordnung sei, ein 1:1 es aber genauso gewesen w\u00e4re.<\/p>\n<p>Mehr zum ThemaBochum-Trainer Uwe R\u00f6sler teilt am Sky-Mikro aus<\/p>\n<p data-21134c99=\"0-1953\">Doch damit nicht genug. Kurz darauf dreht R\u00f6sler den Spie\u00df pl\u00f6tzlich um und stellt selber Fragen. Der VfL-Trainer im Oberlehrer-Ton: \u201eWie viele Chancen haben wir uns \u00fcber 90 Minuten erarbeitet?\u201c Die Antwort von gro\u00dfe Schlarmann: \u201e2 1\/2.\u201c R\u00f6sler: \u201eSechs. Sechs!\u201c Und dann hinten raus mit einem leichten L\u00e4cheln: \u201eWie gesagt, du warst nicht hier gewesen beim Spiel. N\u00e4chstes Mal musst du kommen.\u201c<\/p>\n<p data-21134c99=\"0-1953\">Das Tor des Tages kurz vor der Pause erzielte nach sch\u00f6ner Kombination der G\u00e4ste Berlin-St\u00fcrmer Sebastian Gr\u00f6nning (39.). Mit dem 0:1 ging f\u00fcr den VfL, den durchaus einige Experten im Aufstiegsrennen sehen, eine irre Pleitenserie weiter: Im elften Jahr in Folge konnten sie schon wieder nicht ihr Liga-Auftaktspiel gewinnen. R\u00f6sler, der seit Oktober 2025 Bochum-Trainer ist, dazu genervt bei Sky: \u201eF\u00fcr mich gibt es kein schon wieder. Es war mein erster Auftakt.\u201c <\/p>\n<p data-21134c99=\"0-1953\">Am meisten nervte R\u00f6sler aber das Ergebnis. Sein Fazit: \u201eErste Halbzeit waren sie besser als wir. Die zweite H\u00e4lfte ging klar an uns. Wir h\u00e4tten heute 1:1 spielen m\u00fcssen, das w\u00e4re ein faires Resultat gewesen.\u201c<\/p>\n<p data-21134c99=\"0-1953\">Vor dem Spiel war R\u00f6sler noch voller Energie in die Fan-Kurve gest\u00fcrmt \u2013\u00a0durch den eingeschalteten Rasensprenger hindurch. Nach der kalten Dusche im Spiel war es dann aber vorbei mit der guten Laune.<\/p>\n","protected":false},"excerpt":{"rendered":"TTS-Player \u00fcberspringen\u21b5Artikel weiterlesen Da sa\u00df der Frust nach der Zweitliga-Auftaktpleite sichtlich tief &#8230; Bochum-Trainer Uwe R\u00f6sler (57) war&hellip;\n","protected":false},"author":2,"featured_media":1223984,"comment_status":"","ping_status":"","sticky":false,"template":"","format":"standard","meta":{"footnotes":"","_share_on_mastodon":"0"},"categories":[1839],"tags":[7507,3364,29,30,1088,1209,119671,3856,8173,784],"class_list":["post-1223983","post","type-post","status-publish","format-standard","has-post-thumbnail","category-bochum","tag-bochum","tag-de","tag-deutschland","tag-germany","tag-hertha-bsc","tag-nordrhein-westfalen","tag-roesler-uwe","tag-ruhrgebiet","tag-vfl-bochum","tag-zweite-bundesliga"],"share_on_mastodon":{"url":"https:\/\/pubeurope.com\/@de\/117059904314436862","error":""},"_links":{"self":[{"href":"https:\/\/www.europesays.com\/de\/wp-json\/wp\/v2\/posts\/1223983","targetHints":{"allow":["GET"]}}],"collection":[{"href":"https:\/\/www.europesays.com\/de\/wp-json\/wp\/v2\/posts"}],"about":[{"href":"https:\/\/www.europesays.com\/de\/wp-json\/wp\/v2\/types\/post"}],"author":[{"embeddable":true,"href":"https:\/\/www.europesays.com\/de\/wp-json\/wp\/v2\/users\/2"}],"replies":[{"embeddable":true,"href":"https:\/\/www.europesays.com\/de\/wp-json\/wp\/v2\/comments?post=1223983"}],"version-history":[{"count":0,"href":"https:\/\/www.europesays.com\/de\/wp-json\/wp\/v2\/posts\/1223983\/revisions"}],"wp:featuredmedia":[{"embeddable":true,"href":"https:\/\/www.europesays.com\/de\/wp-json\/wp\/v2\/media\/1223984"}],"wp:attachment":[{"href":"https:\/\/www.europesays.com\/de\/wp-json\/wp\/v2\/media?parent=1223983"}],"wp:term":[{"taxonomy":"category","embeddable":true,"href":"https:\/\/www.europesays.com\/de\/wp-json\/wp\/v2\/categories?post=1223983"},{"taxonomy":"post_tag","embeddable":true,"href":"https:\/\/www.europesays.com\/de\/wp-json\/wp\/v2\/tags?post=1223983"}],"curies":[{"name":"wp","href":"https:\/\/api.w.org\/{rel}","templated":true}]}}