{"id":1224001,"date":"2026-08-08T12:44:16","date_gmt":"2026-08-08T12:44:16","guid":{"rendered":"https:\/\/www.europesays.com\/de\/1224001\/"},"modified":"2026-08-08T12:44:16","modified_gmt":"2026-08-08T12:44:16","slug":"totale-sonnenfinsternis-2026-wann-kann-man-die-sonnenfinsternis-in-deutschland-sehen","status":"publish","type":"post","link":"https:\/\/www.europesays.com\/de\/1224001\/","title":{"rendered":"Totale Sonnenfinsternis 2026: Wann kann man die Sonnenfinsternis in Deutschland sehen?"},"content":{"rendered":"<p class=\"mb-6 text-xs-varying md:text-m lg:text-l font-serif group-[.font-sans]:font-sans \">\n    Im August 2026 gibt es in Europa wieder eine Sonnenfinsternis. Wie die <a href=\"https:\/\/www.esa.int\/Space_in_Member_States\/Austria\/Erleben_Sie_gemeinsam_mit_der_ESA_die_totale_Sonnenfinsternis_am_12._August_2026\" rel=\"nofollow noopener\" target=\"_blank\" class=\"underline \">Europ\u00e4ische Weltraumorganisation ESA<\/a> erkl\u00e4rt, ist diese am 12. August 2026 als totale Sonnenfinsternis in Gr\u00f6nland, Island, Spanien und im Nordwesten Portugals zu sehen. Aber auch in <a href=\"https:\/\/www.augsburger-allgemeine.de\/panorama\/totale-sonnenfinsternis-deutschland-wann-ist-der-naechste-termin-17-2-26-105475213\" target=\"_self\" class=\"underline \" rel=\"nofollow noopener\">Deutschland k\u00f6nnen Sie die Sonnenfinsternis<\/a> bewundern. Hier verdeckt der Mond die Sonne um bis zu 90 Prozent.\n  <\/p>\n<p class=\"mb-6 text-xs-varying md:text-m lg:text-l font-serif group-[.font-sans]:font-sans \">\n    Wann die Sonnenfinsternis im August 2026 in Deutschland genau zu sehen ist, wann es das letzte Mal eine totale Sonnenfinsternis hierzulande gab und wie lange Sie auf die n\u00e4chste warten m\u00fcssen, erfahren Sie in diesem Artikel. Zudem gibt diese Redaktion Hinweise, was Sie bei der Auswahl der richtigen Brille zur Beobachtung beachten sollten.\n  <\/p>\n<p>            So sehen Sie die Sonnenfinsternis im August 2026 in Deutschland<\/p>\n<p class=\"mb-6 text-xs-varying md:text-m lg:text-l font-serif group-[.font-sans]:font-sans \">\n    Wie die <a href=\"https:\/\/www.esa.int\/Science_Exploration\/Space_Science\/What_is_an_eclipse\" rel=\"nofollow noopener\" target=\"_blank\" class=\"underline \">ESA<\/a> erkl\u00e4rt, gibt es grunds\u00e4tzlich drei verschiedene Arten von Sonnenfinsternissen. Bei einer totalen Sonnenfinsternis befinden sich Sonne, Mond und Erde in einer perfekten Linie und der Mond verdeckt die gesamte Sonne. Bei einer ringf\u00f6rmigen Sonnenfinsternis befinden sich die drei Himmelsk\u00f6rper zwar ebenfalls in einer Linie, allerdings erscheint der Mond aufgrund einer gr\u00f6\u00dferen Entfernung zur Erde kleiner. So ist um den Mond der Rand der Sonne weiter sichtbar. Bei einer partiellen Sonnenfinsternis hingegen befindet sich der Mond nicht exakt zwischen Sonne und Erde. So ist immer ein Teil der Sonne sichtbar.\n  <\/p>\n<p class=\"mb-6 text-xs-varying md:text-m lg:text-l font-serif group-[.font-sans]:font-sans \">\n    Um die Sonnenfinsternis am 12.8.26 hierzulande zu sehen, brauchen Sie eine freie Sicht in Richtung Nordwesten und auf den Horizont. Wie <a href=\"https:\/\/www.ardalpha.de\/wissen\/weltall\/sternenhimmel\/sonnenfinsternis-sofi-sonne-mond-totale-100.html\" rel=\"nofollow noopener\" target=\"_blank\" class=\"underline \">ARD alpha<\/a> beschreibt, ist \u00fcber Island und dem Norden Spaniens eine totale Sonnenfinsternis zu sehen. In Deutschland wird die Sonne nicht komplett bedeckt, sondern es bleibt ein Sonnensichel \u00fcbrig.\n  <\/p>\n<p class=\"mb-6 text-xs-varying md:text-m lg:text-l font-serif group-[.font-sans]:font-sans \">\n    Die partielle Sonnenfinsternis findet in den Abendstunden statt. In M\u00fcnchen startet die Sonnenfinsternis um 19.23 Uhr und ist bis zum Sonnenuntergang um 20.32 Uhr sichtbar. Befinden Sie sich hingegen in Norddeutschland, k\u00f6nnen Sie das Spektakel l\u00e4nger bewundern. In Flensburg geht es bereits um 19.11 Uhr los, um 20.57 Uhr endet dort die partielle Sonnenfinsternis.\n  <\/p>\n<p>            Wann war die letzte totale Sonnenfinsternis in Deutschland?<\/p>\n<p class=\"mb-6 text-xs-varying md:text-m lg:text-l font-serif group-[.font-sans]:font-sans \">\n    <a href=\"https:\/\/www.augsburger-allgemeine.de\/aichach\/sonnenfinsternis-1999-verwandelt-aichach-friedberg-am-mittag-in-nacht-114682888\" target=\"_self\" class=\"underline \" rel=\"nofollow noopener\">Die letzte totale Sonnenfinsternis in Deutschland gab es am 11. August 1999<\/a>. Wie <a href=\"https:\/\/www.ardalpha.de\/wissen\/weltall\/sternenhimmel\/sonnenfinsternis-sofi-sonne-mond-totale-100.html\" rel=\"nofollow noopener\" target=\"_blank\" class=\"underline \">ARD alpha<\/a> berichtet, war die Sonnenfinsternis damals f\u00fcr ungef\u00e4hr zweieinhalb Minuten sichtbar. Wie die Website weiter erkl\u00e4rt, m\u00fcssen sich die Menschen in Deutschland allerdings noch eine ganze Zeit gedulden, bis es hier wieder eine totale Sonnenfinsternis gibt. Erst am 3. September 2081 sei es in S\u00fcddeutschland wieder so weit. Im Norden des Landes st\u00fcnde ein solches Ereignis sogar erst 2135 wieder an.\n  <\/p>\n<p class=\"mb-6 text-xs-varying md:text-m lg:text-l font-serif group-[.font-sans]:font-sans \">\n    Die n\u00e4chste partielle Sonnenfinsternis gibt es in Deutschland \u00fcbrigens bereits 2027, wie ARD alpha erkl\u00e4rt. Am 2. August 2027 sei diese zu sehen, allerdings falle sie kleiner aus als das Naturereignis am 12. August 2026.\n  <\/p>\n<p>            Totale Sonnenfinsternis: Mit dieser Brille k\u00f6nnen Sie das Naturschauspiel erleben<\/p>\n<p class=\"mb-6 text-xs-varying md:text-m lg:text-l font-serif group-[.font-sans]:font-sans \">\n    Wollen Sie die Sonnenfinsternis am 12. August 2026 mit den eigenen Augen bewundern, sollten Sie auf einen geeigneten Schutz achten. Wie das <a href=\"https:\/\/www.bfs.de\/DE\/themen\/opt\/uv\/schutz\/sonnenfinsternis\/sonnenfinsternis.html\" rel=\"nofollow noopener\" target=\"_blank\" class=\"underline \">Bundesamt f\u00fcr Strahlenschutz<\/a> (BfS) erkl\u00e4rt, treffen ohne Schutz n\u00e4mlich nicht nur das sichtbare Licht, sondern auch Infrarotstrahlung und UV-Strahlung auf das Auge. Das k\u00f6nne die Netzhaut so stark besch\u00e4digen, dass Ihre Sehf\u00e4higkeit stark gesch\u00e4digt wird oder Sie sogar ganz erblinden.\n  <\/p>\n<p class=\"mb-6 text-xs-varying md:text-m lg:text-l font-serif group-[.font-sans]:font-sans \">\n    Wie das <a href=\"https:\/\/www.bfs.de\/DE\/themen\/opt\/uv\/schutz\/sonnenfinsternis\/sonnenfinsternis.html\" rel=\"nofollow noopener\" target=\"_blank\" class=\"underline \">BfS<\/a> weiter ausf\u00fchrt, gen\u00fcgt zum Schutz der Augen allerdings keine gew\u00f6hnliche Sonnenbrille. Der Augenschutz sollte demnach der Norm DIN EN ISO 12312-2:2015 f\u00fcr den direkten Blick in die Sonne ausgelegt sein und \u00fcber das CE-Zeichen verf\u00fcgen. Zudem sollten Sie darauf achten, dass die Brille nicht besch\u00e4digt ist. So sollte die Folie von Folienbrillen keine Risse oder L\u00f6cher aufweisen, auch nicht an der Befestigung am Brillengestell. Das BfS empfiehlt zudem, Brillen mit breiten B\u00fcgeln zu nutzen, die eng anliegen. So k\u00f6nne der Einfall von Streulicht reduziert werden.\n  <\/p>\n","protected":false},"excerpt":{"rendered":"Im August 2026 gibt es in Europa wieder eine Sonnenfinsternis. Wie die Europ\u00e4ische Weltraumorganisation ESA erkl\u00e4rt, ist diese&hellip;\n","protected":false},"author":2,"featured_media":1207601,"comment_status":"","ping_status":"","sticky":false,"template":"","format":"standard","meta":{"footnotes":"","_share_on_mastodon":"0"},"categories":[2],"tags":[331,3924,332,3922,223,3364,29,427,663,30,452,13,12937,1268,14,3923,15,3921,7118,12,107047,4026],"class_list":["post-1224001","post","type-post","status-publish","format-standard","has-post-thumbnail","category-deutschland","tag-aktuelle-nachrichten","tag-aktuelle-nachrichten-aus-deutschland","tag-aktuelle-news","tag-aktuelle-news-aus-deutschland","tag-ard","tag-de","tag-deutschland","tag-esa","tag-europa","tag-germany","tag-groenland","tag-headlines","tag-island","tag-muenchen","tag-nachrichten","tag-nachrichten-aus-deutschland","tag-news","tag-news-aus-deutschland","tag-portugal","tag-schlagzeilen","tag-sonnenfinsternis","tag-spanien"],"share_on_mastodon":{"url":"https:\/\/pubeurope.com\/@de\/117059955284007997","error":""},"_links":{"self":[{"href":"https:\/\/www.europesays.com\/de\/wp-json\/wp\/v2\/posts\/1224001","targetHints":{"allow":["GET"]}}],"collection":[{"href":"https:\/\/www.europesays.com\/de\/wp-json\/wp\/v2\/posts"}],"about":[{"href":"https:\/\/www.europesays.com\/de\/wp-json\/wp\/v2\/types\/post"}],"author":[{"embeddable":true,"href":"https:\/\/www.europesays.com\/de\/wp-json\/wp\/v2\/users\/2"}],"replies":[{"embeddable":true,"href":"https:\/\/www.europesays.com\/de\/wp-json\/wp\/v2\/comments?post=1224001"}],"version-history":[{"count":0,"href":"https:\/\/www.europesays.com\/de\/wp-json\/wp\/v2\/posts\/1224001\/revisions"}],"wp:featuredmedia":[{"embeddable":true,"href":"https:\/\/www.europesays.com\/de\/wp-json\/wp\/v2\/media\/1207601"}],"wp:attachment":[{"href":"https:\/\/www.europesays.com\/de\/wp-json\/wp\/v2\/media?parent=1224001"}],"wp:term":[{"taxonomy":"category","embeddable":true,"href":"https:\/\/www.europesays.com\/de\/wp-json\/wp\/v2\/categories?post=1224001"},{"taxonomy":"post_tag","embeddable":true,"href":"https:\/\/www.europesays.com\/de\/wp-json\/wp\/v2\/tags?post=1224001"}],"curies":[{"name":"wp","href":"https:\/\/api.w.org\/{rel}","templated":true}]}}