{"id":1224050,"date":"2026-08-08T13:13:16","date_gmt":"2026-08-08T13:13:16","guid":{"rendered":"https:\/\/www.europesays.com\/de\/1224050\/"},"modified":"2026-08-08T13:13:16","modified_gmt":"2026-08-08T13:13:16","slug":"dritter-wasserschaden-binnen-zwei-jahren-diese-muenchner-stadtbibliothek-ist-immer-noch-geschlossen","status":"publish","type":"post","link":"https:\/\/www.europesays.com\/de\/1224050\/","title":{"rendered":"Dritter Wasserschaden binnen zwei Jahren: Diese M\u00fcnchner Stadtbibliothek ist immer noch geschlossen"},"content":{"rendered":"<p>Es ist fast so, als l\u00e4ge auf der Stadtbibliothek in Berg am Laim ein Fluch. Binnen zwei Jahren erlitt die M\u00fcnchner Einrichtung gleich drei Wassersch\u00e4den \u2013 mit monatelangen Schlie\u00dfungen als direkte Folge.<\/p>\n<p><a href=\"https:\/\/www.abendzeitung-muenchen.de\/muenchen\/muenchen-bibliotheken-unter-wasser-lange-schliesszeiten-befuerchtet-art-1012851\" target=\"_blank\" title=\"M\u00fcnchner Bibliotheken unter Wasser: Lange Schlie\u00dfzeiten bef\u00fcrchtet\" rel=\"nofollow noopener\">Alles fing im Mai 2024 mit einem Wasserrohrbruch \u00fcber der Bibliothek an<\/a>. Wasser tropfte von der Decke und am 31. Mai fiel ein St\u00fcck der durchgeweichten Decke zu Boden. &#8222;Leider ist unser Wasserschaden deutlich gr\u00f6\u00dfer geworden&#8220;, schrieben die Bibliothekare damals bei <a href=\"https:\/\/www.abendzeitung-muenchen.de\/organisation\/facebook\/\" rel=\"nofollow noopener\" target=\"_blank\">Facebook<\/a>. Am 4. Juni wurde die Bildungseinrichtung in Berg am Laim dann geschlossen. Das Trocknen und notwendige Handwerkerarbeiten sollten Monate in Anspruch nehmen.<\/p>\n<p>Bereits 2024 musste die Stadtbibliothek f\u00fcnf Monate schlie\u00dfen<\/p>\n<p>Erst am 12. November 2024 konnte die Stadtbibliothek, die sich seit 2016 in den R\u00e4umen an der Ecke Schl\u00fcsselberg-\/Berg-am-Laim-Stra\u00dfe befindet, wieder \u00f6ffnen. Vermieter des Geb\u00e4udes ist die Stadtsparkasse, die vor dem Einzug der Bibliothek dort eine Filiale hatte.<\/p>\n<p>     <img decoding=\"async\" loading=\"lazy\" src=\"https:\/\/www.europesays.com\/de\/wp-content\/uploads\/2026\/08\/1493934_artikelbild-75proz_1D3Wzz_EsT9pD.jpg\" alt=\"Die Lage in Berg am Laim im September 2024: Nach einem Wasserschaden im Juni schritten die Arbeiten nur langsam voran.\" title=\"Die Lage in Berg am Laim im September 2024: Nach einem Wasserschaden im Juni schritten die Arbeiten nur langsam voran.\" width=\"609\" height=\"457\"\/><\/p>\n<p>      Die Lage in Berg am Laim im September 2024: Nach einem Wasserschaden im Juni schritten die Arbeiten nur langsam voran.<br \/>\n      \u00a9 Stadtteilbibliothek Berg am Laim\/Facebook<\/p>\n<p>    Die Lage in Berg am Laim im September 2024: Nach einem Wasserschaden im Juni schritten die Arbeiten nur langsam voran.<\/p>\n<p>von Stadtteilbibliothek Berg am Laim\/Facebook <\/p>\n<p>&#8222;}&#8220;&gt; <\/p>\n<p>Doch wirklich sehr lange hatten das dortige Personal sowie die Besucherinnen und Besucher keine Freude an der wiederer\u00f6ffneten Bibliothek. Am 26. Januar 2026 wurde im Erdgeschoss ein erneuter Wasserschaden im Publikumsbereich festgestellt. Bei der damaligen Schadensaufnahme fand man Defekte an der geb\u00e4udetechnischen Infrastruktur, insbesondere im Bereich der Abwasserleitungen sowie angrenzender Leitungssysteme im Geb\u00e4ude.<\/p>\n<p>Zwei Wassersch\u00e4den binnen drei Monaten<\/p>\n<p>Erneut musste die Stadtbibliothek schlie\u00dfen. Und als ob das nicht schon genug w\u00e4re, gab es dann nur drei Monate sp\u00e4ter, am 28. April im Bildungslokal nebenan einen Wasserschaden, der sich auch auf die benachbarten Bibliotheksr\u00e4ume auswirkte.<\/p>\n<p>Seit sieben Monaten sind die Bibliotheksr\u00e4ume in Berg am Laim nun schon geschlossen, ein Termin f\u00fcr die Wiederer\u00f6ffnung ist derzeit noch nicht in Sicht. &#8222;Aufgrund eines Wasserschadens bleibt die Stadtbibliothek Berg am Laim bis auf Weiteres geschlossen&#8220;, ist seit Monaten auf der Webpage der Bibliothek zu lesen. Und auch bei Google wird die Bibliothek derzeit als vor\u00fcbergehend geschlossen angezeigt.<\/p>\n<p>     <img decoding=\"async\" loading=\"lazy\" src=\"https:\/\/www.europesays.com\/de\/wp-content\/uploads\/2026\/08\/1724743_bibliothek-berg-am-laim_artikelbild-75proz_1GtqGA_bBtUjP.jpg\" alt=\"&quot;Vor\u00fcbergehend geschlossen&quot; ist bei Google zu lesen, wenn man die Stadtbibliothek in Berg am Laim sucht.\" title=\"&quot;Vor\u00fcbergehend geschlossen&quot; ist bei Google zu lesen, wenn man die Stadtbibliothek in Berg am Laim sucht.\" width=\"422\" height=\"386\"\/><\/p>\n<p>      &#8222;Vor\u00fcbergehend geschlossen&#8220; ist bei Google zu lesen, wenn man die Stadtbibliothek in Berg am Laim sucht.<br \/>\n      \u00a9 Screenshot: Google<\/p>\n<p>    &#8222;Vor\u00fcbergehend geschlossen&#8220; ist bei Google zu lesen, wenn man die Stadtbibliothek in Berg am Laim sucht.<\/p>\n<p>von Screenshot: Google <\/p>\n<p>&#8222;}&#8220;&gt; <\/p>\n<p>&#8222;Uns ist klar, dass die Stadtbibliothek f\u00fcr viele sehr wichtig ist, und wir hoffen, dass wir bald wieder unsere Bibliothek \u00f6ffnen k\u00f6nnen. F\u00fcr eine Interimsl\u00f6sung im Stadtteil Berg am Laim (z. B. in Form eines B\u00fccherbusses oder einer Mini-Bibliothek in einem Container wie z. B. am Standort Freimann) haben wir leider keine Kapazit\u00e4t&#8220;, hei\u00dft es in einer Mitteilung der Stadtbibliothek.<\/p>\n<p>Suche nach neuen R\u00e4umlichkeiten: CSU stellt Antrag im Bezirksausschuss<\/p>\n<p>\u00dcber zw\u00f6lf Monate war die Einrichtung in den letzten zwei Jahren geschlossen. F\u00fcr die M\u00fcnchner <a href=\"https:\/\/www.abendzeitung-muenchen.de\/organisation\/csu\/\" rel=\"nofollow noopener\" target=\"_blank\">CSU<\/a> ein Unding. Im Juli stellte die Partei im Bezirksausschuss einen Antrag an das Bildungsreferat. Darin wird gefordert, den Bezirksausschuss dar\u00fcber zu informieren, wie der Zeitplan f\u00fcr die Wiederer\u00f6ffnung der Bibliothek aussehe.<\/p>\n<p>Sollte eine Wieder\u00f6ffnung zeitnah nicht m\u00f6glich sein, soll das Bildungsreferat geeignete Interimsr\u00e4ume sowohl f\u00fcr die Bibliothek als auch das Bildungslokal zur Verf\u00fcgung stellen. Zudem soll auf Dauer ein neuer Standort f\u00fcr die Stadtbibliothek in Berg am Laim gefunden und bereitgestellt werden.<\/p>\n<p>Die CSU begr\u00fcndet ihren Antrag damit, dass die B\u00fcrgerinnen und B\u00fcrger in Berg am Laim aufgrund der wiederkehrenden Schlie\u00dfungen \u00fcber einen l\u00e4ngeren Zeitraum auf zwei wesentliche Bildungs- und Kultureinrichtungen verzichten m\u00fcssen. Der Stadtteil weise eine vielf\u00e4ltige soziale Struktur auf, in der Chancengleichheit und Bildungszugang eine besondere Bedeutung haben. Daher bestehe in Berg am Laim ein besonderer Bedarf an niedrigschwelligen Bildungs-, Beratungs- und Kulturangeboten.<\/p>\n","protected":false},"excerpt":{"rendered":"Es ist fast so, als l\u00e4ge auf der Stadtbibliothek in Berg am Laim ein Fluch. Binnen zwei Jahren&hellip;\n","protected":false},"author":2,"featured_media":1224051,"comment_status":"","ping_status":"","sticky":false,"template":"","format":"standard","meta":{"footnotes":"","_share_on_mastodon":"0"},"categories":[1827],"tags":[10339,772,6535,3196,774,29,30,1268,7389,4947,26314],"class_list":["post-1224050","post","type-post","status-publish","format-standard","has-post-thumbnail","category-muenchen","tag-antrag","tag-bayern","tag-berg-am-laim","tag-bezirksausschuss","tag-csu","tag-deutschland","tag-germany","tag-muenchen","tag-schliessung","tag-stadtbibliothek","tag-wasserschaden"],"share_on_mastodon":{"url":"https:\/\/pubeurope.com\/@de\/117060071570495552","error":""},"_links":{"self":[{"href":"https:\/\/www.europesays.com\/de\/wp-json\/wp\/v2\/posts\/1224050","targetHints":{"allow":["GET"]}}],"collection":[{"href":"https:\/\/www.europesays.com\/de\/wp-json\/wp\/v2\/posts"}],"about":[{"href":"https:\/\/www.europesays.com\/de\/wp-json\/wp\/v2\/types\/post"}],"author":[{"embeddable":true,"href":"https:\/\/www.europesays.com\/de\/wp-json\/wp\/v2\/users\/2"}],"replies":[{"embeddable":true,"href":"https:\/\/www.europesays.com\/de\/wp-json\/wp\/v2\/comments?post=1224050"}],"version-history":[{"count":0,"href":"https:\/\/www.europesays.com\/de\/wp-json\/wp\/v2\/posts\/1224050\/revisions"}],"wp:featuredmedia":[{"embeddable":true,"href":"https:\/\/www.europesays.com\/de\/wp-json\/wp\/v2\/media\/1224051"}],"wp:attachment":[{"href":"https:\/\/www.europesays.com\/de\/wp-json\/wp\/v2\/media?parent=1224050"}],"wp:term":[{"taxonomy":"category","embeddable":true,"href":"https:\/\/www.europesays.com\/de\/wp-json\/wp\/v2\/categories?post=1224050"},{"taxonomy":"post_tag","embeddable":true,"href":"https:\/\/www.europesays.com\/de\/wp-json\/wp\/v2\/tags?post=1224050"}],"curies":[{"name":"wp","href":"https:\/\/api.w.org\/{rel}","templated":true}]}}