{"id":1224086,"date":"2026-08-08T13:36:27","date_gmt":"2026-08-08T13:36:27","guid":{"rendered":"https:\/\/www.europesays.com\/de\/1224086\/"},"modified":"2026-08-08T13:36:27","modified_gmt":"2026-08-08T13:36:27","slug":"angesagter-sommerdrink-wie-die-biernation-sich-zur-aperolrepublik-entwickelt","status":"publish","type":"post","link":"https:\/\/www.europesays.com\/de\/1224086\/","title":{"rendered":"Angesagter Sommerdrink: Wie die Biernation sich zur Aperolrepublik entwickelt"},"content":{"rendered":"<p>Angesagter SommerdrinkWie die Biernation sich zur Aperolrepublik entwickelt<\/p>\n<p>08.08.2026, 10:40 Uhr <\/p>\n<p>Artikel anh\u00f6ren(06:05 min)<\/p>\n<p><img decoding=\"async\" class=\"Image_img__fQCi0 Image_Img_16_9__4BLfH widget-picture-inline_maximizable__t_E7h\" loading=\"eager\" fetchpriority=\"high\" src=\"https:\/\/www.europesays.com\/de\/wp-content\/uploads\/2026\/08\/PRODUKTION-01-07-2023-Berlin-In-einer-Bar-stossen-zwei-Besucher-mit-einem-Glas-alkoholfreiem-Bier-un.webp\" alt=\"PRODUKTION-01-07-2023-Berlin-In-einer-Bar-stossen-zwei-Besucher-mit-einem-Glas-alkoholfreiem-Bier-und-einem-Glas-Aperol-Spritz-an\"\/>Aperol Spritz l\u00f6st immer h\u00e4ufiger das Bier ab. (Foto: Christophe Gateau\/dpa)TeilenFolgen auf:<a href=\"https:\/\/www.whatsapp.com\/channel\/0029Va5cdVJD8SDp5YZgYF01\" title=\"Auf WhatsApp folgen\" target=\"_blank\" rel=\"nofollow noopener\"><img decoding=\"async\" src=\"https:\/\/www.n-tv.de\/socialIcons\/whatsapp.svg\" alt=\"whatsapp\" class=\"ArticleShare_icon__FsrC2\"\/><\/a><a href=\"https:\/\/www.google.com\/preferences\/source?q=n-tv.de\" title=\"ntv als bevorzugte Quelle auf Google hinzuf\u00fcgen\" target=\"_blank\" rel=\"nofollow noopener\"><img decoding=\"async\" src=\"https:\/\/www.n-tv.de\/socialIcons\/google.svg\" alt=\"whatsapp\" class=\"ArticleShare_icon__FsrC2\"\/><\/a><\/p>\n<p class=\"Typography_text-m__XI0da Typography_weight-bold__uT6mq storyline_lead_text_leadtext__q_wg8\">Manche kriegen schon beim Anblick Kopfweh, andere nie genug davon. Die Rede ist von Aperol Spritz, einem Trendgetr\u00e4nk seit Jahren &#8211; mit eigenen Songs und vielen Fans. Wie konnte es so weit kommen?<\/p>\n<p class=\"Typography_text-default__P3otY Typography_weight-normal__pqUbH storyline_paragraph_p__qSR5N\">Es gibt diese Momente, in denen Menschen ganz bei sich zu sein scheinen. Das gilt auch f\u00fcr Gruppen. Etwa f\u00fcr das &#8222;ZDF Fernsehgarten&#8220;-Publikum auf dem Mainzer Freigel\u00e4nde. Das schien schon einige Male f\u00fcr ein paar Minuten in einem Zustand vollkommener Gl\u00fcckseligkeit zu sein. Grund war ein orange-rotes Kultgetr\u00e4nk: Aperol Spritz.<\/p>\n<p class=\"Typography_text-default__P3otY Typography_weight-normal__pqUbH storyline_paragraph_p__qSR5N\">Mit Polonaisen feierten Hunderte Fernsehgarten-G\u00e4ste zusammen mit Kiwi &#8211; der Moderatorin Andrea Kiewel &#8211; und dem Schweizer Schlagers\u00e4nger Vincent Gross bei mehreren Gelegenheiten ein Lied \u00fcber den bitters\u00fc\u00dfen Drink: &#8222;Ich trink&#8216; heut, das ist kein Witz &#8211; Aperol, Aperol, Aperol Spritz&#8220;.<\/p>\n<p class=\"Typography_text-default__P3otY Typography_weight-normal__pqUbH storyline_paragraph_p__qSR5N\">Der sommerliche Partysong wurde im Mai 2024 ver\u00f6ffentlicht. Sp\u00e4testens seitdem ist der fr\u00f6hlich besungene Longdrink, der mit seiner leuchtenden Farbe sehr Instagram-tauglich ist, im deutschsprachigen Raum Kult. Welches Getr\u00e4nk hat schon einen eigenen Song? Okay, &#8222;Eisgek\u00fchlter Bommerlunder&#8220;. Und &#8222;Griechischer Wein&#8220;. Und &#8222;Wildberry Lillet&#8220;. Aber sonst?<\/p>\n<p class=\"Typography_text-default__P3otY Typography_weight-normal__pqUbH storyline_paragraph_p__qSR5N\">Die Aperol-Spritz-Welle rollt hierzulande nat\u00fcrlich schon viel l\u00e4nger als nur zwei Jahre. Eigentlich fast zwei Jahrzehnte. Der Spritz (oder auch Sprizz) stammt aus Italien. In der nord\u00f6stlichen Region Venetien war er jahrzehntelang ein popul\u00e4rer Aperitif am fr\u00fchen Abend.<\/p>\n<p class=\"Typography_text-default__P3otY Typography_weight-normal__pqUbH storyline_paragraph_p__qSR5N\">Aperol &#8211; ein Lik\u00f6r aus Rhabarber, Blutorange, Gelbem Enzian, Chinarinde, Kr\u00e4utern, Zucker und Farbstoff &#8211; wurde 1919 von zwei Br\u00fcdern in Padua erfunden. Er hatte seitdem eine bewegte Geschichte bis hin zum Verkauf an die Campari Group mit Sitz in Mailand.<\/p>\n<p class=\"Typography_text-default__P3otY Typography_weight-normal__pqUbH storyline_paragraph_p__qSR5N\">Der Konzern setzte seit dem Zukauf im Jahr 2003 in seiner globalen Marketingstrategie vollends auf Spritz. Das Rezept: Wei\u00dfwein oder Prosecco auf Eis, der farbgebende Aperol-Lik\u00f6r (von dem es inzwischen einige Imitate gibt und auch alkoholfreie Varianten), ein bisschen Soda, ein St\u00fcckchen Orangenschale.<\/p>\n<p>Erinnert sich noch jemand an &#8222;Hugo&#8220;?<\/p>\n<p class=\"Typography_text-default__P3otY Typography_weight-normal__pqUbH storyline_paragraph_p__qSR5N\">Ab etwa 2006 brachten Deutsche diesen Drink mit aus dem Italien-Urlaub. Von M\u00fcnchen aus, der ja im Klischee eh &#8222;n\u00f6rdlichsten Stadt Italiens&#8220;, breitete sich der Aper\u00f6lchen-Trend \u00fcber die ganze Republik aus &#8211; bis ins hinterste Kaff. Der fl\u00e4chendeckende Durchbruch in Handel und Gastronomie erfolgte so etwa ab dem Jahr 2010.<\/p>\n<p class=\"Typography_text-default__P3otY Typography_weight-normal__pqUbH storyline_paragraph_p__qSR5N\">Kulturgut mit eigenen Liedern &#8211; man denke etwa auch an den Song &#8222;Aperol im Glas&#8220; von Lea und 01099 aus dem Jahr 2023 &#8211; wurde der Aperol Spritz dann gut ein Jahrzehnt sp\u00e4ter. Wer das Aperol-Lied von Vincent Gross einmal geh\u00f6rt hat, bekommt es nie mehr aus dem Kopf: &#8222;Kein&#8217;n Gl\u00fchwein und kein&#8217;n Hugo und auch keinen Ouzo&#8220;. Hugo, was war denn das noch einmal? Das war vor zw\u00f6lf Jahren noch der beliebteste Sommerdrink in Deutschland. Zumindest kam eine YouGov-Umfrage, bei der 25 Sommercocktails abgefragt wurden, zu diesem Ergebnis.<\/p>\n<p class=\"Typography_text-default__P3otY Typography_weight-normal__pqUbH storyline_paragraph_p__qSR5N\">&#8222;Welches alkoholische Kaltgetr\u00e4nk trinken Sie an einem hei\u00dfen Sommertag gerne?&#8220;, lautete die Frage 2014. Auf der Beliebtheitsskala landete daraufhin der Hugo ganz vorn &#8211; Prosecco, Holunderbl\u00fcten-Sirup, Minze, Mineralwasser. Mit Abstand folgten Caipirinha, Pi\u00f1a Colada, Sex on the Beach, Gin Tonic, Mojito, Cuba Libre. Der Aperol Spritz erreichte damals nur Platz drei.<\/p>\n<p class=\"Typography_text-default__P3otY Typography_weight-normal__pqUbH storyline_paragraph_p__qSR5N\">Und wie ist das heute? Gut ein Drittel der Erwachsenen sagt im Sommer 2026, gerne Aperol Spritz zu trinken. Auff\u00e4llig: Bei Frauen sind es 37 Prozent, bei M\u00e4nnern nur 30 Prozent. 17 Prozent der Frauen sagen sogar, den Drink &#8222;zu allen Jahreszeiten&#8220; gerne zu konsumieren, 20 Prozent finden ihn &#8222;nur in warmen Jahreszeiten&#8220; richtig gut.<\/p>\n<p class=\"Typography_text-default__P3otY Typography_weight-normal__pqUbH storyline_paragraph_p__qSR5N\">Marketing-Strategen der Campari Group haben herausgefunden, dass viele Fans des Drinks vom Bier, das in Deutschland immer unbeliebter wird (wenn auch auf hohem Niveau), zum Aperol Spritz hin\u00fcbergleiten. Der Drink hat einen echten Buzz, der nicht enden zu wollen scheint, und gilt schon lange nicht mehr nur als Aperitif, sondern als Getr\u00e4nk zu vielen Gelegenheiten.<\/p>\n<p>&#8222;Ausnahmslos Aperol Spritz&#8220;<\/p>\n<p class=\"Typography_text-default__P3otY Typography_weight-normal__pqUbH storyline_paragraph_p__qSR5N\">Ein treuer Fan ist auch Soap-Star Ania Niedieck (&#8222;Alles was z\u00e4hlt&#8220;): &#8222;Wenn ich mir abseits von Wasser oder Softdrinks ein alkoholisches Getr\u00e4nk bestelle, dann gibt es f\u00fcr mich keine Experimente: Ich nehme da ausnahmslos Aperol Spritz.&#8220;<\/p>\n<p class=\"Typography_text-default__P3otY Typography_weight-normal__pqUbH storyline_paragraph_p__qSR5N\">Sie trinke ansonsten &#8222;fast \u00fcberhaupt keinen Alkohol&#8220;, schlicht und ergreifend, weil ihr die ganzen anderen Sachen alle \u00fcberhaupt nicht schmeckten, sagt die 42-J\u00e4hrige. Sie m\u00f6ge keinen Wei\u00dfwein, r\u00fchre keinen Champagner an und auch klassische Longdrinks seien nicht ihr Ding.<\/p>\n<p class=\"Typography_text-default__P3otY Typography_weight-normal__pqUbH storyline_paragraph_p__qSR5N\">&#8222;Bier trinke ich im Grunde nur ein einziges Mal im ganzen Jahr, und zwar aus reinem Pflichtbewusstsein an Karneval&#8220;, sagt die Schauspielerin in K\u00f6ln. &#8222;Ich habe jahrelang gar keinen Alkohol anger\u00fchrt, bis ich vor drei Jahren das erste Mal einen Aperol probiert habe und mir dachte: &#8218;Mensch, das ist ja mal richtig lecker!&#8216; Seitdem trinke ich wirklich nichts anderes mehr.&#8220;<\/p>\n<p class=\"Typography_text-s__wu_cm Typography_weight-normal__pqUbH Typography_color-darkgrey__sZEnP article-detail-footer_source__KslPc\">Quelle: ntv.de, Gregor Tholl und Jonas-Erik Schmidt, dpa<\/p>\n","protected":false},"excerpt":{"rendered":"Angesagter SommerdrinkWie die Biernation sich zur Aperolrepublik entwickelt 08.08.2026, 10:40 Uhr Artikel anh\u00f6ren(06:05 min) Aperol Spritz l\u00f6st immer&hellip;\n","protected":false},"author":2,"featured_media":1224087,"comment_status":"","ping_status":"","sticky":false,"template":"","format":"standard","meta":{"footnotes":"","_share_on_mastodon":"0"},"categories":[134],"tags":[6789,2326,175,170,169,29,30,984,702,171,174,2241,173,172],"class_list":["post-1224086","post","type-post","status-publish","format-standard","has-post-thumbnail","category-unternehmen-maerkte","tag-alkohol","tag-bier","tag-business","tag-companies","tag-companies-markets","tag-deutschland","tag-germany","tag-international","tag-lebensmittel","tag-markets","tag-maerkte","tag-trends","tag-unternehmen","tag-unternehmen-maerkte"],"share_on_mastodon":{"url":"https:\/\/pubeurope.com\/@de\/117060161936937386","error":""},"_links":{"self":[{"href":"https:\/\/www.europesays.com\/de\/wp-json\/wp\/v2\/posts\/1224086","targetHints":{"allow":["GET"]}}],"collection":[{"href":"https:\/\/www.europesays.com\/de\/wp-json\/wp\/v2\/posts"}],"about":[{"href":"https:\/\/www.europesays.com\/de\/wp-json\/wp\/v2\/types\/post"}],"author":[{"embeddable":true,"href":"https:\/\/www.europesays.com\/de\/wp-json\/wp\/v2\/users\/2"}],"replies":[{"embeddable":true,"href":"https:\/\/www.europesays.com\/de\/wp-json\/wp\/v2\/comments?post=1224086"}],"version-history":[{"count":0,"href":"https:\/\/www.europesays.com\/de\/wp-json\/wp\/v2\/posts\/1224086\/revisions"}],"wp:featuredmedia":[{"embeddable":true,"href":"https:\/\/www.europesays.com\/de\/wp-json\/wp\/v2\/media\/1224087"}],"wp:attachment":[{"href":"https:\/\/www.europesays.com\/de\/wp-json\/wp\/v2\/media?parent=1224086"}],"wp:term":[{"taxonomy":"category","embeddable":true,"href":"https:\/\/www.europesays.com\/de\/wp-json\/wp\/v2\/categories?post=1224086"},{"taxonomy":"post_tag","embeddable":true,"href":"https:\/\/www.europesays.com\/de\/wp-json\/wp\/v2\/tags?post=1224086"}],"curies":[{"name":"wp","href":"https:\/\/api.w.org\/{rel}","templated":true}]}}